{"id":54601,"date":"2026-09-02T09:25:00","date_gmt":"2026-09-02T07:25:00","guid":{"rendered":"https:\/\/www.dinamicagenerale.com\/?p=54601"},"modified":"2026-08-27T09:52:50","modified_gmt":"2026-08-27T07:52:50","slug":"eylul-2026da-dinamica-generale-ile-nerede-bulusulur","status":"publish","type":"post","link":"https:\/\/www.dinamicagenerale.com\/tr\/eylul-2026da-dinamica-generale-ile-nerede-bulusulur\/","title":{"rendered":"Eyl\u00fcl 2026\u2019da Dinamica Generale ile nerede bulu\u015fulur?"},"content":{"rendered":"\n<p class=\"wp-block-paragraph\">Eyl\u00fcl 2026\u2019da d\u00fczenlenecek Dinamica Generale etkinlikleri, ekibimizi Avrupa\u2019dan Kuzey Amerika\u2019ya g\u00f6t\u00fcrecek ve tar\u0131m ile hayvanc\u0131l\u0131k sekt\u00f6rlerinde d\u00f6rt \u00f6nemli etkinlik ger\u00e7ekle\u015ftirilecek.  <\/p>\n\n<p class=\"wp-block-paragraph\">Bu etkinlikler, hayvanc\u0131l\u0131k, tar\u0131m makineleri ve hassas tar\u0131m konular\u0131na odaklanacakt\u0131r. Ayr\u0131ca, ekibimizle tan\u0131\u015fmak ve en son teknolojilerimizi ke\u015ffetmek i\u00e7in harika bir f\u0131rsat sunacakt\u0131r. <\/p>\n\n<p class=\"wp-block-paragraph\">Valensiya\u2019dan Rennes\u2019e, Bednary\u2019den Madison\u2019a: Dinamica Generale ile bu Eyl\u00fcl ay\u0131nda bu etkinliklerde kar\u015f\u0131la\u015fabilirsiniz.<\/p>\n\n<h2 class=\"wp-block-heading\">ECPLF 2026 &#8211; Valensiya, \u0130spanya<\/h2>\n\n<p class=\"wp-block-paragraph\">Eyl\u00fcl ay\u0131ndaki yolculu\u011fumuz, Valensiya\u2019da d\u00fczenlenecek olan Avrupa Hassas Hayvanc\u0131l\u0131k Konferans\u0131 \u2013 ECPLF 2026 ile ba\u015fl\u0131yor.<\/p>\n\n<p class=\"wp-block-paragraph\">Etkinlik, ara\u015ft\u0131rmac\u0131lar\u0131, teknoloji sa\u011flay\u0131c\u0131lar\u0131n\u0131 ve hayvanc\u0131l\u0131k uzmanlar\u0131n\u0131 bir araya getiriyor. Kat\u0131l\u0131mc\u0131lar, Hassas Hayvanc\u0131l\u0131k alan\u0131ndaki en son geli\u015fmeleri birlikte ele alacaklar. <\/p>\n\n<p class=\"wp-block-paragraph\">Dinamica Generale, hassas yemleme, NIR analizi ve dijital yemleme y\u00f6netimi alanlar\u0131ndaki deneyimlerini tan\u0131tacakt\u0131r.<\/p>\n\n<p class=\"wp-block-paragraph\">Ayr\u0131ca, 14 Eyl\u00fcl\u2019de ekibimiz ECPLF Ulusal Etkinli\u011fi\u2019ne kat\u0131lacak. Hayvanc\u0131l\u0131kta teknolojik yeniliklerin getirdi\u011fi geli\u015fmeler ve zorluklara odaklanan yuvarlak masa toplant\u0131s\u0131na kat\u0131laca\u011f\u0131z. <\/p>\n\n<p class=\"wp-block-paragraph\"><strong>Tarihler<\/strong> 14-17 Eyl\u00fcl 2026<br\/><strong>Konum:<\/strong> Universitat Polit\u00e8cnica de Val\u00e8ncia. Oditoryum &#8211; Nexus Binas\u0131 (UPV) <br\/><strong>Etkinlikler web sitesi:<\/strong> <a type=\"link\" href=\"https:\/\/www.ecplf2026.com\/\" id=\"https:\/\/www.ecplf2026.com\/\" target=\"_blank\" rel=\"noreferrer noopener\">ECPLF 2026<\/a><br\/><strong>Stand\u0131m\u0131z:<\/strong> 2<\/p>\n\n<p class=\"wp-block-paragraph\"><strong><a href=\"https:\/\/www.dinamicagenerale.com\/tr\/event\/ecplf-2026-hassas-hayvancilik-cozumlerimizi-kesfedin-dinamica-generale\/\" data-type=\"link\" data-id=\"https:\/\/www.dinamicagenerale.com\/event\/ecplf-2026-discover-our-precision-livestock-farming-solutions-dinamica-generale\/\" target=\"_blank\" rel=\"noreferrer noopener\">ECPLF 2026\u2019y\u0131 Ke\u015ffedin<\/a><\/strong><\/p>\n\n<div class=\"wp-block-columns is-layout-flex wp-container-core-columns-is-layout-8f761849 wp-block-columns-is-layout-flex\">\n<div class=\"wp-block-column is-layout-flow wp-block-column-is-layout-flow\">\n<figure class=\"wp-block-image size-full\"><img loading=\"lazy\" decoding=\"async\" width=\"740\" height=\"380\" src=\"https:\/\/www.dinamicagenerale.com\/wp-content\/uploads\/2026\/03\/BATA-AGRO-2026-portable-nir-analyzer-dinamica-generale.png\" alt=\"\" class=\"wp-image-44097\" srcset=\"https:\/\/www.dinamicagenerale.com\/wp-content\/uploads\/2026\/03\/BATA-AGRO-2026-portable-nir-analyzer-dinamica-generale.png 740w, https:\/\/www.dinamicagenerale.com\/wp-content\/uploads\/2026\/03\/BATA-AGRO-2026-portable-nir-analyzer-dinamica-generale-300x154.png 300w\" sizes=\"auto, (max-width: 740px) 100vw, 740px\" \/><\/figure>\n<\/div>\n\n\n\n<div class=\"wp-block-column is-layout-flow wp-block-column-is-layout-flow\">\n<figure class=\"wp-block-image size-full\"><img decoding=\"async\" src=\"https:\/\/www.dinamicagenerale.com\/wp-content\/uploads\/2026\/03\/BATA-AGRO-2026-DTM-&#x2013;-Digital-Feeding-Management-dinamica-generale.png\" alt=\"\" class=\"wp-image-44107\"\/><\/figure>\n<\/div>\n<\/div>\n\n<h2 class=\"wp-block-heading\">SPACE 2026 &#8211; Rennes, Fransa<\/h2>\n\n<p class=\"wp-block-paragraph\">Bu arada, ekibimiz de SPACE 2026 etkinli\u011fi i\u00e7in Rennes\u2019te olacak.<\/p>\n\n<p class=\"wp-block-paragraph\">Bu etkinlik, hayvanc\u0131l\u0131k sekt\u00f6r\u00fcn\u00fcn en \u00f6nemli uluslararas\u0131 bulu\u015fma noktalar\u0131ndan biridir. Bu nedenle, farkl\u0131 pazarlardan gelen \u00e7ift\u00e7iler, sekt\u00f6r profesyonelleri ve teknoloji sa\u011flay\u0131c\u0131lar\u0131yla tan\u0131\u015fmak i\u00e7in \u00f6nemli bir f\u0131rsatt\u0131r. <\/p>\n\n<p class=\"wp-block-paragraph\">SPACE fuar\u0131nda Dinamica Generale, besleme i\u015flemlerini daha hassas, \u00f6l\u00e7\u00fclebilir ve birbirine ba\u011fl\u0131 hale getirmek \u00fczere tasarlanm\u0131\u015f \u00e7\u00f6z\u00fcmlerini sergileyecek.<\/p>\n\n<p class=\"wp-block-paragraph\">Ziyaret\u00e7iler, hassas yemleme, ta\u015f\u0131nabilir NIR analizi ve DTM ile dijital yemleme y\u00f6netimi alanlar\u0131ndaki teknolojilerimizi ke\u015ffedebilecekler.<\/p>\n\n<p class=\"wp-block-paragraph\"><strong>Tarihler:<\/strong> 15 \u2013 17 Eyl\u00fcl 2026<br\/><strong>Yer:<\/strong> Rennes, Fransa<br\/><strong>Stand:<\/strong> Salon 2\/3 \u2013 Stand C42<br\/><strong>Saatler:<\/strong> 09.00 \u2013 19.00<br\/><strong>Web sitesi:<\/strong> <a href=\"https:\/\/www.space.fr\/en\">SPACE 2026<\/a><\/p>\n\n<p class=\"wp-block-paragraph\"><strong><a href=\"https:\/\/www.dinamicagenerale.com\/tr\/event\/space-2026-hassas-besleme-ve-nir-teknolojileri-dinamica-generale\/\" data-type=\"link\" data-id=\"https:\/\/www.dinamicagenerale.com\/event\/space-2026-precision-feeding-nir-technologies-dinamica-generale\/\" target=\"_blank\" rel=\"noreferrer noopener\">SPACE 2026&#8217;da bizimle bulu\u015fun<\/a><\/strong><\/p>\n\n<h2 class=\"wp-block-heading\">AGRO SHOW 2026 &#8211; Bednary, Polonya<\/h2>\n\n<p class=\"wp-block-paragraph\">Dinamica Generale, bundan sonra Polonya\u2019n\u0131n Bednary kentinde d\u00fczenlenecek AGRO SHOW 2026 fuar\u0131 i\u00e7in oraya gidecek.<\/p>\n\n<p class=\"wp-block-paragraph\">Bu etkinlik, Orta ve Do\u011fu Avrupa\u2019da tar\u0131m makineleri sekt\u00f6r\u00fcn\u00fcn en \u00f6nemli bulu\u015fma noktas\u0131d\u0131r. Burada, tar\u0131m makinelerine do\u011frudan daha fazla hassasiyet kazand\u0131ran teknolojilere odaklanaca\u011f\u0131z. <\/p>\n\n<p class=\"wp-block-paragraph\">Ziyaret\u00e7iler, \u00f6zellikle tart\u0131m, NIR analizi, hassas tar\u0131m ve dijital veri y\u00f6netimi alanlar\u0131ndaki \u00e7\u00f6z\u00fcmlerimizi ke\u015ffedecekler.<\/p>\n\n<p class=\"wp-block-paragraph\">Bu teknolojiler, operat\u00f6rlerin saha \u00e7al\u0131\u015fmalar\u0131 s\u0131ras\u0131nda do\u011frudan yararl\u0131 bilgiler toplamas\u0131na yard\u0131mc\u0131 olur. Sonu\u00e7 olarak, kontrol, verimlilik ve izlenebilirli\u011fi art\u0131rabilirler. <\/p>\n\n<p class=\"wp-block-paragraph\"><strong>Tarihler:<\/strong> 18 \u2013 20 Eyl\u00fcl 2026<br\/><strong>Yer:<\/strong> Bednary, Polonya<br\/><strong>Stand:<\/strong> BIOMIX Stand\u0131 \u2013 No. 36, B Sekt\u00f6r\u00fc<br\/><strong>Saatler:<\/strong> 09.00 \u2013 19.00<br\/><strong>Web sitesi:<\/strong> <a href=\"https:\/\/agroshow.pl\/agroshow\/en\" target=\"_blank\" rel=\"noreferrer noopener\">AGRO SHOW<\/a><\/p>\n\n<p class=\"wp-block-paragraph\"><strong><a href=\"https:\/\/www.dinamicagenerale.com\/tr\/event\/agro-show-2026-hassas-besleme-ve-mikser-uzerinde-nir-cozumleri-dinamica-generale\/\" data-type=\"link\" data-id=\"https:\/\/www.dinamicagenerale.com\/event\/agro-show-2026-precision-feeding-on-mixer-nir-solutions-dinamica-generale\/\" target=\"_blank\" rel=\"noreferrer noopener\">AGRO SHOW 2026&#8217;y\u0131 ke\u015ffedin<\/a><\/strong><\/p>\n\n<div class=\"wp-block-columns is-layout-flex wp-container-core-columns-is-layout-8f761849 wp-block-columns-is-layout-flex\">\n<div class=\"wp-block-column is-layout-flow wp-block-column-is-layout-flow\">\n<figure class=\"wp-block-image size-full\"><img loading=\"lazy\" decoding=\"async\" width=\"740\" height=\"380\" src=\"https:\/\/www.dinamicagenerale.com\/wp-content\/uploads\/2026\/03\/space-2026-precision-feeding-reliable-weighing-systems-dinamica-generale.png\" alt=\"\" class=\"wp-image-43017\" srcset=\"https:\/\/www.dinamicagenerale.com\/wp-content\/uploads\/2026\/03\/space-2026-precision-feeding-reliable-weighing-systems-dinamica-generale.png 740w, https:\/\/www.dinamicagenerale.com\/wp-content\/uploads\/2026\/03\/space-2026-precision-feeding-reliable-weighing-systems-dinamica-generale-300x154.png 300w\" sizes=\"auto, (max-width: 740px) 100vw, 740px\" \/><\/figure>\n<\/div>\n\n\n\n<div class=\"wp-block-column is-layout-flow wp-block-column-is-layout-flow\">\n<figure class=\"wp-block-image size-full\"><img loading=\"lazy\" decoding=\"async\" width=\"740\" height=\"380\" src=\"https:\/\/www.dinamicagenerale.com\/wp-content\/uploads\/2026\/03\/space-2026-precision-feeding-nir-on-tank-dinamica-generale.png\" alt=\"\" class=\"wp-image-42996\" srcset=\"https:\/\/www.dinamicagenerale.com\/wp-content\/uploads\/2026\/03\/space-2026-precision-feeding-nir-on-tank-dinamica-generale.png 740w, https:\/\/www.dinamicagenerale.com\/wp-content\/uploads\/2026\/03\/space-2026-precision-feeding-nir-on-tank-dinamica-generale-300x154.png 300w\" sizes=\"auto, (max-width: 740px) 100vw, 740px\" \/><\/figure>\n<\/div>\n<\/div>\n\n<h2 class=\"wp-block-heading\">2026 D\u00fcnya S\u00fct \u00dcr\u00fcnleri Fuar\u0131 &#8211; Madison, Wisconsin, ABD<\/h2>\n\n<p class=\"wp-block-paragraph\">Son olarak, Eyl\u00fcl ay\u0131nda Dinamica Generale Atlantik\u2019i ge\u00e7ecek.<\/p>\n\n<p class=\"wp-block-paragraph\">Ekibimiz, 2026 D\u00fcnya S\u00fct \u00dcr\u00fcnleri Fuar\u0131 (World Dairy Expo 2026) i\u00e7in Wisconsin eyaletinin Madison kentinde olacak. Bu etkinlik, s\u00fct \u00fcr\u00fcnleri sekt\u00f6r\u00fc i\u00e7in en \u00f6nemli uluslararas\u0131 bulu\u015fma noktalar\u0131ndan biridir. <\/p>\n\n<p class=\"wp-block-paragraph\">D\u00fcnyan\u0131n d\u00f6rt bir yan\u0131ndan \u00e7ift\u00e7ileri, hayvan besleme uzmanlar\u0131n\u0131, bayileri, OEM\u2019leri ve s\u00fct \u00fcr\u00fcnleri sekt\u00f6r\u00fcnden profesyonelleri bir araya getiriyor.<\/p>\n\n<p class=\"wp-block-paragraph\">World Dairy Expo fuar\u0131nda Dinamica Generale, hassas yemleme ve s\u00fct \u00e7iftli\u011fi y\u00f6netimi alan\u0131ndaki \u00e7\u00f6z\u00fcmlerini tan\u0131tacak.<\/p>\n\n<p class=\"wp-block-paragraph\">Teknolojilerimiz, tart\u0131m sistemleri, NIR analizi ve dijital ara\u00e7lar\u0131 bir araya getirir. Bu sayede \u00e7iftlikler, yemleme tutarl\u0131l\u0131\u011f\u0131n\u0131 art\u0131rabilir, performans\u0131 izleyebilir ve verilerinden daha iyi yararlanabilir. <\/p>\n\n<p class=\"wp-block-paragraph\"><strong>Tarihler:<\/strong> 29 Eyl\u00fcl \u2013 2 Ekim 2026<br\/><strong>Yer:<\/strong> Madison, Wisconsin, ABD<br\/><strong>Stand:<\/strong> #2009<br\/><strong>Ziyaret Saatleri:<\/strong> 09.00 \u2013 19.00<br\/><strong>Web sitesi:<\/strong> <a href=\"https:\/\/worlddairyexpo.com\/\" target=\"_blank\" rel=\"noreferrer noopener\">World Dairy Expo<\/a><\/p>\n\n<p class=\"wp-block-paragraph\"><strong><a href=\"https:\/\/www.dinamicagenerale.com\/tr\/event\/world-dairy-expo-2026-yuksek-performansli-sut-isletmeleri-icin-hassas-yemleme-dinamica-generale\/\" data-type=\"link\" data-id=\"https:\/\/www.dinamicagenerale.com\/event\/world-dairy-expo-2026-precision-feeding-for-high-performance-dairies-dinamica-generale\/\" target=\"_blank\" rel=\"noreferrer noopener\">World Dairy Expo\u2019da bizimle bulu\u015fun<\/a><\/strong><\/p>\n\n<h3 class=\"wp-block-heading\">D\u00f6rt etkinlik. Bir ay. Tek bir hedef: tar\u0131m\u0131 daha hassas hale getirmek.  <\/h3>\n\n<p class=\"wp-block-paragraph\">Eyl\u00fcl ay\u0131nda Dinamica Generale, \u0130spanya\u2019dan Fransa, Polonya ve Amerika Birle\u015fik Devletleri\u2019ne gidecek.<\/p>\n\n<p class=\"wp-block-paragraph\">Her etkinlik, modern tar\u0131m\u0131n farkl\u0131 bir y\u00f6n\u00fcne odaklanacakt\u0131r. Ancak ama\u00e7 ayn\u0131 kalmaktad\u0131r: verimlili\u011fi art\u0131rmak ve kontrol\u00fc sa\u011flamak i\u00e7in teknoloji ve verilerden yararlanmak. <\/p>\n\n<p class=\"wp-block-paragraph\"><strong>Bu etkinliklerden birine kat\u0131lacak m\u0131s\u0131n\u0131z?<\/strong><\/p>\n\n<p class=\"wp-block-paragraph\">Dinamica Generale ekibiyle tan\u0131\u015f\u0131n ve teknolojilerimizin bir sonraki projenizi nas\u0131l destekleyebilece\u011fini ke\u015ffedin. A\u015fa\u011f\u0131daki formu doldurun! <\/p>\n","protected":false},"excerpt":{"rendered":"<p>Eyl\u00fcl 2026\u2019da d\u00fczenlenecek Dinamica Generale etkinlikleri, ekibimizi Avrupa\u2019dan Kuzey Amerika\u2019ya g\u00f6t\u00fcrecek ve tar\u0131m ile hayvanc\u0131l\u0131k sekt\u00f6rlerinde d\u00f6rt \u00f6nemli etkinlik ger\u00e7ekle\u015ftirilecek. [&hellip;]<\/p>\n","protected":false},"author":5,"featured_media":54584,"comment_status":"closed","ping_status":"closed","sticky":false,"template":"","format":"standard","meta":{"footnotes":""},"categories":[4827],"tags":[],"class_list":["post-54601","post","type-post","status-publish","format-standard","has-post-thumbnail","hentry","category-senza-categoria"],"yoast_head":"<!-- This site is optimized with the Yoast SEO plugin v28.0 - https:\/\/yoast.com\/product\/yoast-seo-wordpress\/ -->\n<title>Eyl\u00fcl 2026\u2019da Dinamica Generale ile nerede bulu\u015fulur?<\/title>\n<meta name=\"description\" content=\"Dinamica Generale ile Eyl\u00fcl 2026\u2019da nerede bulu\u015fabilece\u011finizi ke\u015ffedin: \u0130spanya\u2019daki ECPLF, Fransa\u2019daki SPACE, Polonya\u2019daki AGRO SHOW ve ABD\u2019deki World Dairy Expo.\" \/>\n<meta name=\"robots\" content=\"index, follow, max-snippet:-1, max-image-preview:large, max-video-preview:-1\" \/>\n<link rel=\"canonical\" href=\"https:\/\/www.dinamicagenerale.com\/tr\/eylul-2026da-dinamica-generale-ile-nerede-bulusulur\/\" \/>\n<meta property=\"og:locale\" content=\"tr_TR\" \/>\n<meta property=\"og:type\" content=\"article\" \/>\n<meta property=\"og:title\" content=\"Eyl\u00fcl 2026\u2019da Dinamica Generale ile nerede bulu\u015fulur?\" \/>\n<meta property=\"og:description\" content=\"Dinamica Generale ile Eyl\u00fcl 2026\u2019da nerede bulu\u015fabilece\u011finizi ke\u015ffedin: \u0130spanya\u2019daki ECPLF, Fransa\u2019daki SPACE, Polonya\u2019daki AGRO SHOW ve ABD\u2019deki World Dairy Expo.\" \/>\n<meta property=\"og:url\" content=\"https:\/\/www.dinamicagenerale.com\/tr\/eylul-2026da-dinamica-generale-ile-nerede-bulusulur\/\" \/>\n<meta property=\"og:site_name\" content=\"Dinamica Generale\" \/>\n<meta property=\"article:published_time\" content=\"2026-09-02T07:25:00+00:00\" \/>\n<meta property=\"og:image\" content=\"https:\/\/www.dinamicagenerale.com\/wp-content\/uploads\/2026\/08\/Where-to-meet-Dinamica-Generale-in-September-2026-1024x528.png\" \/>\n\t<meta property=\"og:image:width\" content=\"1024\" \/>\n\t<meta property=\"og:image:height\" content=\"528\" \/>\n\t<meta property=\"og:image:type\" content=\"image\/png\" \/>\n<meta name=\"author\" content=\"leonardoparmeggiani\" \/>\n<meta name=\"twitter:card\" content=\"summary_large_image\" \/>\n<meta name=\"twitter:label1\" content=\"Yazan:\" \/>\n\t<meta name=\"twitter:data1\" content=\"leonardoparmeggiani\" \/>\n\t<meta name=\"twitter:label2\" content=\"Tahmini okuma s\u00fcresi\" \/>\n\t<meta name=\"twitter:data2\" content=\"4 dakika\" \/>\n<script type=\"application\/ld+json\" class=\"yoast-schema-graph\">{\"@context\":\"https:\\\/\\\/schema.org\",\"@graph\":[{\"@type\":\"Article\",\"@id\":\"https:\\\/\\\/www.dinamicagenerale.com\\\/tr\\\/eylul-2026da-dinamica-generale-ile-nerede-bulusulur\\\/#article\",\"isPartOf\":{\"@id\":\"https:\\\/\\\/www.dinamicagenerale.com\\\/tr\\\/eylul-2026da-dinamica-generale-ile-nerede-bulusulur\\\/\"},\"author\":{\"name\":\"leonardoparmeggiani\",\"@id\":\"https:\\\/\\\/www.dinamicagenerale.com\\\/tr\\\/#\\\/schema\\\/person\\\/a5c006ed54fc259d80e205e87334fd4e\"},\"headline\":\"Eyl\u00fcl 2026\u2019da Dinamica Generale ile nerede bulu\u015fulur?\",\"datePublished\":\"2026-09-02T07:25:00+00:00\",\"mainEntityOfPage\":{\"@id\":\"https:\\\/\\\/www.dinamicagenerale.com\\\/tr\\\/eylul-2026da-dinamica-generale-ile-nerede-bulusulur\\\/\"},\"wordCount\":745,\"image\":{\"@id\":\"https:\\\/\\\/www.dinamicagenerale.com\\\/tr\\\/eylul-2026da-dinamica-generale-ile-nerede-bulusulur\\\/#primaryimage\"},\"thumbnailUrl\":\"https:\\\/\\\/www.dinamicagenerale.com\\\/wp-content\\\/uploads\\\/2026\\\/08\\\/Where-to-meet-Dinamica-Generale-in-September-2026.png\",\"articleSection\":[\"Senza categoria\"],\"inLanguage\":\"tr\"},{\"@type\":\"WebPage\",\"@id\":\"https:\\\/\\\/www.dinamicagenerale.com\\\/tr\\\/eylul-2026da-dinamica-generale-ile-nerede-bulusulur\\\/\",\"url\":\"https:\\\/\\\/www.dinamicagenerale.com\\\/tr\\\/eylul-2026da-dinamica-generale-ile-nerede-bulusulur\\\/\",\"name\":\"Eyl\u00fcl 2026\u2019da Dinamica Generale ile nerede bulu\u015fulur?\",\"isPartOf\":{\"@id\":\"https:\\\/\\\/www.dinamicagenerale.com\\\/tr\\\/#website\"},\"primaryImageOfPage\":{\"@id\":\"https:\\\/\\\/www.dinamicagenerale.com\\\/tr\\\/eylul-2026da-dinamica-generale-ile-nerede-bulusulur\\\/#primaryimage\"},\"image\":{\"@id\":\"https:\\\/\\\/www.dinamicagenerale.com\\\/tr\\\/eylul-2026da-dinamica-generale-ile-nerede-bulusulur\\\/#primaryimage\"},\"thumbnailUrl\":\"https:\\\/\\\/www.dinamicagenerale.com\\\/wp-content\\\/uploads\\\/2026\\\/08\\\/Where-to-meet-Dinamica-Generale-in-September-2026.png\",\"datePublished\":\"2026-09-02T07:25:00+00:00\",\"author\":{\"@id\":\"https:\\\/\\\/www.dinamicagenerale.com\\\/tr\\\/#\\\/schema\\\/person\\\/a5c006ed54fc259d80e205e87334fd4e\"},\"description\":\"Dinamica Generale ile Eyl\u00fcl 2026\u2019da nerede bulu\u015fabilece\u011finizi ke\u015ffedin: \u0130spanya\u2019daki ECPLF, Fransa\u2019daki SPACE, Polonya\u2019daki AGRO SHOW ve ABD\u2019deki World Dairy Expo.\",\"breadcrumb\":{\"@id\":\"https:\\\/\\\/www.dinamicagenerale.com\\\/tr\\\/eylul-2026da-dinamica-generale-ile-nerede-bulusulur\\\/#breadcrumb\"},\"inLanguage\":\"tr\",\"potentialAction\":[{\"@type\":\"ReadAction\",\"target\":[\"https:\\\/\\\/www.dinamicagenerale.com\\\/tr\\\/eylul-2026da-dinamica-generale-ile-nerede-bulusulur\\\/\"]}]},{\"@type\":\"ImageObject\",\"inLanguage\":\"tr\",\"@id\":\"https:\\\/\\\/www.dinamicagenerale.com\\\/tr\\\/eylul-2026da-dinamica-generale-ile-nerede-bulusulur\\\/#primaryimage\",\"url\":\"https:\\\/\\\/www.dinamicagenerale.com\\\/wp-content\\\/uploads\\\/2026\\\/08\\\/Where-to-meet-Dinamica-Generale-in-September-2026.png\",\"contentUrl\":\"https:\\\/\\\/www.dinamicagenerale.com\\\/wp-content\\\/uploads\\\/2026\\\/08\\\/Where-to-meet-Dinamica-Generale-in-September-2026.png\",\"width\":2362,\"height\":1217},{\"@type\":\"BreadcrumbList\",\"@id\":\"https:\\\/\\\/www.dinamicagenerale.com\\\/tr\\\/eylul-2026da-dinamica-generale-ile-nerede-bulusulur\\\/#breadcrumb\",\"itemListElement\":[{\"@type\":\"ListItem\",\"position\":1,\"name\":\"Home\",\"item\":\"https:\\\/\\\/www.dinamicagenerale.com\\\/tr\\\/bolumler\\\/\"},{\"@type\":\"ListItem\",\"position\":2,\"name\":\"Eyl\u00fcl 2026\u2019da Dinamica Generale ile nerede bulu\u015fulur?\"}]},{\"@type\":\"WebSite\",\"@id\":\"https:\\\/\\\/www.dinamicagenerale.com\\\/tr\\\/#website\",\"url\":\"https:\\\/\\\/www.dinamicagenerale.com\\\/tr\\\/\",\"name\":\"Dinamica Generale\",\"description\":\"\",\"potentialAction\":[{\"@type\":\"SearchAction\",\"target\":{\"@type\":\"EntryPoint\",\"urlTemplate\":\"https:\\\/\\\/www.dinamicagenerale.com\\\/tr\\\/?s={search_term_string}\"},\"query-input\":{\"@type\":\"PropertyValueSpecification\",\"valueRequired\":true,\"valueName\":\"search_term_string\"}}],\"inLanguage\":\"tr\"},{\"@type\":\"Person\",\"@id\":\"https:\\\/\\\/www.dinamicagenerale.com\\\/tr\\\/#\\\/schema\\\/person\\\/a5c006ed54fc259d80e205e87334fd4e\",\"name\":\"leonardoparmeggiani\",\"image\":{\"@type\":\"ImageObject\",\"inLanguage\":\"tr\",\"@id\":\"https:\\\/\\\/secure.gravatar.com\\\/avatar\\\/35c1e41d17eff04f4dc47409276969d2f6a1822502e0fd6396ed7c623180ec0f?s=96&d=mm&r=g\",\"url\":\"https:\\\/\\\/secure.gravatar.com\\\/avatar\\\/35c1e41d17eff04f4dc47409276969d2f6a1822502e0fd6396ed7c623180ec0f?s=96&d=mm&r=g\",\"contentUrl\":\"https:\\\/\\\/secure.gravatar.com\\\/avatar\\\/35c1e41d17eff04f4dc47409276969d2f6a1822502e0fd6396ed7c623180ec0f?s=96&d=mm&r=g\",\"caption\":\"leonardoparmeggiani\"}}]}<\/script>\n<!-- \/ Yoast SEO plugin. -->","yoast_head_json":{"title":"Eyl\u00fcl 2026\u2019da Dinamica Generale ile nerede bulu\u015fulur?","description":"Dinamica Generale ile Eyl\u00fcl 2026\u2019da nerede bulu\u015fabilece\u011finizi ke\u015ffedin: \u0130spanya\u2019daki ECPLF, Fransa\u2019daki SPACE, Polonya\u2019daki AGRO SHOW ve ABD\u2019deki World Dairy Expo.","robots":{"index":"index","follow":"follow","max-snippet":"max-snippet:-1","max-image-preview":"max-image-preview:large","max-video-preview":"max-video-preview:-1"},"canonical":"https:\/\/www.dinamicagenerale.com\/tr\/eylul-2026da-dinamica-generale-ile-nerede-bulusulur\/","og_locale":"tr_TR","og_type":"article","og_title":"Eyl\u00fcl 2026\u2019da Dinamica Generale ile nerede bulu\u015fulur?","og_description":"Dinamica Generale ile Eyl\u00fcl 2026\u2019da nerede bulu\u015fabilece\u011finizi ke\u015ffedin: \u0130spanya\u2019daki ECPLF, Fransa\u2019daki SPACE, Polonya\u2019daki AGRO SHOW ve ABD\u2019deki World Dairy Expo.","og_url":"https:\/\/www.dinamicagenerale.com\/tr\/eylul-2026da-dinamica-generale-ile-nerede-bulusulur\/","og_site_name":"Dinamica Generale","article_published_time":"2026-09-02T07:25:00+00:00","og_image":[{"width":1024,"height":528,"url":"https:\/\/www.dinamicagenerale.com\/wp-content\/uploads\/2026\/08\/Where-to-meet-Dinamica-Generale-in-September-2026-1024x528.png","type":"image\/png"}],"author":"leonardoparmeggiani","twitter_card":"summary_large_image","twitter_misc":{"Yazan:":"leonardoparmeggiani","Tahmini okuma s\u00fcresi":"4 dakika"},"schema":{"@context":"https:\/\/schema.org","@graph":[{"@type":"Article","@id":"https:\/\/www.dinamicagenerale.com\/tr\/eylul-2026da-dinamica-generale-ile-nerede-bulusulur\/#article","isPartOf":{"@id":"https:\/\/www.dinamicagenerale.com\/tr\/eylul-2026da-dinamica-generale-ile-nerede-bulusulur\/"},"author":{"name":"leonardoparmeggiani","@id":"https:\/\/www.dinamicagenerale.com\/tr\/#\/schema\/person\/a5c006ed54fc259d80e205e87334fd4e"},"headline":"Eyl\u00fcl 2026\u2019da Dinamica Generale ile nerede bulu\u015fulur?","datePublished":"2026-09-02T07:25:00+00:00","mainEntityOfPage":{"@id":"https:\/\/www.dinamicagenerale.com\/tr\/eylul-2026da-dinamica-generale-ile-nerede-bulusulur\/"},"wordCount":745,"image":{"@id":"https:\/\/www.dinamicagenerale.com\/tr\/eylul-2026da-dinamica-generale-ile-nerede-bulusulur\/#primaryimage"},"thumbnailUrl":"https:\/\/www.dinamicagenerale.com\/wp-content\/uploads\/2026\/08\/Where-to-meet-Dinamica-Generale-in-September-2026.png","articleSection":["Senza categoria"],"inLanguage":"tr"},{"@type":"WebPage","@id":"https:\/\/www.dinamicagenerale.com\/tr\/eylul-2026da-dinamica-generale-ile-nerede-bulusulur\/","url":"https:\/\/www.dinamicagenerale.com\/tr\/eylul-2026da-dinamica-generale-ile-nerede-bulusulur\/","name":"Eyl\u00fcl 2026\u2019da Dinamica Generale ile nerede bulu\u015fulur?","isPartOf":{"@id":"https:\/\/www.dinamicagenerale.com\/tr\/#website"},"primaryImageOfPage":{"@id":"https:\/\/www.dinamicagenerale.com\/tr\/eylul-2026da-dinamica-generale-ile-nerede-bulusulur\/#primaryimage"},"image":{"@id":"https:\/\/www.dinamicagenerale.com\/tr\/eylul-2026da-dinamica-generale-ile-nerede-bulusulur\/#primaryimage"},"thumbnailUrl":"https:\/\/www.dinamicagenerale.com\/wp-content\/uploads\/2026\/08\/Where-to-meet-Dinamica-Generale-in-September-2026.png","datePublished":"2026-09-02T07:25:00+00:00","author":{"@id":"https:\/\/www.dinamicagenerale.com\/tr\/#\/schema\/person\/a5c006ed54fc259d80e205e87334fd4e"},"description":"Dinamica Generale ile Eyl\u00fcl 2026\u2019da nerede bulu\u015fabilece\u011finizi ke\u015ffedin: \u0130spanya\u2019daki ECPLF, Fransa\u2019daki SPACE, Polonya\u2019daki AGRO SHOW ve ABD\u2019deki World Dairy Expo.","breadcrumb":{"@id":"https:\/\/www.dinamicagenerale.com\/tr\/eylul-2026da-dinamica-generale-ile-nerede-bulusulur\/#breadcrumb"},"inLanguage":"tr","potentialAction":[{"@type":"ReadAction","target":["https:\/\/www.dinamicagenerale.com\/tr\/eylul-2026da-dinamica-generale-ile-nerede-bulusulur\/"]}]},{"@type":"ImageObject","inLanguage":"tr","@id":"https:\/\/www.dinamicagenerale.com\/tr\/eylul-2026da-dinamica-generale-ile-nerede-bulusulur\/#primaryimage","url":"https:\/\/www.dinamicagenerale.com\/wp-content\/uploads\/2026\/08\/Where-to-meet-Dinamica-Generale-in-September-2026.png","contentUrl":"https:\/\/www.dinamicagenerale.com\/wp-content\/uploads\/2026\/08\/Where-to-meet-Dinamica-Generale-in-September-2026.png","width":2362,"height":1217},{"@type":"BreadcrumbList","@id":"https:\/\/www.dinamicagenerale.com\/tr\/eylul-2026da-dinamica-generale-ile-nerede-bulusulur\/#breadcrumb","itemListElement":[{"@type":"ListItem","position":1,"name":"Home","item":"https:\/\/www.dinamicagenerale.com\/tr\/bolumler\/"},{"@type":"ListItem","position":2,"name":"Eyl\u00fcl 2026\u2019da Dinamica Generale ile nerede bulu\u015fulur?"}]},{"@type":"WebSite","@id":"https:\/\/www.dinamicagenerale.com\/tr\/#website","url":"https:\/\/www.dinamicagenerale.com\/tr\/","name":"Dinamica Generale","description":"","potentialAction":[{"@type":"SearchAction","target":{"@type":"EntryPoint","urlTemplate":"https:\/\/www.dinamicagenerale.com\/tr\/?s={search_term_string}"},"query-input":{"@type":"PropertyValueSpecification","valueRequired":true,"valueName":"search_term_string"}}],"inLanguage":"tr"},{"@type":"Person","@id":"https:\/\/www.dinamicagenerale.com\/tr\/#\/schema\/person\/a5c006ed54fc259d80e205e87334fd4e","name":"leonardoparmeggiani","image":{"@type":"ImageObject","inLanguage":"tr","@id":"https:\/\/secure.gravatar.com\/avatar\/35c1e41d17eff04f4dc47409276969d2f6a1822502e0fd6396ed7c623180ec0f?s=96&d=mm&r=g","url":"https:\/\/secure.gravatar.com\/avatar\/35c1e41d17eff04f4dc47409276969d2f6a1822502e0fd6396ed7c623180ec0f?s=96&d=mm&r=g","contentUrl":"https:\/\/secure.gravatar.com\/avatar\/35c1e41d17eff04f4dc47409276969d2f6a1822502e0fd6396ed7c623180ec0f?s=96&d=mm&r=g","caption":"leonardoparmeggiani"}}]}},"_links":{"self":[{"href":"https:\/\/www.dinamicagenerale.com\/tr\/wp-json\/wp\/v2\/posts\/54601","targetHints":{"allow":["GET"]}}],"collection":[{"href":"https:\/\/www.dinamicagenerale.com\/tr\/wp-json\/wp\/v2\/posts"}],"about":[{"href":"https:\/\/www.dinamicagenerale.com\/tr\/wp-json\/wp\/v2\/types\/post"}],"author":[{"embeddable":true,"href":"https:\/\/www.dinamicagenerale.com\/tr\/wp-json\/wp\/v2\/users\/5"}],"replies":[{"embeddable":true,"href":"https:\/\/www.dinamicagenerale.com\/tr\/wp-json\/wp\/v2\/comments?post=54601"}],"version-history":[{"count":2,"href":"https:\/\/www.dinamicagenerale.com\/tr\/wp-json\/wp\/v2\/posts\/54601\/revisions"}],"predecessor-version":[{"id":54616,"href":"https:\/\/www.dinamicagenerale.com\/tr\/wp-json\/wp\/v2\/posts\/54601\/revisions\/54616"}],"wp:featuredmedia":[{"embeddable":true,"href":"https:\/\/www.dinamicagenerale.com\/tr\/wp-json\/wp\/v2\/media\/54584"}],"wp:attachment":[{"href":"https:\/\/www.dinamicagenerale.com\/tr\/wp-json\/wp\/v2\/media?parent=54601"}],"wp:term":[{"taxonomy":"category","embeddable":true,"href":"https:\/\/www.dinamicagenerale.com\/tr\/wp-json\/wp\/v2\/categories?post=54601"},{"taxonomy":"post_tag","embeddable":true,"href":"https:\/\/www.dinamicagenerale.com\/tr\/wp-json\/wp\/v2\/tags?post=54601"}],"curies":[{"name":"wp","href":"https:\/\/api.w.org\/{rel}","templated":true}]}}