{"id":53107,"date":"2026-07-06T11:27:53","date_gmt":"2026-07-06T09:27:53","guid":{"rendered":"https:\/\/www.dinamicagenerale.com\/dinamica-generale-hassas-beslemenin-gelecegine-adanmis-yeni-bir-yillik-etkinlik-olan-feeding-forwardi-baslatti\/"},"modified":"2026-07-06T11:45:55","modified_gmt":"2026-07-06T09:45:55","slug":"dinamica-generale-hassas-beslemenin-gelecegine-adanmis-yeni-bir-yillik-etkinlik-olan-feeding-forwardi-baslatti","status":"publish","type":"post","link":"https:\/\/www.dinamicagenerale.com\/tr\/dinamica-generale-hassas-beslemenin-gelecegine-adanmis-yeni-bir-yillik-etkinlik-olan-feeding-forwardi-baslatti\/","title":{"rendered":"Dinamica Generale, Hassas Beslemenin Gelece\u011fine Adanm\u0131\u015f Yeni Bir Y\u0131ll\u0131k Etkinlik Olan \u201cFeeding Forward\u201d\u0131 Ba\u015flatt\u0131"},"content":{"rendered":"\n<p class=\"wp-block-paragraph\"><strong>Poggio Rusco, \u0130talya &#8211; 1 Temmuz 2026 &#8211;<\/strong> Dinamica Generale, hassas yemleme ve modern s\u00fct\u00e7\u00fcl\u00fck y\u00f6netiminin gelece\u011fine odaklanan yeni bir y\u0131ll\u0131k etkinlik <strong>olan Feeding Forward\u2019\u0131n ilk edisyonuna<\/strong> ev sahipli\u011fi yapt\u0131.<\/p>\n\n<p class=\"wp-block-paragraph\">Etkinlik, s\u00fct \u00e7ift\u00e7ilerini, hayvan besleme uzmanlar\u0131n\u0131, sekt\u00f6r profesyonellerini ve ara\u015ft\u0131rmac\u0131lar\u0131 bir araya getirdi. Kat\u0131l\u0131mc\u0131lar, d\u00fcnyan\u0131n d\u00f6rt bir yan\u0131ndaki s\u00fct \u00fcretim i\u015fletmelerinden edindikleri deneyimleri, y\u00f6netim stratejilerini ve pratik bilgileri payla\u015ft\u0131lar. <\/p>\n\n<h2 class=\"wp-block-heading\">Bilgi Payla\u015f\u0131m\u0131 \u0130\u00e7in Yeni Bir Alan<\/h2>\n\n<p class=\"wp-block-paragraph\">Feeding Forward, geleneksel bir konferanstan \u00f6te, d\u00fcnyan\u0131n \u00f6nde gelen s\u00fct \u00fcr\u00fcnleri i\u015fletmelerinden gelen ger\u00e7ek hayattan deneyimlerin, y\u00f6netim stratejilerinin ve pratik i\u00e7g\u00f6r\u00fclerinin payla\u015f\u0131ld\u0131\u011f\u0131 bir platform olarak tasarland\u0131. Bu giri\u015fim, Dinamica Generale\u2019nin yenilik\u00e7ili\u011fi yaln\u0131zca teknoloji yoluyla de\u011fil, ayn\u0131 zamanda s\u00fct \u00fcr\u00fcnleri sekt\u00f6r\u00fc genelinde bilgi al\u0131\u015fveri\u015fini te\u015fvik ederek destekleme konusundaki kararl\u0131l\u0131\u011f\u0131n\u0131 yans\u0131tmaktad\u0131r. <\/p>\n\n<h2 class=\"wp-block-heading\">High Plains Ponderosa S\u00fct \u00dcr\u00fcnleri\u2019nden \u00d6nemli Bilgiler<\/h2>\n\n<p class=\"wp-block-paragraph\">\u0130lk say\u0131n\u0131n konu\u011fu, <strong>40.000<\/strong>\u2019den fazla <strong>s\u00fct ine\u011fine<\/strong> sahip ve ABD\u2019nin en b\u00fcy\u00fck s\u00fct\u00e7\u00fcl\u00fck i\u015fletmelerinden biri olan High Plains Ponderosa Dairy\u2019nin CEO\u2019su ve Y\u00f6netici Orta\u011f\u0131<strong> Greg Bethard\u2019d\u0131<\/strong>. B\u00fcy\u00fck \u00f6l\u00e7ekli s\u00fct i\u015fletmelerini y\u00f6netme konusunda onlarca y\u0131ll\u0131k deneyiminden yararlanarak Bethard, veriye dayal\u0131 karar alma, standartla\u015ft\u0131r\u0131lm\u0131\u015f s\u00fcre\u00e7ler ve ekonomik performansa yo\u011fun bir odaklanma yoluyla k\u00e2rl\u0131l\u0131\u011f\u0131 art\u0131rma konusundaki yakla\u015f\u0131m\u0131n\u0131 payla\u015ft\u0131. <\/p>\n\n<p class=\"wp-block-paragraph\">Etkinlik boyunca kat\u0131l\u0131mc\u0131lar, a\u015fa\u011f\u0131dakiler de dahil olmak \u00fczere \u00f6nemli konular\u0131 ele ald\u0131lar:<\/p>\n\n<ul class=\"wp-block-list\">\n<li>Yem maliyetlerinin s\u00fct\u00e7\u00fcl\u00fck sekt\u00f6r\u00fcn\u00fcn k\u00e2rl\u0131l\u0131\u011f\u0131 \u00fczerindeki etkisi<\/li>\n\n\n\n<li>Neden <strong>Yem Maliyetinin \u00dczerindeki Gelir ( <\/strong>IOFC), sadece yem verimlili\u011finden daha anlaml\u0131 bir performans g\u00f6stergesidir?<\/li>\n\n\n\n<li>G\u00fcnl\u00fck y\u00f6netim kararlar\u0131n\u0131 destekleme a\u00e7\u0131s\u0131ndan verilerin \u00f6nemi<\/li>\n\n\n\n<li>B\u00fcy\u00fck \u00f6l\u00e7ekli s\u00fct \u00fcr\u00fcnleri i\u015fletmelerinin tasar\u0131m\u0131 ve y\u00f6netimi i\u00e7in en iyi uygulamalar<\/li>\n\n\n\n<li>Hassas yemlemenin daha geni\u015f kapsaml\u0131 bir hassas y\u00f6netim yakla\u015f\u0131m\u0131na d\u00f6n\u00fc\u015f\u00fcm\u00fc<\/li>\n<\/ul>\n\n<div class=\"wp-block-columns is-layout-flex wp-container-core-columns-is-layout-8f761849 wp-block-columns-is-layout-flex\">\n<div class=\"wp-block-column is-layout-flow wp-block-column-is-layout-flow\">\n<figure class=\"wp-block-image size-large\"><img loading=\"lazy\" decoding=\"async\" width=\"1024\" height=\"689\" src=\"https:\/\/www.dinamicagenerale.com\/wp-content\/uploads\/2026\/07\/feeding-forward-1-luglio-dinamica-generale-1024x689.png\" alt=\"\" class=\"wp-image-53058\" srcset=\"https:\/\/www.dinamicagenerale.com\/wp-content\/uploads\/2026\/07\/feeding-forward-1-luglio-dinamica-generale-1024x689.png 1024w, https:\/\/www.dinamicagenerale.com\/wp-content\/uploads\/2026\/07\/feeding-forward-1-luglio-dinamica-generale-300x202.png 300w, https:\/\/www.dinamicagenerale.com\/wp-content\/uploads\/2026\/07\/feeding-forward-1-luglio-dinamica-generale-768x517.png 768w, https:\/\/www.dinamicagenerale.com\/wp-content\/uploads\/2026\/07\/feeding-forward-1-luglio-dinamica-generale-1536x1034.png 1536w, https:\/\/www.dinamicagenerale.com\/wp-content\/uploads\/2026\/07\/feeding-forward-1-luglio-dinamica-generale.png 1605w\" sizes=\"auto, (max-width: 1024px) 100vw, 1024px\" \/><\/figure>\n<\/div>\n\n\n\n<div class=\"wp-block-column is-layout-flow wp-block-column-is-layout-flow\">\n<figure class=\"wp-block-image size-large\"><img loading=\"lazy\" decoding=\"async\" width=\"1024\" height=\"689\" src=\"https:\/\/www.dinamicagenerale.com\/wp-content\/uploads\/2026\/07\/feeding-forward-1-luglio-dinamica-generale-greg-1024x689.png\" alt=\"\" class=\"wp-image-53068\" srcset=\"https:\/\/www.dinamicagenerale.com\/wp-content\/uploads\/2026\/07\/feeding-forward-1-luglio-dinamica-generale-greg-1024x689.png 1024w, https:\/\/www.dinamicagenerale.com\/wp-content\/uploads\/2026\/07\/feeding-forward-1-luglio-dinamica-generale-greg-300x202.png 300w, https:\/\/www.dinamicagenerale.com\/wp-content\/uploads\/2026\/07\/feeding-forward-1-luglio-dinamica-generale-greg-768x517.png 768w, https:\/\/www.dinamicagenerale.com\/wp-content\/uploads\/2026\/07\/feeding-forward-1-luglio-dinamica-generale-greg-1536x1034.png 1536w, https:\/\/www.dinamicagenerale.com\/wp-content\/uploads\/2026\/07\/feeding-forward-1-luglio-dinamica-generale-greg.png 1605w\" sizes=\"auto, (max-width: 1024px) 100vw, 1024px\" \/><\/figure>\n<\/div>\n<\/div>\n\n<p class=\"wp-block-paragraph\">Sunumlar\u0131n \u00f6tesinde, Feeding Forward, daha verimli, k\u00e2rl\u0131 ve s\u00fcrd\u00fcr\u00fclebilir s\u00fct \u00e7iftlikleri kurmak gibi ortak bir hedefi payla\u015fan profesyoneller aras\u0131nda tart\u0131\u015fma ve a\u011f kurma konusunda de\u011ferli f\u0131rsatlar yaratt\u0131.<\/p>\n\n<h2 class=\"wp-block-heading\">S\u00fct \u00dcr\u00fcnleri Sekt\u00f6r\u00fc i\u00e7in Y\u0131ll\u0131k Bir Etkinlik<\/h2>\n\n<p class=\"wp-block-paragraph\">Feeding Forward etkinli\u011finin ilk edisyonu, tart\u0131\u015fma ve a\u011f kurma a\u00e7\u0131s\u0131ndan da de\u011ferli f\u0131rsatlar yaratt\u0131. Kat\u0131l\u0131mc\u0131lar, s\u00fct hayvanc\u0131l\u0131\u011f\u0131n\u0131n gelece\u011fi konusunda fikirlerini, deneyimlerini ve bak\u0131\u015f a\u00e7\u0131lar\u0131n\u0131 payla\u015ft\u0131lar. <\/p>\n\n<p class=\"wp-block-paragraph\">Dinamica Generale, \u201cFeeding Forward\u201d etkinli\u011fini y\u0131ll\u0131k bir etkinlik haline getirecek. Her etkinlikte, ger\u00e7ek hayattan edindikleri bilgileri, y\u00f6netim uygulamalar\u0131n\u0131 ve yeni bak\u0131\u015f a\u00e7\u0131lar\u0131n\u0131 payla\u015fabilecek, uluslararas\u0131 \u00e7apta tan\u0131nan uzmanlar konuk edilecek. <\/p>\n\n<p class=\"wp-block-paragraph\">Dinamica Generale\u2019de yenilik, teknoloji, uzmanl\u0131k ve fikir al\u0131\u015fveri\u015fi sayesinde geli\u015fir.<\/p>\n\n<p class=\"wp-block-paragraph\"><strong>Feeding Forward, bilginin s\u00fct hayvanc\u0131l\u0131\u011f\u0131n\u0131n gelece\u011fini \u015fekillendirdi\u011fi yerdir.<\/strong><\/p>\n\n<p class=\"wp-block-paragraph\"><a href=\"https:\/\/www.dinamicagenerale.com\/tr\/machine\/cekilir-mikser\/\" type=\"link\" id=\"https:\/\/www.dinamicagenerale.com\/machine\/trailed-feed-mixer\/\" target=\"_blank\" rel=\"noreferrer noopener\">Hassas Besleme \u00e7\u00f6z\u00fcmlerimizi ke\u015ffedin<\/a><\/p>\n\n<p class=\"wp-block-paragraph\"><\/p>\n","protected":false},"excerpt":{"rendered":"<p>Dinamica Generale, hassas yemleme, s\u00fct\u00e7\u00fcl\u00fck k\u00e2rl\u0131l\u0131\u011f\u0131 ve veriye dayal\u0131 \u00e7iftlik y\u00f6netimine adanm\u0131\u015f yeni bir y\u0131ll\u0131k etkinlik olan Feeding Forward\u2019\u0131n ilk edisyonuna ev sahipli\u011fi yapt\u0131.<\/p>\n","protected":false},"author":5,"featured_media":53087,"comment_status":"closed","ping_status":"closed","sticky":false,"template":"","format":"standard","meta":{"footnotes":""},"categories":[4836,4827],"tags":[],"class_list":["post-53107","post","type-post","status-publish","format-standard","has-post-thumbnail","hentry","category-ciftlikte","category-senza-categoria"],"yoast_head":"<!-- This site is optimized with the Yoast SEO plugin v28.0 - https:\/\/yoast.com\/product\/yoast-seo-wordpress\/ -->\n<title>Feeding Forward: Dinamica Generale\u2019nin Yeni Hassas Besleme Etkinli\u011fi<\/title>\n<meta name=\"description\" content=\"Dinamica Generale, s\u00fct\u00e7\u00fcl\u00fck sekt\u00f6r\u00fcndeki profesyonellerin hassas yemleme, veriye dayal\u0131 y\u00f6netim ve \u00e7iftlik k\u00e2rl\u0131l\u0131\u011f\u0131n\u0131 ele ald\u0131klar\u0131 yeni bir y\u0131ll\u0131k etkinlik olan \u201cFeeding Forward\u201d\u0131 ba\u015flat\u0131yor.\" \/>\n<meta name=\"robots\" content=\"index, follow, max-snippet:-1, max-image-preview:large, max-video-preview:-1\" \/>\n<link rel=\"canonical\" href=\"https:\/\/www.dinamicagenerale.com\/tr\/dinamica-generale-hassas-beslemenin-gelecegine-adanmis-yeni-bir-yillik-etkinlik-olan-feeding-forwardi-baslatti\/\" \/>\n<meta property=\"og:locale\" content=\"tr_TR\" \/>\n<meta property=\"og:type\" content=\"article\" \/>\n<meta property=\"og:title\" content=\"Feeding Forward: Dinamica Generale\u2019nin Yeni Hassas Besleme Etkinli\u011fi\" \/>\n<meta property=\"og:description\" content=\"Dinamica Generale, s\u00fct\u00e7\u00fcl\u00fck sekt\u00f6r\u00fcndeki profesyonellerin hassas yemleme, veriye dayal\u0131 y\u00f6netim ve \u00e7iftlik k\u00e2rl\u0131l\u0131\u011f\u0131n\u0131 ele ald\u0131klar\u0131 yeni bir y\u0131ll\u0131k etkinlik olan \u201cFeeding Forward\u201d\u0131 ba\u015flat\u0131yor.\" \/>\n<meta property=\"og:url\" content=\"https:\/\/www.dinamicagenerale.com\/tr\/dinamica-generale-hassas-beslemenin-gelecegine-adanmis-yeni-bir-yillik-etkinlik-olan-feeding-forwardi-baslatti\/\" \/>\n<meta property=\"og:site_name\" content=\"Dinamica Generale\" \/>\n<meta property=\"article:published_time\" content=\"2026-07-06T09:27:53+00:00\" \/>\n<meta property=\"article:modified_time\" content=\"2026-07-06T09:45:55+00:00\" \/>\n<meta property=\"og:image\" content=\"https:\/\/www.dinamicagenerale.com\/wp-content\/uploads\/2026\/07\/Feeding-Forward-Dinamica-Generales-New-Precision-Feeding-Event-1024x528.png\" \/>\n\t<meta property=\"og:image:width\" content=\"1024\" \/>\n\t<meta property=\"og:image:height\" content=\"528\" \/>\n\t<meta property=\"og:image:type\" content=\"image\/png\" \/>\n<meta name=\"author\" content=\"leonardoparmeggiani\" \/>\n<meta name=\"twitter:card\" content=\"summary_large_image\" \/>\n<meta name=\"twitter:label1\" content=\"Yazan:\" \/>\n\t<meta name=\"twitter:data1\" content=\"leonardoparmeggiani\" \/>\n\t<meta name=\"twitter:label2\" content=\"Tahmini okuma s\u00fcresi\" \/>\n\t<meta name=\"twitter:data2\" content=\"3 dakika\" \/>\n<script type=\"application\/ld+json\" class=\"yoast-schema-graph\">{\"@context\":\"https:\\\/\\\/schema.org\",\"@graph\":[{\"@type\":\"Article\",\"@id\":\"https:\\\/\\\/www.dinamicagenerale.com\\\/tr\\\/dinamica-generale-hassas-beslemenin-gelecegine-adanmis-yeni-bir-yillik-etkinlik-olan-feeding-forwardi-baslatti\\\/#article\",\"isPartOf\":{\"@id\":\"https:\\\/\\\/www.dinamicagenerale.com\\\/tr\\\/dinamica-generale-hassas-beslemenin-gelecegine-adanmis-yeni-bir-yillik-etkinlik-olan-feeding-forwardi-baslatti\\\/\"},\"author\":{\"name\":\"leonardoparmeggiani\",\"@id\":\"https:\\\/\\\/www.dinamicagenerale.com\\\/tr\\\/#\\\/schema\\\/person\\\/a5c006ed54fc259d80e205e87334fd4e\"},\"headline\":\"Dinamica Generale, Hassas Beslemenin Gelece\u011fine Adanm\u0131\u015f Yeni Bir Y\u0131ll\u0131k Etkinlik Olan \u201cFeeding Forward\u201d\u0131 Ba\u015flatt\u0131\",\"datePublished\":\"2026-07-06T09:27:53+00:00\",\"dateModified\":\"2026-07-06T09:45:55+00:00\",\"mainEntityOfPage\":{\"@id\":\"https:\\\/\\\/www.dinamicagenerale.com\\\/tr\\\/dinamica-generale-hassas-beslemenin-gelecegine-adanmis-yeni-bir-yillik-etkinlik-olan-feeding-forwardi-baslatti\\\/\"},\"wordCount\":553,\"image\":{\"@id\":\"https:\\\/\\\/www.dinamicagenerale.com\\\/tr\\\/dinamica-generale-hassas-beslemenin-gelecegine-adanmis-yeni-bir-yillik-etkinlik-olan-feeding-forwardi-baslatti\\\/#primaryimage\"},\"thumbnailUrl\":\"https:\\\/\\\/www.dinamicagenerale.com\\\/wp-content\\\/uploads\\\/2026\\\/07\\\/Feeding-Forward-Dinamica-Generales-New-Precision-Feeding-Event.png\",\"articleSection\":[\"\u00c7iftlikte\",\"Senza categoria\"],\"inLanguage\":\"tr\"},{\"@type\":\"WebPage\",\"@id\":\"https:\\\/\\\/www.dinamicagenerale.com\\\/tr\\\/dinamica-generale-hassas-beslemenin-gelecegine-adanmis-yeni-bir-yillik-etkinlik-olan-feeding-forwardi-baslatti\\\/\",\"url\":\"https:\\\/\\\/www.dinamicagenerale.com\\\/tr\\\/dinamica-generale-hassas-beslemenin-gelecegine-adanmis-yeni-bir-yillik-etkinlik-olan-feeding-forwardi-baslatti\\\/\",\"name\":\"Feeding Forward: Dinamica Generale\u2019nin Yeni Hassas Besleme Etkinli\u011fi\",\"isPartOf\":{\"@id\":\"https:\\\/\\\/www.dinamicagenerale.com\\\/tr\\\/#website\"},\"primaryImageOfPage\":{\"@id\":\"https:\\\/\\\/www.dinamicagenerale.com\\\/tr\\\/dinamica-generale-hassas-beslemenin-gelecegine-adanmis-yeni-bir-yillik-etkinlik-olan-feeding-forwardi-baslatti\\\/#primaryimage\"},\"image\":{\"@id\":\"https:\\\/\\\/www.dinamicagenerale.com\\\/tr\\\/dinamica-generale-hassas-beslemenin-gelecegine-adanmis-yeni-bir-yillik-etkinlik-olan-feeding-forwardi-baslatti\\\/#primaryimage\"},\"thumbnailUrl\":\"https:\\\/\\\/www.dinamicagenerale.com\\\/wp-content\\\/uploads\\\/2026\\\/07\\\/Feeding-Forward-Dinamica-Generales-New-Precision-Feeding-Event.png\",\"datePublished\":\"2026-07-06T09:27:53+00:00\",\"dateModified\":\"2026-07-06T09:45:55+00:00\",\"author\":{\"@id\":\"https:\\\/\\\/www.dinamicagenerale.com\\\/tr\\\/#\\\/schema\\\/person\\\/a5c006ed54fc259d80e205e87334fd4e\"},\"description\":\"Dinamica Generale, s\u00fct\u00e7\u00fcl\u00fck sekt\u00f6r\u00fcndeki profesyonellerin hassas yemleme, veriye dayal\u0131 y\u00f6netim ve \u00e7iftlik k\u00e2rl\u0131l\u0131\u011f\u0131n\u0131 ele ald\u0131klar\u0131 yeni bir y\u0131ll\u0131k etkinlik olan \u201cFeeding Forward\u201d\u0131 ba\u015flat\u0131yor.\",\"breadcrumb\":{\"@id\":\"https:\\\/\\\/www.dinamicagenerale.com\\\/tr\\\/dinamica-generale-hassas-beslemenin-gelecegine-adanmis-yeni-bir-yillik-etkinlik-olan-feeding-forwardi-baslatti\\\/#breadcrumb\"},\"inLanguage\":\"tr\",\"potentialAction\":[{\"@type\":\"ReadAction\",\"target\":[\"https:\\\/\\\/www.dinamicagenerale.com\\\/tr\\\/dinamica-generale-hassas-beslemenin-gelecegine-adanmis-yeni-bir-yillik-etkinlik-olan-feeding-forwardi-baslatti\\\/\"]}]},{\"@type\":\"ImageObject\",\"inLanguage\":\"tr\",\"@id\":\"https:\\\/\\\/www.dinamicagenerale.com\\\/tr\\\/dinamica-generale-hassas-beslemenin-gelecegine-adanmis-yeni-bir-yillik-etkinlik-olan-feeding-forwardi-baslatti\\\/#primaryimage\",\"url\":\"https:\\\/\\\/www.dinamicagenerale.com\\\/wp-content\\\/uploads\\\/2026\\\/07\\\/Feeding-Forward-Dinamica-Generales-New-Precision-Feeding-Event.png\",\"contentUrl\":\"https:\\\/\\\/www.dinamicagenerale.com\\\/wp-content\\\/uploads\\\/2026\\\/07\\\/Feeding-Forward-Dinamica-Generales-New-Precision-Feeding-Event.png\",\"width\":2362,\"height\":1217},{\"@type\":\"BreadcrumbList\",\"@id\":\"https:\\\/\\\/www.dinamicagenerale.com\\\/tr\\\/dinamica-generale-hassas-beslemenin-gelecegine-adanmis-yeni-bir-yillik-etkinlik-olan-feeding-forwardi-baslatti\\\/#breadcrumb\",\"itemListElement\":[{\"@type\":\"ListItem\",\"position\":1,\"name\":\"Home\",\"item\":\"https:\\\/\\\/www.dinamicagenerale.com\\\/tr\\\/bolumler\\\/\"},{\"@type\":\"ListItem\",\"position\":2,\"name\":\"Dinamica Generale, Hassas Beslemenin Gelece\u011fine Adanm\u0131\u015f Yeni Bir Y\u0131ll\u0131k Etkinlik Olan \u201cFeeding Forward\u201d\u0131 Ba\u015flatt\u0131\"}]},{\"@type\":\"WebSite\",\"@id\":\"https:\\\/\\\/www.dinamicagenerale.com\\\/tr\\\/#website\",\"url\":\"https:\\\/\\\/www.dinamicagenerale.com\\\/tr\\\/\",\"name\":\"Dinamica Generale\",\"description\":\"\",\"potentialAction\":[{\"@type\":\"SearchAction\",\"target\":{\"@type\":\"EntryPoint\",\"urlTemplate\":\"https:\\\/\\\/www.dinamicagenerale.com\\\/tr\\\/?s={search_term_string}\"},\"query-input\":{\"@type\":\"PropertyValueSpecification\",\"valueRequired\":true,\"valueName\":\"search_term_string\"}}],\"inLanguage\":\"tr\"},{\"@type\":\"Person\",\"@id\":\"https:\\\/\\\/www.dinamicagenerale.com\\\/tr\\\/#\\\/schema\\\/person\\\/a5c006ed54fc259d80e205e87334fd4e\",\"name\":\"leonardoparmeggiani\",\"image\":{\"@type\":\"ImageObject\",\"inLanguage\":\"tr\",\"@id\":\"https:\\\/\\\/secure.gravatar.com\\\/avatar\\\/35c1e41d17eff04f4dc47409276969d2f6a1822502e0fd6396ed7c623180ec0f?s=96&d=mm&r=g\",\"url\":\"https:\\\/\\\/secure.gravatar.com\\\/avatar\\\/35c1e41d17eff04f4dc47409276969d2f6a1822502e0fd6396ed7c623180ec0f?s=96&d=mm&r=g\",\"contentUrl\":\"https:\\\/\\\/secure.gravatar.com\\\/avatar\\\/35c1e41d17eff04f4dc47409276969d2f6a1822502e0fd6396ed7c623180ec0f?s=96&d=mm&r=g\",\"caption\":\"leonardoparmeggiani\"}}]}<\/script>\n<!-- \/ Yoast SEO plugin. -->","yoast_head_json":{"title":"Feeding Forward: Dinamica Generale\u2019nin Yeni Hassas Besleme Etkinli\u011fi","description":"Dinamica Generale, s\u00fct\u00e7\u00fcl\u00fck sekt\u00f6r\u00fcndeki profesyonellerin hassas yemleme, veriye dayal\u0131 y\u00f6netim ve \u00e7iftlik k\u00e2rl\u0131l\u0131\u011f\u0131n\u0131 ele ald\u0131klar\u0131 yeni bir y\u0131ll\u0131k etkinlik olan \u201cFeeding Forward\u201d\u0131 ba\u015flat\u0131yor.","robots":{"index":"index","follow":"follow","max-snippet":"max-snippet:-1","max-image-preview":"max-image-preview:large","max-video-preview":"max-video-preview:-1"},"canonical":"https:\/\/www.dinamicagenerale.com\/tr\/dinamica-generale-hassas-beslemenin-gelecegine-adanmis-yeni-bir-yillik-etkinlik-olan-feeding-forwardi-baslatti\/","og_locale":"tr_TR","og_type":"article","og_title":"Feeding Forward: Dinamica Generale\u2019nin Yeni Hassas Besleme Etkinli\u011fi","og_description":"Dinamica Generale, s\u00fct\u00e7\u00fcl\u00fck sekt\u00f6r\u00fcndeki profesyonellerin hassas yemleme, veriye dayal\u0131 y\u00f6netim ve \u00e7iftlik k\u00e2rl\u0131l\u0131\u011f\u0131n\u0131 ele ald\u0131klar\u0131 yeni bir y\u0131ll\u0131k etkinlik olan \u201cFeeding Forward\u201d\u0131 ba\u015flat\u0131yor.","og_url":"https:\/\/www.dinamicagenerale.com\/tr\/dinamica-generale-hassas-beslemenin-gelecegine-adanmis-yeni-bir-yillik-etkinlik-olan-feeding-forwardi-baslatti\/","og_site_name":"Dinamica Generale","article_published_time":"2026-07-06T09:27:53+00:00","article_modified_time":"2026-07-06T09:45:55+00:00","og_image":[{"width":1024,"height":528,"url":"https:\/\/www.dinamicagenerale.com\/wp-content\/uploads\/2026\/07\/Feeding-Forward-Dinamica-Generales-New-Precision-Feeding-Event-1024x528.png","type":"image\/png"}],"author":"leonardoparmeggiani","twitter_card":"summary_large_image","twitter_misc":{"Yazan:":"leonardoparmeggiani","Tahmini okuma s\u00fcresi":"3 dakika"},"schema":{"@context":"https:\/\/schema.org","@graph":[{"@type":"Article","@id":"https:\/\/www.dinamicagenerale.com\/tr\/dinamica-generale-hassas-beslemenin-gelecegine-adanmis-yeni-bir-yillik-etkinlik-olan-feeding-forwardi-baslatti\/#article","isPartOf":{"@id":"https:\/\/www.dinamicagenerale.com\/tr\/dinamica-generale-hassas-beslemenin-gelecegine-adanmis-yeni-bir-yillik-etkinlik-olan-feeding-forwardi-baslatti\/"},"author":{"name":"leonardoparmeggiani","@id":"https:\/\/www.dinamicagenerale.com\/tr\/#\/schema\/person\/a5c006ed54fc259d80e205e87334fd4e"},"headline":"Dinamica Generale, Hassas Beslemenin Gelece\u011fine Adanm\u0131\u015f Yeni Bir Y\u0131ll\u0131k Etkinlik Olan \u201cFeeding Forward\u201d\u0131 Ba\u015flatt\u0131","datePublished":"2026-07-06T09:27:53+00:00","dateModified":"2026-07-06T09:45:55+00:00","mainEntityOfPage":{"@id":"https:\/\/www.dinamicagenerale.com\/tr\/dinamica-generale-hassas-beslemenin-gelecegine-adanmis-yeni-bir-yillik-etkinlik-olan-feeding-forwardi-baslatti\/"},"wordCount":553,"image":{"@id":"https:\/\/www.dinamicagenerale.com\/tr\/dinamica-generale-hassas-beslemenin-gelecegine-adanmis-yeni-bir-yillik-etkinlik-olan-feeding-forwardi-baslatti\/#primaryimage"},"thumbnailUrl":"https:\/\/www.dinamicagenerale.com\/wp-content\/uploads\/2026\/07\/Feeding-Forward-Dinamica-Generales-New-Precision-Feeding-Event.png","articleSection":["\u00c7iftlikte","Senza categoria"],"inLanguage":"tr"},{"@type":"WebPage","@id":"https:\/\/www.dinamicagenerale.com\/tr\/dinamica-generale-hassas-beslemenin-gelecegine-adanmis-yeni-bir-yillik-etkinlik-olan-feeding-forwardi-baslatti\/","url":"https:\/\/www.dinamicagenerale.com\/tr\/dinamica-generale-hassas-beslemenin-gelecegine-adanmis-yeni-bir-yillik-etkinlik-olan-feeding-forwardi-baslatti\/","name":"Feeding Forward: Dinamica Generale\u2019nin Yeni Hassas Besleme Etkinli\u011fi","isPartOf":{"@id":"https:\/\/www.dinamicagenerale.com\/tr\/#website"},"primaryImageOfPage":{"@id":"https:\/\/www.dinamicagenerale.com\/tr\/dinamica-generale-hassas-beslemenin-gelecegine-adanmis-yeni-bir-yillik-etkinlik-olan-feeding-forwardi-baslatti\/#primaryimage"},"image":{"@id":"https:\/\/www.dinamicagenerale.com\/tr\/dinamica-generale-hassas-beslemenin-gelecegine-adanmis-yeni-bir-yillik-etkinlik-olan-feeding-forwardi-baslatti\/#primaryimage"},"thumbnailUrl":"https:\/\/www.dinamicagenerale.com\/wp-content\/uploads\/2026\/07\/Feeding-Forward-Dinamica-Generales-New-Precision-Feeding-Event.png","datePublished":"2026-07-06T09:27:53+00:00","dateModified":"2026-07-06T09:45:55+00:00","author":{"@id":"https:\/\/www.dinamicagenerale.com\/tr\/#\/schema\/person\/a5c006ed54fc259d80e205e87334fd4e"},"description":"Dinamica Generale, s\u00fct\u00e7\u00fcl\u00fck sekt\u00f6r\u00fcndeki profesyonellerin hassas yemleme, veriye dayal\u0131 y\u00f6netim ve \u00e7iftlik k\u00e2rl\u0131l\u0131\u011f\u0131n\u0131 ele ald\u0131klar\u0131 yeni bir y\u0131ll\u0131k etkinlik olan \u201cFeeding Forward\u201d\u0131 ba\u015flat\u0131yor.","breadcrumb":{"@id":"https:\/\/www.dinamicagenerale.com\/tr\/dinamica-generale-hassas-beslemenin-gelecegine-adanmis-yeni-bir-yillik-etkinlik-olan-feeding-forwardi-baslatti\/#breadcrumb"},"inLanguage":"tr","potentialAction":[{"@type":"ReadAction","target":["https:\/\/www.dinamicagenerale.com\/tr\/dinamica-generale-hassas-beslemenin-gelecegine-adanmis-yeni-bir-yillik-etkinlik-olan-feeding-forwardi-baslatti\/"]}]},{"@type":"ImageObject","inLanguage":"tr","@id":"https:\/\/www.dinamicagenerale.com\/tr\/dinamica-generale-hassas-beslemenin-gelecegine-adanmis-yeni-bir-yillik-etkinlik-olan-feeding-forwardi-baslatti\/#primaryimage","url":"https:\/\/www.dinamicagenerale.com\/wp-content\/uploads\/2026\/07\/Feeding-Forward-Dinamica-Generales-New-Precision-Feeding-Event.png","contentUrl":"https:\/\/www.dinamicagenerale.com\/wp-content\/uploads\/2026\/07\/Feeding-Forward-Dinamica-Generales-New-Precision-Feeding-Event.png","width":2362,"height":1217},{"@type":"BreadcrumbList","@id":"https:\/\/www.dinamicagenerale.com\/tr\/dinamica-generale-hassas-beslemenin-gelecegine-adanmis-yeni-bir-yillik-etkinlik-olan-feeding-forwardi-baslatti\/#breadcrumb","itemListElement":[{"@type":"ListItem","position":1,"name":"Home","item":"https:\/\/www.dinamicagenerale.com\/tr\/bolumler\/"},{"@type":"ListItem","position":2,"name":"Dinamica Generale, Hassas Beslemenin Gelece\u011fine Adanm\u0131\u015f Yeni Bir Y\u0131ll\u0131k Etkinlik Olan \u201cFeeding Forward\u201d\u0131 Ba\u015flatt\u0131"}]},{"@type":"WebSite","@id":"https:\/\/www.dinamicagenerale.com\/tr\/#website","url":"https:\/\/www.dinamicagenerale.com\/tr\/","name":"Dinamica Generale","description":"","potentialAction":[{"@type":"SearchAction","target":{"@type":"EntryPoint","urlTemplate":"https:\/\/www.dinamicagenerale.com\/tr\/?s={search_term_string}"},"query-input":{"@type":"PropertyValueSpecification","valueRequired":true,"valueName":"search_term_string"}}],"inLanguage":"tr"},{"@type":"Person","@id":"https:\/\/www.dinamicagenerale.com\/tr\/#\/schema\/person\/a5c006ed54fc259d80e205e87334fd4e","name":"leonardoparmeggiani","image":{"@type":"ImageObject","inLanguage":"tr","@id":"https:\/\/secure.gravatar.com\/avatar\/35c1e41d17eff04f4dc47409276969d2f6a1822502e0fd6396ed7c623180ec0f?s=96&d=mm&r=g","url":"https:\/\/secure.gravatar.com\/avatar\/35c1e41d17eff04f4dc47409276969d2f6a1822502e0fd6396ed7c623180ec0f?s=96&d=mm&r=g","contentUrl":"https:\/\/secure.gravatar.com\/avatar\/35c1e41d17eff04f4dc47409276969d2f6a1822502e0fd6396ed7c623180ec0f?s=96&d=mm&r=g","caption":"leonardoparmeggiani"}}]}},"_links":{"self":[{"href":"https:\/\/www.dinamicagenerale.com\/tr\/wp-json\/wp\/v2\/posts\/53107","targetHints":{"allow":["GET"]}}],"collection":[{"href":"https:\/\/www.dinamicagenerale.com\/tr\/wp-json\/wp\/v2\/posts"}],"about":[{"href":"https:\/\/www.dinamicagenerale.com\/tr\/wp-json\/wp\/v2\/types\/post"}],"author":[{"embeddable":true,"href":"https:\/\/www.dinamicagenerale.com\/tr\/wp-json\/wp\/v2\/users\/5"}],"replies":[{"embeddable":true,"href":"https:\/\/www.dinamicagenerale.com\/tr\/wp-json\/wp\/v2\/comments?post=53107"}],"version-history":[{"count":1,"href":"https:\/\/www.dinamicagenerale.com\/tr\/wp-json\/wp\/v2\/posts\/53107\/revisions"}],"predecessor-version":[{"id":53108,"href":"https:\/\/www.dinamicagenerale.com\/tr\/wp-json\/wp\/v2\/posts\/53107\/revisions\/53108"}],"wp:featuredmedia":[{"embeddable":true,"href":"https:\/\/www.dinamicagenerale.com\/tr\/wp-json\/wp\/v2\/media\/53087"}],"wp:attachment":[{"href":"https:\/\/www.dinamicagenerale.com\/tr\/wp-json\/wp\/v2\/media?parent=53107"}],"wp:term":[{"taxonomy":"category","embeddable":true,"href":"https:\/\/www.dinamicagenerale.com\/tr\/wp-json\/wp\/v2\/categories?post=53107"},{"taxonomy":"post_tag","embeddable":true,"href":"https:\/\/www.dinamicagenerale.com\/tr\/wp-json\/wp\/v2\/tags?post=53107"}],"curies":[{"name":"wp","href":"https:\/\/api.w.org\/{rel}","templated":true}]}}