{"id":54597,"date":"2026-09-02T09:25:00","date_gmt":"2026-09-02T07:25:00","guid":{"rendered":"https:\/\/www.dinamicagenerale.com\/?p=54597"},"modified":"2026-08-27T09:48:13","modified_gmt":"2026-08-27T07:48:13","slug":"onde-encontrar-a-dinamica-generale-em-setembro-de-2026","status":"publish","type":"post","link":"https:\/\/www.dinamicagenerale.com\/pt-br\/onde-encontrar-a-dinamica-generale-em-setembro-de-2026\/","title":{"rendered":"Onde encontrar a Dinamica Generale em setembro de 2026"},"content":{"rendered":"\n<p class=\"wp-block-paragraph\">Os eventos da Dinamica Generale em setembro de 2026 v\u00e3o levar nossa equipe da Europa para a Am\u00e9rica do Norte, com quatro grandes compromissos nos setores agr\u00edcola e pecu\u00e1rio.  <\/p>\n\n<p class=\"wp-block-paragraph\">Esses eventos v\u00e3o se concentrar na pecu\u00e1ria, em m\u00e1quinas agr\u00edcolas e na agricultura de precis\u00e3o. Al\u00e9m disso, v\u00e3o ser uma \u00f3tima oportunidade para conhecer nossa equipe e descobrir nossas tecnologias mais recentes. <\/p>\n\n<p class=\"wp-block-paragraph\">De Val\u00eancia a Rennes, passando por Bednary e Madison, \u00e9 aqui que voc\u00ea vai poder encontrar a Dinamica Generale neste m\u00eas de setembro.<\/p>\n\n<h2 class=\"wp-block-heading\">ECPLF 2026 \u2013 Val\u00eancia, Espanha<\/h2>\n\n<p class=\"wp-block-paragraph\">Nossa jornada de setembro come\u00e7a em Val\u00eancia, na Confer\u00eancia Europeia sobre Pecu\u00e1ria de Precis\u00e3o \u2013 ECPLF 2026.<\/p>\n\n<p class=\"wp-block-paragraph\">O evento re\u00fane pesquisadores, fornecedores de tecnologia e profissionais da pecu\u00e1ria. Juntos, voc\u00eas v\u00e3o discutir as \u00faltimas novidades em pecu\u00e1ria de precis\u00e3o. <\/p>\n\n<p class=\"wp-block-paragraph\">A Dinamica Generale vai apresentar sua experi\u00eancia em alimenta\u00e7\u00e3o de precis\u00e3o, an\u00e1lise NIR e gest\u00e3o digital da alimenta\u00e7\u00e3o.<\/p>\n\n<p class=\"wp-block-paragraph\">Al\u00e9m disso, no dia 14 de setembro, nossa equipe vai participar do Evento Nacional da ECPLF. Vamos participar da mesa redonda dedicada aos avan\u00e7os e desafios da inova\u00e7\u00e3o tecnol\u00f3gica na pecu\u00e1ria. <\/p>\n\n<p class=\"wp-block-paragraph\"><strong>Datas:<\/strong> 14 a 17 de setembro de 2026<br\/><strong>Localiza\u00e7\u00e3o:<\/strong> Universitat Polit\u00e8cnica de Val\u00e8ncia. Audit\u00f3rio &#8211; Edif\u00edcio Nexus (UPV) <br\/><strong>Site do evento:<\/strong> <a type=\"link\" href=\"https:\/\/www.ecplf2026.com\/\" id=\"https:\/\/www.ecplf2026.com\/\" target=\"_blank\" rel=\"noreferrer noopener\">ECPLF 2026<\/a><br\/><strong>Nosso estande:<\/strong> 2<\/p>\n\n<p class=\"wp-block-paragraph\"><strong><a href=\"https:\/\/www.dinamicagenerale.com\/pt-br\/event\/ecplf-2026-descubra-nossas-solucoes-de-pecuaria-de-precisao-dinamica-generale\/\" data-type=\"link\" data-id=\"https:\/\/www.dinamicagenerale.com\/event\/ecplf-2026-discover-our-precision-livestock-farming-solutions-dinamica-generale\/\" target=\"_blank\" rel=\"noreferrer noopener\">Conhe\u00e7a o ECPLF 2026<\/a><\/strong><\/p>\n\n<div class=\"wp-block-columns is-layout-flex wp-container-core-columns-is-layout-8f761849 wp-block-columns-is-layout-flex\">\n<div class=\"wp-block-column is-layout-flow wp-block-column-is-layout-flow\">\n<figure class=\"wp-block-image size-full\"><img loading=\"lazy\" decoding=\"async\" width=\"740\" height=\"380\" src=\"https:\/\/www.dinamicagenerale.com\/wp-content\/uploads\/2026\/03\/BATA-AGRO-2026-portable-nir-analyzer-dinamica-generale.png\" alt=\"\" class=\"wp-image-44097\" srcset=\"https:\/\/www.dinamicagenerale.com\/wp-content\/uploads\/2026\/03\/BATA-AGRO-2026-portable-nir-analyzer-dinamica-generale.png 740w, https:\/\/www.dinamicagenerale.com\/wp-content\/uploads\/2026\/03\/BATA-AGRO-2026-portable-nir-analyzer-dinamica-generale-300x154.png 300w\" sizes=\"auto, (max-width: 740px) 100vw, 740px\" \/><\/figure>\n<\/div>\n\n\n\n<div class=\"wp-block-column is-layout-flow wp-block-column-is-layout-flow\">\n<figure class=\"wp-block-image size-full\"><img decoding=\"async\" src=\"https:\/\/www.dinamicagenerale.com\/wp-content\/uploads\/2026\/03\/BATA-AGRO-2026-DTM-&#x2013;-Digital-Feeding-Management-dinamica-generale.png\" alt=\"\" class=\"wp-image-44107\"\/><\/figure>\n<\/div>\n<\/div>\n\n<h2 class=\"wp-block-heading\">SPACE 2026 \u2013 Rennes, Fran\u00e7a<\/h2>\n\n<p class=\"wp-block-paragraph\">Enquanto isso, nossa equipe tamb\u00e9m vai estar em Rennes para a SPACE 2026.<\/p>\n\n<p class=\"wp-block-paragraph\">O evento \u00e9 um dos principais pontos de encontro internacionais do setor pecu\u00e1rio. Por isso, \u00e9 uma oportunidade importante para conhecer criadores, profissionais e fornecedores de tecnologia de diferentes mercados. <\/p>\n\n<p class=\"wp-block-paragraph\">Na SPACE, a Dinamica Generale vai apresentar solu\u00e7\u00f5es criadas para tornar as opera\u00e7\u00f5es de alimenta\u00e7\u00e3o mais precisas, mensur\u00e1veis e conectadas.<\/p>\n\n<p class=\"wp-block-paragraph\">Os visitantes poder\u00e3o conhecer nossas tecnologias de alimenta\u00e7\u00e3o de precis\u00e3o, an\u00e1lise NIR port\u00e1til e gest\u00e3o digital de alimenta\u00e7\u00e3o com o DTM.<\/p>\n\n<p class=\"wp-block-paragraph\"><strong>Datas:<\/strong> 15 a 17 de setembro de 2026<br\/><strong>Local:<\/strong> Rennes, Fran\u00e7a<br\/><strong>Estande:<\/strong> Pavilh\u00e3o 2\/3 \u2013 Estande C42<br\/><strong>Hor\u00e1rio:<\/strong> 9h \u2013 19h<br\/><strong>Site:<\/strong> <a href=\"https:\/\/www.space.fr\/en\">SPACE 2026<\/a><\/p>\n\n<p class=\"wp-block-paragraph\"><strong><a href=\"https:\/\/www.dinamicagenerale.com\/pt-br\/event\/space-2026-alimentacao-de-precisao-e-tecnologias-nir-dinamica-generale\/\" data-type=\"link\" data-id=\"https:\/\/www.dinamicagenerale.com\/event\/space-2026-precision-feeding-nir-technologies-dinamica-generale\/\" target=\"_blank\" rel=\"noreferrer noopener\">Vem nos encontrar na SPACE 2026<\/a><\/strong><\/p>\n\n<h2 class=\"wp-block-heading\">AGRO SHOW 2026 &#8211; Bednary, Pol\u00f4nia<\/h2>\n\n<p class=\"wp-block-paragraph\">Em seguida, a Dinamica Generale vai pra Pol\u00f4nia pra participar da AGRO SHOW 2026 em Bednary.<\/p>\n\n<p class=\"wp-block-paragraph\">O evento \u00e9 um importante ponto de encontro para o setor de m\u00e1quinas agr\u00edcolas na Europa Central e Oriental. Aqui, nosso foco vai estar nas tecnologias que trazem mais precis\u00e3o diretamente para as m\u00e1quinas agr\u00edcolas. <\/p>\n\n<p class=\"wp-block-paragraph\">Em especial, os visitantes v\u00e3o conhecer nossas solu\u00e7\u00f5es para pesagem, an\u00e1lise NIR, agricultura de precis\u00e3o e gerenciamento digital de dados.<\/p>\n\n<p class=\"wp-block-paragraph\">Essas tecnologias ajudam os operadores a coletar informa\u00e7\u00f5es \u00fateis diretamente durante as opera\u00e7\u00f5es de campo. Com isso, eles conseguem melhorar o controle, a efici\u00eancia e a rastreabilidade. <\/p>\n\n<p class=\"wp-block-paragraph\"><strong>Datas:<\/strong> 18 a 20 de setembro de 2026<br\/><strong>Local:<\/strong> Bednary, Pol\u00f4nia<br\/><strong>Estande:<\/strong> Estande da BIOMIX \u2013 N\u00ba 36, Setor B<br\/><strong>Hor\u00e1rio:<\/strong> 9h \u2013 19h<br\/><strong>Site:<\/strong> <a href=\"https:\/\/agroshow.pl\/agroshow\/en\" target=\"_blank\" rel=\"noreferrer noopener\">AGRO SHOW<\/a><\/p>\n\n<p class=\"wp-block-paragraph\"><strong><a href=\"https:\/\/www.dinamicagenerale.com\/pt-br\/event\/agro-show-2026-alimentacao-de-precisao-e-solucoes-nir-no-misturador-dinamica-generale\/\" data-type=\"link\" data-id=\"https:\/\/www.dinamicagenerale.com\/event\/agro-show-2026-precision-feeding-on-mixer-nir-solutions-dinamica-generale\/\" target=\"_blank\" rel=\"noreferrer noopener\">Conhe\u00e7a a AGRO SHOW 2026<\/a><\/strong><\/p>\n\n<div class=\"wp-block-columns is-layout-flex wp-container-core-columns-is-layout-8f761849 wp-block-columns-is-layout-flex\">\n<div class=\"wp-block-column is-layout-flow wp-block-column-is-layout-flow\">\n<figure class=\"wp-block-image size-full\"><img loading=\"lazy\" decoding=\"async\" width=\"740\" height=\"380\" src=\"https:\/\/www.dinamicagenerale.com\/wp-content\/uploads\/2026\/03\/space-2026-precision-feeding-reliable-weighing-systems-dinamica-generale.png\" alt=\"\" class=\"wp-image-43017\" srcset=\"https:\/\/www.dinamicagenerale.com\/wp-content\/uploads\/2026\/03\/space-2026-precision-feeding-reliable-weighing-systems-dinamica-generale.png 740w, https:\/\/www.dinamicagenerale.com\/wp-content\/uploads\/2026\/03\/space-2026-precision-feeding-reliable-weighing-systems-dinamica-generale-300x154.png 300w\" sizes=\"auto, (max-width: 740px) 100vw, 740px\" \/><\/figure>\n<\/div>\n\n\n\n<div class=\"wp-block-column is-layout-flow wp-block-column-is-layout-flow\">\n<figure class=\"wp-block-image size-full\"><img loading=\"lazy\" decoding=\"async\" width=\"740\" height=\"380\" src=\"https:\/\/www.dinamicagenerale.com\/wp-content\/uploads\/2026\/03\/space-2026-precision-feeding-nir-on-tank-dinamica-generale.png\" alt=\"\" class=\"wp-image-42996\" srcset=\"https:\/\/www.dinamicagenerale.com\/wp-content\/uploads\/2026\/03\/space-2026-precision-feeding-nir-on-tank-dinamica-generale.png 740w, https:\/\/www.dinamicagenerale.com\/wp-content\/uploads\/2026\/03\/space-2026-precision-feeding-nir-on-tank-dinamica-generale-300x154.png 300w\" sizes=\"auto, (max-width: 740px) 100vw, 740px\" \/><\/figure>\n<\/div>\n<\/div>\n\n<h2 class=\"wp-block-heading\">World Dairy Expo 2026 \u2013 Madison, Wisconsin, EUA<\/h2>\n\n<p class=\"wp-block-paragraph\">Por fim, em setembro, a Dinamica Generale vai atravessar o Atl\u00e2ntico.<\/p>\n\n<p class=\"wp-block-paragraph\">Nossa equipe vai estar em Madison, Wisconsin, para a World Dairy Expo 2026. O evento \u00e9 um dos pontos de encontro internacionais mais importantes para o setor leiteiro. <\/p>\n\n<p class=\"wp-block-paragraph\">O evento re\u00fane agricultores, nutricionistas, revendedores, fabricantes de equipamentos originais (OEMs) e profissionais do setor de latic\u00ednios de todo o mundo.<\/p>\n\n<p class=\"wp-block-paragraph\">Na World Dairy Expo, a Dinamica Generale vai apresentar suas solu\u00e7\u00f5es para alimenta\u00e7\u00e3o de precis\u00e3o e gest\u00e3o de fazendas leiteiras.<\/p>\n\n<p class=\"wp-block-paragraph\">Nossas tecnologias combinam sistemas de pesagem, an\u00e1lise NIR e ferramentas digitais. Assim, as fazendas podem melhorar a consist\u00eancia da alimenta\u00e7\u00e3o, monitorar o desempenho e aproveitar melhor seus dados. <\/p>\n\n<p class=\"wp-block-paragraph\"><strong>Datas:<\/strong> 29 de setembro a 2 de outubro de 2026<br\/><strong>Local:<\/strong> Madison, Wisconsin, EUA<br\/><strong>Estande:<\/strong> n\u00ba 2009<br\/><strong>Hor\u00e1rio:<\/strong> 9h00 \u2013 19h00<br\/><strong>Site:<\/strong> <a href=\"https:\/\/worlddairyexpo.com\/\" target=\"_blank\" rel=\"noreferrer noopener\">World Dairy Expo<\/a><\/p>\n\n<p class=\"wp-block-paragraph\"><strong><a href=\"https:\/\/www.dinamicagenerale.com\/pt-br\/event\/world-dairy-expo-2026-alimentacao-de-precisao-para-laticinios-de-alto-desempenho-dinamica-generale\/\" data-type=\"link\" data-id=\"https:\/\/www.dinamicagenerale.com\/event\/world-dairy-expo-2026-precision-feeding-for-high-performance-dairies-dinamica-generale\/\" target=\"_blank\" rel=\"noreferrer noopener\">Vem nos encontrar na World Dairy Expo<\/a><\/strong><\/p>\n\n<h3 class=\"wp-block-heading\">Quatro eventos. Um m\u00eas. Um objetivo: tornar a agricultura mais precisa.  <\/h3>\n\n<p class=\"wp-block-paragraph\">Em setembro, a Dinamica Generale vai viajar da Espanha para a Fran\u00e7a, a Pol\u00f4nia e os Estados Unidos.<\/p>\n\n<p class=\"wp-block-paragraph\">Cada evento vai abordar um aspecto diferente da agricultura moderna. Mas o objetivo continua o mesmo: usar tecnologia e dados para melhorar a efici\u00eancia e o controle. <\/p>\n\n<p class=\"wp-block-paragraph\"><strong>Voc\u00ea vai participar de algum desses eventos?<\/strong><\/p>\n\n<p class=\"wp-block-paragraph\">Conhe\u00e7a a equipe da Dinamica Generale e descubra como nossas tecnologias podem ajudar no seu pr\u00f3ximo projeto. Preencha o formul\u00e1rio abaixo! <\/p>\n","protected":false},"excerpt":{"rendered":"<p>Os eventos da Dinamica Generale em setembro de 2026 v\u00e3o levar nossa equipe da Europa para a Am\u00e9rica do Norte, [&hellip;]<\/p>\n","protected":false},"author":5,"featured_media":54582,"comment_status":"closed","ping_status":"closed","sticky":false,"template":"","format":"standard","meta":{"footnotes":""},"categories":[1209],"tags":[],"class_list":["post-54597","post","type-post","status-publish","format-standard","has-post-thumbnail","hentry","category-empresa"],"yoast_head":"<!-- This site is optimized with the Yoast SEO plugin v28.0 - https:\/\/yoast.com\/product\/yoast-seo-wordpress\/ -->\n<title>Onde encontrar a Dinamica Generale em setembro de 2026<\/title>\n<meta name=\"description\" content=\"Descubra onde encontrar a Dinamica Generale em setembro de 2026: ECPLF na Espanha, SPACE na Fran\u00e7a, AGRO SHOW na Pol\u00f4nia e World Dairy Expo nos EUA.\" \/>\n<meta name=\"robots\" content=\"index, follow, max-snippet:-1, max-image-preview:large, max-video-preview:-1\" \/>\n<link rel=\"canonical\" href=\"https:\/\/www.dinamicagenerale.com\/pt-br\/onde-encontrar-a-dinamica-generale-em-setembro-de-2026\/\" \/>\n<meta property=\"og:locale\" content=\"pt_BR\" \/>\n<meta property=\"og:type\" content=\"article\" \/>\n<meta property=\"og:title\" content=\"Onde encontrar a Dinamica Generale em setembro de 2026\" \/>\n<meta property=\"og:description\" content=\"Descubra onde encontrar a Dinamica Generale em setembro de 2026: ECPLF na Espanha, SPACE na Fran\u00e7a, AGRO SHOW na Pol\u00f4nia e World Dairy Expo nos EUA.\" \/>\n<meta property=\"og:url\" content=\"https:\/\/www.dinamicagenerale.com\/pt-br\/onde-encontrar-a-dinamica-generale-em-setembro-de-2026\/\" \/>\n<meta property=\"og:site_name\" content=\"Dinamica Generale\" \/>\n<meta property=\"article:published_time\" content=\"2026-09-02T07:25:00+00:00\" \/>\n<meta property=\"og:image\" content=\"https:\/\/www.dinamicagenerale.com\/wp-content\/uploads\/2026\/08\/Where-to-meet-Dinamica-Generale-in-September-2026-1024x528.png\" \/>\n\t<meta property=\"og:image:width\" content=\"1024\" \/>\n\t<meta property=\"og:image:height\" content=\"528\" \/>\n\t<meta property=\"og:image:type\" content=\"image\/png\" \/>\n<meta name=\"author\" content=\"leonardoparmeggiani\" \/>\n<meta name=\"twitter:card\" content=\"summary_large_image\" \/>\n<meta name=\"twitter:label1\" content=\"Escrito por\" \/>\n\t<meta name=\"twitter:data1\" content=\"leonardoparmeggiani\" \/>\n\t<meta name=\"twitter:label2\" content=\"Est. tempo de leitura\" \/>\n\t<meta name=\"twitter:data2\" content=\"4 minutos\" \/>\n<script type=\"application\/ld+json\" class=\"yoast-schema-graph\">{\"@context\":\"https:\\\/\\\/schema.org\",\"@graph\":[{\"@type\":\"Article\",\"@id\":\"https:\\\/\\\/www.dinamicagenerale.com\\\/pt-br\\\/onde-encontrar-a-dinamica-generale-em-setembro-de-2026\\\/#article\",\"isPartOf\":{\"@id\":\"https:\\\/\\\/www.dinamicagenerale.com\\\/pt-br\\\/onde-encontrar-a-dinamica-generale-em-setembro-de-2026\\\/\"},\"author\":{\"name\":\"leonardoparmeggiani\",\"@id\":\"https:\\\/\\\/www.dinamicagenerale.com\\\/pt-br\\\/#\\\/schema\\\/person\\\/a5c006ed54fc259d80e205e87334fd4e\"},\"headline\":\"Onde encontrar a Dinamica Generale em setembro de 2026\",\"datePublished\":\"2026-09-02T07:25:00+00:00\",\"mainEntityOfPage\":{\"@id\":\"https:\\\/\\\/www.dinamicagenerale.com\\\/pt-br\\\/onde-encontrar-a-dinamica-generale-em-setembro-de-2026\\\/\"},\"wordCount\":751,\"image\":{\"@id\":\"https:\\\/\\\/www.dinamicagenerale.com\\\/pt-br\\\/onde-encontrar-a-dinamica-generale-em-setembro-de-2026\\\/#primaryimage\"},\"thumbnailUrl\":\"https:\\\/\\\/www.dinamicagenerale.com\\\/wp-content\\\/uploads\\\/2026\\\/08\\\/Where-to-meet-Dinamica-Generale-in-September-2026.png\",\"articleSection\":[\"Empresa\"],\"inLanguage\":\"pt-BR\"},{\"@type\":\"WebPage\",\"@id\":\"https:\\\/\\\/www.dinamicagenerale.com\\\/pt-br\\\/onde-encontrar-a-dinamica-generale-em-setembro-de-2026\\\/\",\"url\":\"https:\\\/\\\/www.dinamicagenerale.com\\\/pt-br\\\/onde-encontrar-a-dinamica-generale-em-setembro-de-2026\\\/\",\"name\":\"Onde encontrar a Dinamica Generale em setembro de 2026\",\"isPartOf\":{\"@id\":\"https:\\\/\\\/www.dinamicagenerale.com\\\/pt-br\\\/#website\"},\"primaryImageOfPage\":{\"@id\":\"https:\\\/\\\/www.dinamicagenerale.com\\\/pt-br\\\/onde-encontrar-a-dinamica-generale-em-setembro-de-2026\\\/#primaryimage\"},\"image\":{\"@id\":\"https:\\\/\\\/www.dinamicagenerale.com\\\/pt-br\\\/onde-encontrar-a-dinamica-generale-em-setembro-de-2026\\\/#primaryimage\"},\"thumbnailUrl\":\"https:\\\/\\\/www.dinamicagenerale.com\\\/wp-content\\\/uploads\\\/2026\\\/08\\\/Where-to-meet-Dinamica-Generale-in-September-2026.png\",\"datePublished\":\"2026-09-02T07:25:00+00:00\",\"author\":{\"@id\":\"https:\\\/\\\/www.dinamicagenerale.com\\\/pt-br\\\/#\\\/schema\\\/person\\\/a5c006ed54fc259d80e205e87334fd4e\"},\"description\":\"Descubra onde encontrar a Dinamica Generale em setembro de 2026: ECPLF na Espanha, SPACE na Fran\u00e7a, AGRO SHOW na Pol\u00f4nia e World Dairy Expo nos EUA.\",\"breadcrumb\":{\"@id\":\"https:\\\/\\\/www.dinamicagenerale.com\\\/pt-br\\\/onde-encontrar-a-dinamica-generale-em-setembro-de-2026\\\/#breadcrumb\"},\"inLanguage\":\"pt-BR\",\"potentialAction\":[{\"@type\":\"ReadAction\",\"target\":[\"https:\\\/\\\/www.dinamicagenerale.com\\\/pt-br\\\/onde-encontrar-a-dinamica-generale-em-setembro-de-2026\\\/\"]}]},{\"@type\":\"ImageObject\",\"inLanguage\":\"pt-BR\",\"@id\":\"https:\\\/\\\/www.dinamicagenerale.com\\\/pt-br\\\/onde-encontrar-a-dinamica-generale-em-setembro-de-2026\\\/#primaryimage\",\"url\":\"https:\\\/\\\/www.dinamicagenerale.com\\\/wp-content\\\/uploads\\\/2026\\\/08\\\/Where-to-meet-Dinamica-Generale-in-September-2026.png\",\"contentUrl\":\"https:\\\/\\\/www.dinamicagenerale.com\\\/wp-content\\\/uploads\\\/2026\\\/08\\\/Where-to-meet-Dinamica-Generale-in-September-2026.png\",\"width\":2362,\"height\":1217},{\"@type\":\"BreadcrumbList\",\"@id\":\"https:\\\/\\\/www.dinamicagenerale.com\\\/pt-br\\\/onde-encontrar-a-dinamica-generale-em-setembro-de-2026\\\/#breadcrumb\",\"itemListElement\":[{\"@type\":\"ListItem\",\"position\":1,\"name\":\"Home\",\"item\":\"https:\\\/\\\/www.dinamicagenerale.com\\\/pt-br\\\/divisoes\\\/\"},{\"@type\":\"ListItem\",\"position\":2,\"name\":\"Onde encontrar a Dinamica Generale em setembro de 2026\"}]},{\"@type\":\"WebSite\",\"@id\":\"https:\\\/\\\/www.dinamicagenerale.com\\\/pt-br\\\/#website\",\"url\":\"https:\\\/\\\/www.dinamicagenerale.com\\\/pt-br\\\/\",\"name\":\"Dinamica Generale\",\"description\":\"\",\"potentialAction\":[{\"@type\":\"SearchAction\",\"target\":{\"@type\":\"EntryPoint\",\"urlTemplate\":\"https:\\\/\\\/www.dinamicagenerale.com\\\/pt-br\\\/?s={search_term_string}\"},\"query-input\":{\"@type\":\"PropertyValueSpecification\",\"valueRequired\":true,\"valueName\":\"search_term_string\"}}],\"inLanguage\":\"pt-BR\"},{\"@type\":\"Person\",\"@id\":\"https:\\\/\\\/www.dinamicagenerale.com\\\/pt-br\\\/#\\\/schema\\\/person\\\/a5c006ed54fc259d80e205e87334fd4e\",\"name\":\"leonardoparmeggiani\",\"image\":{\"@type\":\"ImageObject\",\"inLanguage\":\"pt-BR\",\"@id\":\"https:\\\/\\\/secure.gravatar.com\\\/avatar\\\/35c1e41d17eff04f4dc47409276969d2f6a1822502e0fd6396ed7c623180ec0f?s=96&d=mm&r=g\",\"url\":\"https:\\\/\\\/secure.gravatar.com\\\/avatar\\\/35c1e41d17eff04f4dc47409276969d2f6a1822502e0fd6396ed7c623180ec0f?s=96&d=mm&r=g\",\"contentUrl\":\"https:\\\/\\\/secure.gravatar.com\\\/avatar\\\/35c1e41d17eff04f4dc47409276969d2f6a1822502e0fd6396ed7c623180ec0f?s=96&d=mm&r=g\",\"caption\":\"leonardoparmeggiani\"}}]}<\/script>\n<!-- \/ Yoast SEO plugin. -->","yoast_head_json":{"title":"Onde encontrar a Dinamica Generale em setembro de 2026","description":"Descubra onde encontrar a Dinamica Generale em setembro de 2026: ECPLF na Espanha, SPACE na Fran\u00e7a, AGRO SHOW na Pol\u00f4nia e World Dairy Expo nos EUA.","robots":{"index":"index","follow":"follow","max-snippet":"max-snippet:-1","max-image-preview":"max-image-preview:large","max-video-preview":"max-video-preview:-1"},"canonical":"https:\/\/www.dinamicagenerale.com\/pt-br\/onde-encontrar-a-dinamica-generale-em-setembro-de-2026\/","og_locale":"pt_BR","og_type":"article","og_title":"Onde encontrar a Dinamica Generale em setembro de 2026","og_description":"Descubra onde encontrar a Dinamica Generale em setembro de 2026: ECPLF na Espanha, SPACE na Fran\u00e7a, AGRO SHOW na Pol\u00f4nia e World Dairy Expo nos EUA.","og_url":"https:\/\/www.dinamicagenerale.com\/pt-br\/onde-encontrar-a-dinamica-generale-em-setembro-de-2026\/","og_site_name":"Dinamica Generale","article_published_time":"2026-09-02T07:25:00+00:00","og_image":[{"width":1024,"height":528,"url":"https:\/\/www.dinamicagenerale.com\/wp-content\/uploads\/2026\/08\/Where-to-meet-Dinamica-Generale-in-September-2026-1024x528.png","type":"image\/png"}],"author":"leonardoparmeggiani","twitter_card":"summary_large_image","twitter_misc":{"Escrito por":"leonardoparmeggiani","Est. tempo de leitura":"4 minutos"},"schema":{"@context":"https:\/\/schema.org","@graph":[{"@type":"Article","@id":"https:\/\/www.dinamicagenerale.com\/pt-br\/onde-encontrar-a-dinamica-generale-em-setembro-de-2026\/#article","isPartOf":{"@id":"https:\/\/www.dinamicagenerale.com\/pt-br\/onde-encontrar-a-dinamica-generale-em-setembro-de-2026\/"},"author":{"name":"leonardoparmeggiani","@id":"https:\/\/www.dinamicagenerale.com\/pt-br\/#\/schema\/person\/a5c006ed54fc259d80e205e87334fd4e"},"headline":"Onde encontrar a Dinamica Generale em setembro de 2026","datePublished":"2026-09-02T07:25:00+00:00","mainEntityOfPage":{"@id":"https:\/\/www.dinamicagenerale.com\/pt-br\/onde-encontrar-a-dinamica-generale-em-setembro-de-2026\/"},"wordCount":751,"image":{"@id":"https:\/\/www.dinamicagenerale.com\/pt-br\/onde-encontrar-a-dinamica-generale-em-setembro-de-2026\/#primaryimage"},"thumbnailUrl":"https:\/\/www.dinamicagenerale.com\/wp-content\/uploads\/2026\/08\/Where-to-meet-Dinamica-Generale-in-September-2026.png","articleSection":["Empresa"],"inLanguage":"pt-BR"},{"@type":"WebPage","@id":"https:\/\/www.dinamicagenerale.com\/pt-br\/onde-encontrar-a-dinamica-generale-em-setembro-de-2026\/","url":"https:\/\/www.dinamicagenerale.com\/pt-br\/onde-encontrar-a-dinamica-generale-em-setembro-de-2026\/","name":"Onde encontrar a Dinamica Generale em setembro de 2026","isPartOf":{"@id":"https:\/\/www.dinamicagenerale.com\/pt-br\/#website"},"primaryImageOfPage":{"@id":"https:\/\/www.dinamicagenerale.com\/pt-br\/onde-encontrar-a-dinamica-generale-em-setembro-de-2026\/#primaryimage"},"image":{"@id":"https:\/\/www.dinamicagenerale.com\/pt-br\/onde-encontrar-a-dinamica-generale-em-setembro-de-2026\/#primaryimage"},"thumbnailUrl":"https:\/\/www.dinamicagenerale.com\/wp-content\/uploads\/2026\/08\/Where-to-meet-Dinamica-Generale-in-September-2026.png","datePublished":"2026-09-02T07:25:00+00:00","author":{"@id":"https:\/\/www.dinamicagenerale.com\/pt-br\/#\/schema\/person\/a5c006ed54fc259d80e205e87334fd4e"},"description":"Descubra onde encontrar a Dinamica Generale em setembro de 2026: ECPLF na Espanha, SPACE na Fran\u00e7a, AGRO SHOW na Pol\u00f4nia e World Dairy Expo nos EUA.","breadcrumb":{"@id":"https:\/\/www.dinamicagenerale.com\/pt-br\/onde-encontrar-a-dinamica-generale-em-setembro-de-2026\/#breadcrumb"},"inLanguage":"pt-BR","potentialAction":[{"@type":"ReadAction","target":["https:\/\/www.dinamicagenerale.com\/pt-br\/onde-encontrar-a-dinamica-generale-em-setembro-de-2026\/"]}]},{"@type":"ImageObject","inLanguage":"pt-BR","@id":"https:\/\/www.dinamicagenerale.com\/pt-br\/onde-encontrar-a-dinamica-generale-em-setembro-de-2026\/#primaryimage","url":"https:\/\/www.dinamicagenerale.com\/wp-content\/uploads\/2026\/08\/Where-to-meet-Dinamica-Generale-in-September-2026.png","contentUrl":"https:\/\/www.dinamicagenerale.com\/wp-content\/uploads\/2026\/08\/Where-to-meet-Dinamica-Generale-in-September-2026.png","width":2362,"height":1217},{"@type":"BreadcrumbList","@id":"https:\/\/www.dinamicagenerale.com\/pt-br\/onde-encontrar-a-dinamica-generale-em-setembro-de-2026\/#breadcrumb","itemListElement":[{"@type":"ListItem","position":1,"name":"Home","item":"https:\/\/www.dinamicagenerale.com\/pt-br\/divisoes\/"},{"@type":"ListItem","position":2,"name":"Onde encontrar a Dinamica Generale em setembro de 2026"}]},{"@type":"WebSite","@id":"https:\/\/www.dinamicagenerale.com\/pt-br\/#website","url":"https:\/\/www.dinamicagenerale.com\/pt-br\/","name":"Dinamica Generale","description":"","potentialAction":[{"@type":"SearchAction","target":{"@type":"EntryPoint","urlTemplate":"https:\/\/www.dinamicagenerale.com\/pt-br\/?s={search_term_string}"},"query-input":{"@type":"PropertyValueSpecification","valueRequired":true,"valueName":"search_term_string"}}],"inLanguage":"pt-BR"},{"@type":"Person","@id":"https:\/\/www.dinamicagenerale.com\/pt-br\/#\/schema\/person\/a5c006ed54fc259d80e205e87334fd4e","name":"leonardoparmeggiani","image":{"@type":"ImageObject","inLanguage":"pt-BR","@id":"https:\/\/secure.gravatar.com\/avatar\/35c1e41d17eff04f4dc47409276969d2f6a1822502e0fd6396ed7c623180ec0f?s=96&d=mm&r=g","url":"https:\/\/secure.gravatar.com\/avatar\/35c1e41d17eff04f4dc47409276969d2f6a1822502e0fd6396ed7c623180ec0f?s=96&d=mm&r=g","contentUrl":"https:\/\/secure.gravatar.com\/avatar\/35c1e41d17eff04f4dc47409276969d2f6a1822502e0fd6396ed7c623180ec0f?s=96&d=mm&r=g","caption":"leonardoparmeggiani"}}]}},"_links":{"self":[{"href":"https:\/\/www.dinamicagenerale.com\/pt-br\/wp-json\/wp\/v2\/posts\/54597","targetHints":{"allow":["GET"]}}],"collection":[{"href":"https:\/\/www.dinamicagenerale.com\/pt-br\/wp-json\/wp\/v2\/posts"}],"about":[{"href":"https:\/\/www.dinamicagenerale.com\/pt-br\/wp-json\/wp\/v2\/types\/post"}],"author":[{"embeddable":true,"href":"https:\/\/www.dinamicagenerale.com\/pt-br\/wp-json\/wp\/v2\/users\/5"}],"replies":[{"embeddable":true,"href":"https:\/\/www.dinamicagenerale.com\/pt-br\/wp-json\/wp\/v2\/comments?post=54597"}],"version-history":[{"count":2,"href":"https:\/\/www.dinamicagenerale.com\/pt-br\/wp-json\/wp\/v2\/posts\/54597\/revisions"}],"predecessor-version":[{"id":54614,"href":"https:\/\/www.dinamicagenerale.com\/pt-br\/wp-json\/wp\/v2\/posts\/54597\/revisions\/54614"}],"wp:featuredmedia":[{"embeddable":true,"href":"https:\/\/www.dinamicagenerale.com\/pt-br\/wp-json\/wp\/v2\/media\/54582"}],"wp:attachment":[{"href":"https:\/\/www.dinamicagenerale.com\/pt-br\/wp-json\/wp\/v2\/media?parent=54597"}],"wp:term":[{"taxonomy":"category","embeddable":true,"href":"https:\/\/www.dinamicagenerale.com\/pt-br\/wp-json\/wp\/v2\/categories?post=54597"},{"taxonomy":"post_tag","embeddable":true,"href":"https:\/\/www.dinamicagenerale.com\/pt-br\/wp-json\/wp\/v2\/tags?post=54597"}],"curies":[{"name":"wp","href":"https:\/\/api.w.org\/{rel}","templated":true}]}}