{"id":54155,"date":"2026-08-03T09:00:00","date_gmt":"2026-08-03T07:00:00","guid":{"rendered":"https:\/\/www.dinamicagenerale.com\/?p=54155"},"modified":"2026-07-31T11:32:34","modified_gmt":"2026-07-31T09:32:34","slug":"relatorio-de-sustentabilidade-2025-acoes-concretas-para-uma-empresa-mais-responsavel","status":"publish","type":"post","link":"https:\/\/www.dinamicagenerale.com\/pt-br\/relatorio-de-sustentabilidade-2025-acoes-concretas-para-uma-empresa-mais-responsavel\/","title":{"rendered":"Relat\u00f3rio de Sustentabilidade 2025: A\u00e7\u00f5es concretas para uma empresa mais respons\u00e1vel"},"content":{"rendered":"\n<p class=\"wp-block-paragraph\">Meio ambiente, energia, pessoas, governan\u00e7a, digitaliza\u00e7\u00e3o e seguran\u00e7a: ao longo de 2025, a Dinamica Generale alcan\u00e7ou novos marcos na sua jornada de sustentabilidade.<\/p>\n\n<p class=\"wp-block-paragraph\">Uma jornada constru\u00edda por meio de iniciativas concretas, criadas para melhorar os espa\u00e7os da empresa, promover o bem-estar dos funcion\u00e1rios e refor\u00e7ar a seguran\u00e7a, inclusive no \u00e2mbito digital.<\/p>\n\n<h2 class=\"wp-block-heading\">Novos espa\u00e7os verdes na nossa sede<\/h2>\n\n<p class=\"wp-block-paragraph\">Em 2025, foi conclu\u00edda uma nova \u00e1rea de estacionamento da empresa, junto com o plantio de 30 \u00e1rvores e a cria\u00e7\u00e3o de 500 m\u00b2 de novas \u00e1reas verdes.<\/p>\n\n<p class=\"wp-block-paragraph\">O projeto ajudou a revitalizar as \u00e1reas externas ao redor da sede, aumentando a quantidade de superf\u00edcies perme\u00e1veis e criando um ambiente mais agrad\u00e1vel e acolhedor para os funcion\u00e1rios e visitantes.<\/p>\n\n<figure class=\"wp-block-gallery has-nested-images columns-default is-cropped wp-block-gallery-1 is-layout-flex wp-block-gallery-is-layout-flex\">\n<figure class=\"wp-block-image size-full\"><img loading=\"lazy\" decoding=\"async\" width=\"586\" height=\"600\" data-id=\"54068\" src=\"https:\/\/www.dinamicagenerale.com\/wp-content\/uploads\/2026\/07\/New-Green-Spaces-at-Our-Headquarters-dinamica-generale-1.png\" alt=\"\" class=\"wp-image-54068\" srcset=\"https:\/\/www.dinamicagenerale.com\/wp-content\/uploads\/2026\/07\/New-Green-Spaces-at-Our-Headquarters-dinamica-generale-1.png 586w, https:\/\/www.dinamicagenerale.com\/wp-content\/uploads\/2026\/07\/New-Green-Spaces-at-Our-Headquarters-dinamica-generale-1-293x300.png 293w\" sizes=\"auto, (max-width: 586px) 100vw, 586px\" \/><\/figure>\n\n\n\n<figure class=\"wp-block-image size-large\"><img loading=\"lazy\" decoding=\"async\" width=\"586\" height=\"600\" data-id=\"54070\" src=\"https:\/\/www.dinamicagenerale.com\/wp-content\/uploads\/2026\/07\/New-Green-Spaces-at-Our-Headquarters-dinamica-generale-2.png\" alt=\"\" class=\"wp-image-54070\" srcset=\"https:\/\/www.dinamicagenerale.com\/wp-content\/uploads\/2026\/07\/New-Green-Spaces-at-Our-Headquarters-dinamica-generale-2.png 586w, https:\/\/www.dinamicagenerale.com\/wp-content\/uploads\/2026\/07\/New-Green-Spaces-at-Our-Headquarters-dinamica-generale-2-293x300.png 293w\" sizes=\"auto, (max-width: 586px) 100vw, 586px\" \/><\/figure>\n\n\n\n<figure class=\"wp-block-image size-large\"><img loading=\"lazy\" decoding=\"async\" width=\"586\" height=\"600\" data-id=\"54069\" src=\"https:\/\/www.dinamicagenerale.com\/wp-content\/uploads\/2026\/07\/New-Green-Spaces-at-Our-Headquarters-dinamica-generale-3.png\" alt=\"\" class=\"wp-image-54069\" srcset=\"https:\/\/www.dinamicagenerale.com\/wp-content\/uploads\/2026\/07\/New-Green-Spaces-at-Our-Headquarters-dinamica-generale-3.png 586w, https:\/\/www.dinamicagenerale.com\/wp-content\/uploads\/2026\/07\/New-Green-Spaces-at-Our-Headquarters-dinamica-generale-3-293x300.png 293w\" sizes=\"auto, (max-width: 586px) 100vw, 586px\" \/><\/figure>\n<\/figure>\n\n<h2 class=\"wp-block-heading\">Um novo sistema fotovoltaico de 60 kWp<\/h2>\n\n<p class=\"wp-block-paragraph\">Entre as iniciativas mais importantes relacionadas \u00e0 energia, destacou-se a instala\u00e7\u00e3o de um novo sistema fotovoltaico de 60 kWp, desenvolvido por meio do programa de financiamento dedicado \u00e0s Comunidades de Energia Renov\u00e1vel, conhecido na It\u00e1lia como CER.<\/p>\n\n<p class=\"wp-block-paragraph\">O novo sistema representa mais um passo em dire\u00e7\u00e3o a um uso mais respons\u00e1vel da energia e ao aumento da produ\u00e7\u00e3o a partir de fontes renov\u00e1veis, ajudando a reduzir o impacto ambiental das opera\u00e7\u00f5es da empresa.<\/p>\n<div class=\"wp-block-image\">\n<figure class=\"aligncenter size-large\"><img loading=\"lazy\" decoding=\"async\" width=\"1024\" height=\"528\" src=\"https:\/\/www.dinamicagenerale.com\/wp-content\/uploads\/2026\/07\/A-New-60-kWp-Photovoltaic-System-1024x528.png\" alt=\"\" class=\"wp-image-54089\" srcset=\"https:\/\/www.dinamicagenerale.com\/wp-content\/uploads\/2026\/07\/A-New-60-kWp-Photovoltaic-System-1024x528.png 1024w, https:\/\/www.dinamicagenerale.com\/wp-content\/uploads\/2026\/07\/A-New-60-kWp-Photovoltaic-System-300x155.png 300w, https:\/\/www.dinamicagenerale.com\/wp-content\/uploads\/2026\/07\/A-New-60-kWp-Photovoltaic-System-768x396.png 768w, https:\/\/www.dinamicagenerale.com\/wp-content\/uploads\/2026\/07\/A-New-60-kWp-Photovoltaic-System-1536x791.png 1536w, https:\/\/www.dinamicagenerale.com\/wp-content\/uploads\/2026\/07\/A-New-60-kWp-Photovoltaic-System-2048x1055.png 2048w\" sizes=\"auto, (max-width: 1024px) 100vw, 1024px\" \/><\/figure>\n<\/div>\n<h2 class=\"wp-block-heading\">Uma \u00e1rea de esportes dedicada ao bem-estar dos funcion\u00e1rios<\/h2>\n\n<p class=\"wp-block-paragraph\">Tamb\u00e9m foi criada uma nova \u00e1rea de gin\u00e1stica ao ar livre dentro do espa\u00e7o verde da empresa.<\/p>\n\n<p class=\"wp-block-paragraph\">A \u00e1rea foi projetada para incentivar a atividade f\u00edsica, o bem-estar e a intera\u00e7\u00e3o entre os funcion\u00e1rios, refor\u00e7ando a rela\u00e7\u00e3o entre a qualidade do ambiente de trabalho e a aten\u00e7\u00e3o \u00e0 sa\u00fade pessoal.<\/p>\n\n<figure class=\"wp-block-gallery has-nested-images columns-default is-cropped wp-block-gallery-2 is-layout-flex wp-block-gallery-is-layout-flex\">\n<figure class=\"wp-block-image size-large\"><img loading=\"lazy\" decoding=\"async\" width=\"586\" height=\"600\" data-id=\"54099\" src=\"https:\/\/www.dinamicagenerale.com\/wp-content\/uploads\/2026\/07\/A-Sports-Area-Dedicated-to-Employee-Wellbeing-DINAMICA-GENERALE-2.png\" alt=\"\" class=\"wp-image-54099\" srcset=\"https:\/\/www.dinamicagenerale.com\/wp-content\/uploads\/2026\/07\/A-Sports-Area-Dedicated-to-Employee-Wellbeing-DINAMICA-GENERALE-2.png 586w, https:\/\/www.dinamicagenerale.com\/wp-content\/uploads\/2026\/07\/A-Sports-Area-Dedicated-to-Employee-Wellbeing-DINAMICA-GENERALE-2-293x300.png 293w\" sizes=\"auto, (max-width: 586px) 100vw, 586px\" \/><\/figure>\n\n\n\n<figure class=\"wp-block-image size-large\"><img loading=\"lazy\" decoding=\"async\" width=\"586\" height=\"600\" data-id=\"54109\" src=\"https:\/\/www.dinamicagenerale.com\/wp-content\/uploads\/2026\/07\/A-Sports-Area-Dedicated-to-Employee-Wellbeing-DINAMICA-GENERALE-1.png\" alt=\"\" class=\"wp-image-54109\" srcset=\"https:\/\/www.dinamicagenerale.com\/wp-content\/uploads\/2026\/07\/A-Sports-Area-Dedicated-to-Employee-Wellbeing-DINAMICA-GENERALE-1.png 586w, https:\/\/www.dinamicagenerale.com\/wp-content\/uploads\/2026\/07\/A-Sports-Area-Dedicated-to-Employee-Wellbeing-DINAMICA-GENERALE-1-293x300.png 293w\" sizes=\"auto, (max-width: 586px) 100vw, 586px\" \/><\/figure>\n<\/figure>\n\n<h2 class=\"wp-block-heading\">Mulheres em cargos de gest\u00e3o e no Conselho de Administra\u00e7\u00e3o<\/h2>\n\n<p class=\"wp-block-paragraph\">Em 2025, as mulheres representavam 54% dos gerentes de primeira linha da Dinamica Generale que se reportavam diretamente \u00e0 alta administra\u00e7\u00e3o.<\/p>\n\n<p class=\"wp-block-paragraph\">A representa\u00e7\u00e3o feminina tamb\u00e9m \u00e9 significativa no n\u00edvel da governan\u00e7a, com as mulheres representando 66% do Conselho de Administra\u00e7\u00e3o da empresa.<\/p>\n\n<p class=\"wp-block-paragraph\">Esses n\u00fameros mostram o compromisso da empresa em valorizar as compet\u00eancias, a experi\u00eancia e as diferentes perspectivas nos processos de gest\u00e3o e tomada de decis\u00e3o.<\/p>\n\n<h2 class=\"wp-block-heading\">Certifica\u00e7\u00e3o ISO\/IEC 27001:2022 para Seguran\u00e7a da Informa\u00e7\u00e3o<\/h2>\n\n<div class=\"wp-block-columns is-layout-flex wp-container-core-columns-is-layout-8f761849 wp-block-columns-is-layout-flex\">\n<div class=\"wp-block-column is-layout-flow wp-block-column-is-layout-flow\"><div class=\"wp-block-image\">\n<figure class=\"aligncenter size-large\"><img loading=\"lazy\" decoding=\"async\" width=\"1024\" height=\"528\" src=\"https:\/\/www.dinamicagenerale.com\/wp-content\/uploads\/2025\/12\/ISO-IEC-27001-certification-1024x528.png\" alt=\"\" class=\"wp-image-34485\" srcset=\"https:\/\/www.dinamicagenerale.com\/wp-content\/uploads\/2025\/12\/ISO-IEC-27001-certification-1024x528.png 1024w, https:\/\/www.dinamicagenerale.com\/wp-content\/uploads\/2025\/12\/ISO-IEC-27001-certification-300x155.png 300w, https:\/\/www.dinamicagenerale.com\/wp-content\/uploads\/2025\/12\/ISO-IEC-27001-certification-768x396.png 768w, https:\/\/www.dinamicagenerale.com\/wp-content\/uploads\/2025\/12\/ISO-IEC-27001-certification-1536x791.png 1536w, https:\/\/www.dinamicagenerale.com\/wp-content\/uploads\/2025\/12\/ISO-IEC-27001-certification-2048x1055.png 2048w\" sizes=\"auto, (max-width: 1024px) 100vw, 1024px\" \/><\/figure>\n<\/div><\/div>\n\n\n\n<div class=\"wp-block-column is-vertically-aligned-center is-layout-flow wp-block-column-is-layout-flow\">\n<p class=\"wp-block-paragraph\">A transforma\u00e7\u00e3o digital cria novas oportunidades, mas tamb\u00e9m aumenta a necessidade de proteger informa\u00e7\u00f5es, sistemas e processos de neg\u00f3cios.<\/p>\n\n\n\n<p class=\"wp-block-paragraph\">Em 2025, a Dinamica Generale obteve a certifica\u00e7\u00e3o ISO\/IEC 27001:2022, a norma internacional para sistemas de gest\u00e3o da seguran\u00e7a da informa\u00e7\u00e3o.<\/p>\n\n\n\n<p class=\"wp-block-paragraph\">A certifica\u00e7\u00e3o confirma o compromisso da empresa com a prote\u00e7\u00e3o de dados, a gest\u00e3o de riscos de seguran\u00e7a cibern\u00e9tica e a ado\u00e7\u00e3o de processos estruturados, criados para garantir seguran\u00e7a, confiabilidade e continuidade dos neg\u00f3cios.<\/p>\n<\/div>\n<\/div>\n\n<h2 class=\"wp-block-heading\">Dia da Seguran\u00e7a: Aprendendo atrav\u00e9s da participa\u00e7\u00e3o<\/h2>\n\n<p class=\"wp-block-paragraph\">A sa\u00fade e a seguran\u00e7a no trabalho continuam sendo uma prioridade para a Dinamica Generale.<\/p>\n\n<p class=\"wp-block-paragraph\">Em 2025, a empresa organizou um Dia da Seguran\u00e7a dedicado ao treinamento e \u00e0 conscientiza\u00e7\u00e3o sobre seguran\u00e7a no trabalho.<\/p>\n\n<p class=\"wp-block-paragraph\">A iniciativa envolveu os funcion\u00e1rios por meio de atividades interativas, envolventes e inovadoras, com o objetivo de tornar o treinamento mais eficaz, pr\u00e1tico e intimamente ligado \u00e0s situa\u00e7\u00f5es que podem surgir no dia a dia do trabalho.<\/p>\n\n<h3 class=\"wp-block-heading\">A sustentabilidade como parte da nossa forma de fazer neg\u00f3cios<\/h3>\n\n<p class=\"wp-block-paragraph\">Para a Dinamica Generale, a sustentabilidade n\u00e3o \u00e9 s\u00f3 uma iniciativa isolada, mas uma jornada cont\u00ednua que influencia a forma como a empresa cresce, investe, opera e toma decis\u00f5es.<\/p>\n\n<p class=\"wp-block-paragraph\">Meio ambiente, energia, bem-estar, inclus\u00e3o, governan\u00e7a e seguran\u00e7a fazem, portanto, parte do mesmo compromisso: criar valor para as pessoas, a comunidade local e todo o ecossistema em que a empresa atua.<\/p>\n\n<p class=\"wp-block-paragraph\"><strong>Descubra todas as conquistas e compromissos da Dinamica Generale no <a href=\"https:\/\/www.dinamicagenerale.com\/wp-content\/uploads\/2026\/07\/Dinamica-Generale-Report-2025_20260727.pdf\" data-type=\"link\" data-id=\"https:\/\/www.dinamicagenerale.com\/wp-content\/uploads\/2026\/07\/Dinamica-Generale-Report-2025_20260727.pdf\" target=\"_blank\" rel=\"noreferrer noopener\">Relat\u00f3rio de Sustentabilidade 2025.<\/a><\/strong><\/p>\n","protected":false},"excerpt":{"rendered":"<p>Meio ambiente, energia, pessoas, governan\u00e7a, digitaliza\u00e7\u00e3o e seguran\u00e7a: ao longo de 2025, a Dinamica Generale alcan\u00e7ou novos marcos na sua [&hellip;]<\/p>\n","protected":false},"author":5,"featured_media":54139,"comment_status":"closed","ping_status":"closed","sticky":false,"template":"","format":"standard","meta":{"footnotes":""},"categories":[1209],"tags":[],"class_list":["post-54155","post","type-post","status-publish","format-standard","has-post-thumbnail","hentry","category-empresa"],"yoast_head":"<!-- This site is optimized with the Yoast SEO plugin v28.0 - https:\/\/yoast.com\/product\/yoast-seo-wordpress\/ -->\n<title>Relat\u00f3rio de Sustentabilidade 2025 da Dinamica Generale. Principais conquistas<\/title>\n<meta name=\"description\" content=\"D\u00e1 uma olhada no Relat\u00f3rio de Sustentabilidade 2025 da Dinamica Generale e descobre nossas conquistas nas \u00e1reas de energia, meio ambiente, pessoas, governan\u00e7a, seguran\u00e7a cibern\u00e9tica e seguran\u00e7a.\" \/>\n<meta name=\"robots\" content=\"index, follow, max-snippet:-1, max-image-preview:large, max-video-preview:-1\" \/>\n<link rel=\"canonical\" href=\"https:\/\/www.dinamicagenerale.com\/pt-br\/relatorio-de-sustentabilidade-2025-acoes-concretas-para-uma-empresa-mais-responsavel\/\" \/>\n<meta property=\"og:locale\" content=\"pt_BR\" \/>\n<meta property=\"og:type\" content=\"article\" \/>\n<meta property=\"og:title\" content=\"Relat\u00f3rio de Sustentabilidade 2025 da Dinamica Generale. Principais conquistas\" \/>\n<meta property=\"og:description\" content=\"D\u00e1 uma olhada no Relat\u00f3rio de Sustentabilidade 2025 da Dinamica Generale e descobre nossas conquistas nas \u00e1reas de energia, meio ambiente, pessoas, governan\u00e7a, seguran\u00e7a cibern\u00e9tica e seguran\u00e7a.\" \/>\n<meta property=\"og:url\" content=\"https:\/\/www.dinamicagenerale.com\/pt-br\/relatorio-de-sustentabilidade-2025-acoes-concretas-para-uma-empresa-mais-responsavel\/\" \/>\n<meta property=\"og:site_name\" content=\"Dinamica Generale\" \/>\n<meta property=\"article:published_time\" content=\"2026-08-03T07:00:00+00:00\" \/>\n<meta property=\"og:image\" content=\"https:\/\/www.dinamicagenerale.com\/wp-content\/uploads\/2026\/07\/Sustainability-Report-2025.-Dinamica-Generale-Achievements-1024x528.png\" \/>\n\t<meta property=\"og:image:width\" content=\"1024\" \/>\n\t<meta property=\"og:image:height\" content=\"528\" \/>\n\t<meta property=\"og:image:type\" content=\"image\/png\" \/>\n<meta name=\"author\" content=\"leonardoparmeggiani\" \/>\n<meta name=\"twitter:card\" content=\"summary_large_image\" \/>\n<meta name=\"twitter:label1\" content=\"Escrito por\" \/>\n\t<meta name=\"twitter:data1\" content=\"leonardoparmeggiani\" \/>\n\t<meta name=\"twitter:label2\" content=\"Est. tempo de leitura\" \/>\n\t<meta name=\"twitter:data2\" content=\"3 minutos\" \/>\n<script type=\"application\/ld+json\" class=\"yoast-schema-graph\">{\"@context\":\"https:\\\/\\\/schema.org\",\"@graph\":[{\"@type\":\"Article\",\"@id\":\"https:\\\/\\\/www.dinamicagenerale.com\\\/pt-br\\\/relatorio-de-sustentabilidade-2025-acoes-concretas-para-uma-empresa-mais-responsavel\\\/#article\",\"isPartOf\":{\"@id\":\"https:\\\/\\\/www.dinamicagenerale.com\\\/pt-br\\\/relatorio-de-sustentabilidade-2025-acoes-concretas-para-uma-empresa-mais-responsavel\\\/\"},\"author\":{\"name\":\"leonardoparmeggiani\",\"@id\":\"https:\\\/\\\/www.dinamicagenerale.com\\\/pt-br\\\/#\\\/schema\\\/person\\\/a5c006ed54fc259d80e205e87334fd4e\"},\"headline\":\"Relat\u00f3rio de Sustentabilidade 2025: A\u00e7\u00f5es concretas para uma empresa mais respons\u00e1vel\",\"datePublished\":\"2026-08-03T07:00:00+00:00\",\"mainEntityOfPage\":{\"@id\":\"https:\\\/\\\/www.dinamicagenerale.com\\\/pt-br\\\/relatorio-de-sustentabilidade-2025-acoes-concretas-para-uma-empresa-mais-responsavel\\\/\"},\"wordCount\":656,\"image\":{\"@id\":\"https:\\\/\\\/www.dinamicagenerale.com\\\/pt-br\\\/relatorio-de-sustentabilidade-2025-acoes-concretas-para-uma-empresa-mais-responsavel\\\/#primaryimage\"},\"thumbnailUrl\":\"https:\\\/\\\/www.dinamicagenerale.com\\\/wp-content\\\/uploads\\\/2026\\\/07\\\/Sustainability-Report-2025.-Dinamica-Generale-Achievements.png\",\"articleSection\":[\"Empresa\"],\"inLanguage\":\"pt-BR\"},{\"@type\":\"WebPage\",\"@id\":\"https:\\\/\\\/www.dinamicagenerale.com\\\/pt-br\\\/relatorio-de-sustentabilidade-2025-acoes-concretas-para-uma-empresa-mais-responsavel\\\/\",\"url\":\"https:\\\/\\\/www.dinamicagenerale.com\\\/pt-br\\\/relatorio-de-sustentabilidade-2025-acoes-concretas-para-uma-empresa-mais-responsavel\\\/\",\"name\":\"Relat\u00f3rio de Sustentabilidade 2025 da Dinamica Generale. Principais conquistas\",\"isPartOf\":{\"@id\":\"https:\\\/\\\/www.dinamicagenerale.com\\\/pt-br\\\/#website\"},\"primaryImageOfPage\":{\"@id\":\"https:\\\/\\\/www.dinamicagenerale.com\\\/pt-br\\\/relatorio-de-sustentabilidade-2025-acoes-concretas-para-uma-empresa-mais-responsavel\\\/#primaryimage\"},\"image\":{\"@id\":\"https:\\\/\\\/www.dinamicagenerale.com\\\/pt-br\\\/relatorio-de-sustentabilidade-2025-acoes-concretas-para-uma-empresa-mais-responsavel\\\/#primaryimage\"},\"thumbnailUrl\":\"https:\\\/\\\/www.dinamicagenerale.com\\\/wp-content\\\/uploads\\\/2026\\\/07\\\/Sustainability-Report-2025.-Dinamica-Generale-Achievements.png\",\"datePublished\":\"2026-08-03T07:00:00+00:00\",\"author\":{\"@id\":\"https:\\\/\\\/www.dinamicagenerale.com\\\/pt-br\\\/#\\\/schema\\\/person\\\/a5c006ed54fc259d80e205e87334fd4e\"},\"description\":\"D\u00e1 uma olhada no Relat\u00f3rio de Sustentabilidade 2025 da Dinamica Generale e descobre nossas conquistas nas \u00e1reas de energia, meio ambiente, pessoas, governan\u00e7a, seguran\u00e7a cibern\u00e9tica e seguran\u00e7a.\",\"breadcrumb\":{\"@id\":\"https:\\\/\\\/www.dinamicagenerale.com\\\/pt-br\\\/relatorio-de-sustentabilidade-2025-acoes-concretas-para-uma-empresa-mais-responsavel\\\/#breadcrumb\"},\"inLanguage\":\"pt-BR\",\"potentialAction\":[{\"@type\":\"ReadAction\",\"target\":[\"https:\\\/\\\/www.dinamicagenerale.com\\\/pt-br\\\/relatorio-de-sustentabilidade-2025-acoes-concretas-para-uma-empresa-mais-responsavel\\\/\"]}]},{\"@type\":\"ImageObject\",\"inLanguage\":\"pt-BR\",\"@id\":\"https:\\\/\\\/www.dinamicagenerale.com\\\/pt-br\\\/relatorio-de-sustentabilidade-2025-acoes-concretas-para-uma-empresa-mais-responsavel\\\/#primaryimage\",\"url\":\"https:\\\/\\\/www.dinamicagenerale.com\\\/wp-content\\\/uploads\\\/2026\\\/07\\\/Sustainability-Report-2025.-Dinamica-Generale-Achievements.png\",\"contentUrl\":\"https:\\\/\\\/www.dinamicagenerale.com\\\/wp-content\\\/uploads\\\/2026\\\/07\\\/Sustainability-Report-2025.-Dinamica-Generale-Achievements.png\",\"width\":2362,\"height\":1217},{\"@type\":\"BreadcrumbList\",\"@id\":\"https:\\\/\\\/www.dinamicagenerale.com\\\/pt-br\\\/relatorio-de-sustentabilidade-2025-acoes-concretas-para-uma-empresa-mais-responsavel\\\/#breadcrumb\",\"itemListElement\":[{\"@type\":\"ListItem\",\"position\":1,\"name\":\"Home\",\"item\":\"https:\\\/\\\/www.dinamicagenerale.com\\\/pt-br\\\/divisoes\\\/\"},{\"@type\":\"ListItem\",\"position\":2,\"name\":\"Relat\u00f3rio de Sustentabilidade 2025: A\u00e7\u00f5es concretas para uma empresa mais respons\u00e1vel\"}]},{\"@type\":\"WebSite\",\"@id\":\"https:\\\/\\\/www.dinamicagenerale.com\\\/pt-br\\\/#website\",\"url\":\"https:\\\/\\\/www.dinamicagenerale.com\\\/pt-br\\\/\",\"name\":\"Dinamica Generale\",\"description\":\"\",\"potentialAction\":[{\"@type\":\"SearchAction\",\"target\":{\"@type\":\"EntryPoint\",\"urlTemplate\":\"https:\\\/\\\/www.dinamicagenerale.com\\\/pt-br\\\/?s={search_term_string}\"},\"query-input\":{\"@type\":\"PropertyValueSpecification\",\"valueRequired\":true,\"valueName\":\"search_term_string\"}}],\"inLanguage\":\"pt-BR\"},{\"@type\":\"Person\",\"@id\":\"https:\\\/\\\/www.dinamicagenerale.com\\\/pt-br\\\/#\\\/schema\\\/person\\\/a5c006ed54fc259d80e205e87334fd4e\",\"name\":\"leonardoparmeggiani\",\"image\":{\"@type\":\"ImageObject\",\"inLanguage\":\"pt-BR\",\"@id\":\"https:\\\/\\\/secure.gravatar.com\\\/avatar\\\/35c1e41d17eff04f4dc47409276969d2f6a1822502e0fd6396ed7c623180ec0f?s=96&d=mm&r=g\",\"url\":\"https:\\\/\\\/secure.gravatar.com\\\/avatar\\\/35c1e41d17eff04f4dc47409276969d2f6a1822502e0fd6396ed7c623180ec0f?s=96&d=mm&r=g\",\"contentUrl\":\"https:\\\/\\\/secure.gravatar.com\\\/avatar\\\/35c1e41d17eff04f4dc47409276969d2f6a1822502e0fd6396ed7c623180ec0f?s=96&d=mm&r=g\",\"caption\":\"leonardoparmeggiani\"}}]}<\/script>\n<!-- \/ Yoast SEO plugin. -->","yoast_head_json":{"title":"Relat\u00f3rio de Sustentabilidade 2025 da Dinamica Generale. Principais conquistas","description":"D\u00e1 uma olhada no Relat\u00f3rio de Sustentabilidade 2025 da Dinamica Generale e descobre nossas conquistas nas \u00e1reas de energia, meio ambiente, pessoas, governan\u00e7a, seguran\u00e7a cibern\u00e9tica e seguran\u00e7a.","robots":{"index":"index","follow":"follow","max-snippet":"max-snippet:-1","max-image-preview":"max-image-preview:large","max-video-preview":"max-video-preview:-1"},"canonical":"https:\/\/www.dinamicagenerale.com\/pt-br\/relatorio-de-sustentabilidade-2025-acoes-concretas-para-uma-empresa-mais-responsavel\/","og_locale":"pt_BR","og_type":"article","og_title":"Relat\u00f3rio de Sustentabilidade 2025 da Dinamica Generale. Principais conquistas","og_description":"D\u00e1 uma olhada no Relat\u00f3rio de Sustentabilidade 2025 da Dinamica Generale e descobre nossas conquistas nas \u00e1reas de energia, meio ambiente, pessoas, governan\u00e7a, seguran\u00e7a cibern\u00e9tica e seguran\u00e7a.","og_url":"https:\/\/www.dinamicagenerale.com\/pt-br\/relatorio-de-sustentabilidade-2025-acoes-concretas-para-uma-empresa-mais-responsavel\/","og_site_name":"Dinamica Generale","article_published_time":"2026-08-03T07:00:00+00:00","og_image":[{"width":1024,"height":528,"url":"https:\/\/www.dinamicagenerale.com\/wp-content\/uploads\/2026\/07\/Sustainability-Report-2025.-Dinamica-Generale-Achievements-1024x528.png","type":"image\/png"}],"author":"leonardoparmeggiani","twitter_card":"summary_large_image","twitter_misc":{"Escrito por":"leonardoparmeggiani","Est. tempo de leitura":"3 minutos"},"schema":{"@context":"https:\/\/schema.org","@graph":[{"@type":"Article","@id":"https:\/\/www.dinamicagenerale.com\/pt-br\/relatorio-de-sustentabilidade-2025-acoes-concretas-para-uma-empresa-mais-responsavel\/#article","isPartOf":{"@id":"https:\/\/www.dinamicagenerale.com\/pt-br\/relatorio-de-sustentabilidade-2025-acoes-concretas-para-uma-empresa-mais-responsavel\/"},"author":{"name":"leonardoparmeggiani","@id":"https:\/\/www.dinamicagenerale.com\/pt-br\/#\/schema\/person\/a5c006ed54fc259d80e205e87334fd4e"},"headline":"Relat\u00f3rio de Sustentabilidade 2025: A\u00e7\u00f5es concretas para uma empresa mais respons\u00e1vel","datePublished":"2026-08-03T07:00:00+00:00","mainEntityOfPage":{"@id":"https:\/\/www.dinamicagenerale.com\/pt-br\/relatorio-de-sustentabilidade-2025-acoes-concretas-para-uma-empresa-mais-responsavel\/"},"wordCount":656,"image":{"@id":"https:\/\/www.dinamicagenerale.com\/pt-br\/relatorio-de-sustentabilidade-2025-acoes-concretas-para-uma-empresa-mais-responsavel\/#primaryimage"},"thumbnailUrl":"https:\/\/www.dinamicagenerale.com\/wp-content\/uploads\/2026\/07\/Sustainability-Report-2025.-Dinamica-Generale-Achievements.png","articleSection":["Empresa"],"inLanguage":"pt-BR"},{"@type":"WebPage","@id":"https:\/\/www.dinamicagenerale.com\/pt-br\/relatorio-de-sustentabilidade-2025-acoes-concretas-para-uma-empresa-mais-responsavel\/","url":"https:\/\/www.dinamicagenerale.com\/pt-br\/relatorio-de-sustentabilidade-2025-acoes-concretas-para-uma-empresa-mais-responsavel\/","name":"Relat\u00f3rio de Sustentabilidade 2025 da Dinamica Generale. Principais conquistas","isPartOf":{"@id":"https:\/\/www.dinamicagenerale.com\/pt-br\/#website"},"primaryImageOfPage":{"@id":"https:\/\/www.dinamicagenerale.com\/pt-br\/relatorio-de-sustentabilidade-2025-acoes-concretas-para-uma-empresa-mais-responsavel\/#primaryimage"},"image":{"@id":"https:\/\/www.dinamicagenerale.com\/pt-br\/relatorio-de-sustentabilidade-2025-acoes-concretas-para-uma-empresa-mais-responsavel\/#primaryimage"},"thumbnailUrl":"https:\/\/www.dinamicagenerale.com\/wp-content\/uploads\/2026\/07\/Sustainability-Report-2025.-Dinamica-Generale-Achievements.png","datePublished":"2026-08-03T07:00:00+00:00","author":{"@id":"https:\/\/www.dinamicagenerale.com\/pt-br\/#\/schema\/person\/a5c006ed54fc259d80e205e87334fd4e"},"description":"D\u00e1 uma olhada no Relat\u00f3rio de Sustentabilidade 2025 da Dinamica Generale e descobre nossas conquistas nas \u00e1reas de energia, meio ambiente, pessoas, governan\u00e7a, seguran\u00e7a cibern\u00e9tica e seguran\u00e7a.","breadcrumb":{"@id":"https:\/\/www.dinamicagenerale.com\/pt-br\/relatorio-de-sustentabilidade-2025-acoes-concretas-para-uma-empresa-mais-responsavel\/#breadcrumb"},"inLanguage":"pt-BR","potentialAction":[{"@type":"ReadAction","target":["https:\/\/www.dinamicagenerale.com\/pt-br\/relatorio-de-sustentabilidade-2025-acoes-concretas-para-uma-empresa-mais-responsavel\/"]}]},{"@type":"ImageObject","inLanguage":"pt-BR","@id":"https:\/\/www.dinamicagenerale.com\/pt-br\/relatorio-de-sustentabilidade-2025-acoes-concretas-para-uma-empresa-mais-responsavel\/#primaryimage","url":"https:\/\/www.dinamicagenerale.com\/wp-content\/uploads\/2026\/07\/Sustainability-Report-2025.-Dinamica-Generale-Achievements.png","contentUrl":"https:\/\/www.dinamicagenerale.com\/wp-content\/uploads\/2026\/07\/Sustainability-Report-2025.-Dinamica-Generale-Achievements.png","width":2362,"height":1217},{"@type":"BreadcrumbList","@id":"https:\/\/www.dinamicagenerale.com\/pt-br\/relatorio-de-sustentabilidade-2025-acoes-concretas-para-uma-empresa-mais-responsavel\/#breadcrumb","itemListElement":[{"@type":"ListItem","position":1,"name":"Home","item":"https:\/\/www.dinamicagenerale.com\/pt-br\/divisoes\/"},{"@type":"ListItem","position":2,"name":"Relat\u00f3rio de Sustentabilidade 2025: A\u00e7\u00f5es concretas para uma empresa mais respons\u00e1vel"}]},{"@type":"WebSite","@id":"https:\/\/www.dinamicagenerale.com\/pt-br\/#website","url":"https:\/\/www.dinamicagenerale.com\/pt-br\/","name":"Dinamica Generale","description":"","potentialAction":[{"@type":"SearchAction","target":{"@type":"EntryPoint","urlTemplate":"https:\/\/www.dinamicagenerale.com\/pt-br\/?s={search_term_string}"},"query-input":{"@type":"PropertyValueSpecification","valueRequired":true,"valueName":"search_term_string"}}],"inLanguage":"pt-BR"},{"@type":"Person","@id":"https:\/\/www.dinamicagenerale.com\/pt-br\/#\/schema\/person\/a5c006ed54fc259d80e205e87334fd4e","name":"leonardoparmeggiani","image":{"@type":"ImageObject","inLanguage":"pt-BR","@id":"https:\/\/secure.gravatar.com\/avatar\/35c1e41d17eff04f4dc47409276969d2f6a1822502e0fd6396ed7c623180ec0f?s=96&d=mm&r=g","url":"https:\/\/secure.gravatar.com\/avatar\/35c1e41d17eff04f4dc47409276969d2f6a1822502e0fd6396ed7c623180ec0f?s=96&d=mm&r=g","contentUrl":"https:\/\/secure.gravatar.com\/avatar\/35c1e41d17eff04f4dc47409276969d2f6a1822502e0fd6396ed7c623180ec0f?s=96&d=mm&r=g","caption":"leonardoparmeggiani"}}]}},"_links":{"self":[{"href":"https:\/\/www.dinamicagenerale.com\/pt-br\/wp-json\/wp\/v2\/posts\/54155","targetHints":{"allow":["GET"]}}],"collection":[{"href":"https:\/\/www.dinamicagenerale.com\/pt-br\/wp-json\/wp\/v2\/posts"}],"about":[{"href":"https:\/\/www.dinamicagenerale.com\/pt-br\/wp-json\/wp\/v2\/types\/post"}],"author":[{"embeddable":true,"href":"https:\/\/www.dinamicagenerale.com\/pt-br\/wp-json\/wp\/v2\/users\/5"}],"replies":[{"embeddable":true,"href":"https:\/\/www.dinamicagenerale.com\/pt-br\/wp-json\/wp\/v2\/comments?post=54155"}],"version-history":[{"count":1,"href":"https:\/\/www.dinamicagenerale.com\/pt-br\/wp-json\/wp\/v2\/posts\/54155\/revisions"}],"predecessor-version":[{"id":54156,"href":"https:\/\/www.dinamicagenerale.com\/pt-br\/wp-json\/wp\/v2\/posts\/54155\/revisions\/54156"}],"wp:featuredmedia":[{"embeddable":true,"href":"https:\/\/www.dinamicagenerale.com\/pt-br\/wp-json\/wp\/v2\/media\/54139"}],"wp:attachment":[{"href":"https:\/\/www.dinamicagenerale.com\/pt-br\/wp-json\/wp\/v2\/media?parent=54155"}],"wp:term":[{"taxonomy":"category","embeddable":true,"href":"https:\/\/www.dinamicagenerale.com\/pt-br\/wp-json\/wp\/v2\/categories?post=54155"},{"taxonomy":"post_tag","embeddable":true,"href":"https:\/\/www.dinamicagenerale.com\/pt-br\/wp-json\/wp\/v2\/tags?post=54155"}],"curies":[{"name":"wp","href":"https:\/\/api.w.org\/{rel}","templated":true}]}}