{"id":53313,"date":"2026-07-07T13:01:45","date_gmt":"2026-07-07T11:01:45","guid":{"rendered":"https:\/\/www.dinamicagenerale.com\/apresentacao-geral-no-roadshow-cultura-empresarial-2026-a-seguranca-empresarial-na-era-da-ia\/"},"modified":"2026-07-07T14:15:16","modified_gmt":"2026-07-07T12:15:16","slug":"apresentacao-geral-no-roadshow-cultura-empresarial-2026-a-seguranca-empresarial-na-era-da-ia","status":"publish","type":"post","link":"https:\/\/www.dinamicagenerale.com\/pt-br\/apresentacao-geral-no-roadshow-cultura-empresarial-2026-a-seguranca-empresarial-na-era-da-ia\/","title":{"rendered":"Apresenta\u00e7\u00e3o geral no roadshow \u201cCultura Empresarial 2026\u201d: a seguran\u00e7a empresarial na era da IA"},"content":{"rendered":"\n<p class=\"wp-block-paragraph\">No dia 8 de julho de 2026, a Dinamica Generale vai participar, em Turim, do roadshow <strong>\u201cCultura Empresarial 2026 \u2013 Valores que criam valor<\/strong>\u201d, promovido pela 4.Manager em parceria com o Il Sole 24 Ore.<\/p>\n\n<p class=\"wp-block-paragraph\">O evento, dedicado ao tema <em>\u201cA seguran\u00e7a empresarial na era da IA\u201d<\/em>, vai ser uma oportunidade para empresas, gestores e especialistas trocarem ideias sobre os novos desafios que acompanham a evolu\u00e7\u00e3o dos modelos produtivos e organizacionais.<\/p>\n\n<div class=\"wp-block-columns is-layout-flex wp-container-core-columns-is-layout-8f761849 wp-block-columns-is-layout-flex\">\n<div class=\"wp-block-column is-layout-flow wp-block-column-is-layout-flow\"><div class=\"wp-block-image\">\n<figure class=\"aligncenter size-full\"><img loading=\"lazy\" decoding=\"async\" width=\"800\" height=\"1000\" src=\"https:\/\/www.dinamicagenerale.com\/wp-content\/uploads\/2026\/07\/Cultura-di-Impresa-2026-Valori-che-creano-valore.png\" alt=\"\" class=\"wp-image-53279\" srcset=\"https:\/\/www.dinamicagenerale.com\/wp-content\/uploads\/2026\/07\/Cultura-di-Impresa-2026-Valori-che-creano-valore.png 800w, https:\/\/www.dinamicagenerale.com\/wp-content\/uploads\/2026\/07\/Cultura-di-Impresa-2026-Valori-che-creano-valore-240x300.png 240w, https:\/\/www.dinamicagenerale.com\/wp-content\/uploads\/2026\/07\/Cultura-di-Impresa-2026-Valori-che-creano-valore-768x960.png 768w\" sizes=\"auto, (max-width: 800px) 100vw, 800px\" \/><\/figure>\n<\/div><\/div>\n\n\n\n<div class=\"wp-block-column is-layout-flow wp-block-column-is-layout-flow\">\n<p class=\"wp-block-paragraph\">A transforma\u00e7\u00e3o digital est\u00e1 ampliando significativamente as oportunidades de preven\u00e7\u00e3o, monitoramento e prote\u00e7\u00e3o das pessoas em ambientes industriais. Tecnologias como intelig\u00eancia artificial, sistemas conectados e ferramentas de an\u00e1lise de dados podem ajudar a tornar os processos e os ambientes de trabalho mais eficientes, informados e seguros. <\/p>\n\n\n\n<p class=\"wp-block-paragraph\">Ao mesmo tempo, a inova\u00e7\u00e3o traz novas responsabilidades. Seguran\u00e7a de dados, ciberseguran\u00e7a, governan\u00e7a da informa\u00e7\u00e3o e continuidade operacional s\u00e3o hoje <strong>aspectos cada vez mais interligados com a seguran\u00e7a no trabalho e com a prote\u00e7\u00e3o das pessoas<\/strong>. <\/p>\n\n\n\n<p class=\"wp-block-paragraph\">Nesse cen\u00e1rio, a seguran\u00e7a n\u00e3o pode mais ser tratada em compartimentos isolados. \u00c9 preciso uma vis\u00e3o integrada, capaz de conectar as compet\u00eancias de HSE, as tecnologias, os processos, a organiza\u00e7\u00e3o e as responsabilidades corporativas. <\/p>\n\n\n\n<p class=\"wp-block-paragraph\">A Dinamica Generale vai participar do encontro com <strong>Andrea Boni, RSPP e gerente de HSE<\/strong>, que vai falar na sess\u00e3o dedicada \u00e0 <strong>rela\u00e7\u00e3o entre seguran\u00e7a no trabalho e inova\u00e7\u00e3o tecnol\u00f3gica<\/strong>.<\/p>\n\n\n\n<p class=\"wp-block-paragraph\">A participa\u00e7\u00e3o no roadshow \u00e9 uma \u00f3tima chance de compartilhar experi\u00eancias reais e contribuir para um di\u00e1logo aberto sobre como as empresas podem lidar com a digitaliza\u00e7\u00e3o de forma respons\u00e1vel, refor\u00e7ando, ao mesmo tempo, a preven\u00e7\u00e3o, a resili\u00eancia e a cultura de seguran\u00e7a.<\/p>\n<\/div>\n<\/div>\n\n<p class=\"wp-block-paragraph\">O evento faz parte do programa nacional \u201cCultura Empresarial 2026\u201d, dedicado aos valores, \u00e0s compet\u00eancias e aos modelos organizacionais que sustentam um crescimento competitivo e sustent\u00e1vel das empresas italianas.<\/p>\n\n<p class=\"wp-block-paragraph\"><a href=\"https:\/\/24oreventi.ilsole24ore.com\/sicurezza-impresa-ai\/\" type=\"link\" id=\"https:\/\/24oreventi.ilsole24ore.com\/sicurezza-impresa-ai\/\" target=\"_blank\" rel=\"noreferrer noopener\">Saiba mais<\/a><\/p>\n\n<p class=\"wp-block-paragraph\"><strong>Evento<\/strong> \u201c<br\/>\u201d Cultura Empresarial 2026 \u2013 Valores que criam valor<br\/>A seguran\u00e7a empresarial na era da IA<br\/>8 de julho de 2026<br\/>Centro de Congressos da Uni\u00e3o dos Industriais de Turim<br\/>Via Vincenzo Vela, 17, Turim<\/p>\n","protected":false},"excerpt":{"rendered":"<p>No dia 8 de julho de 2026, a Dinamica Generale vai participar, em Turim, do roadshow \u201cCultura Empresarial 2026 \u2013 [&hellip;]<\/p>\n","protected":false},"author":5,"featured_media":53297,"comment_status":"closed","ping_status":"closed","sticky":false,"template":"","format":"standard","meta":{"footnotes":""},"categories":[1209],"tags":[],"class_list":["post-53313","post","type-post","status-publish","format-standard","has-post-thumbnail","hentry","category-empresa"],"yoast_head":"<!-- This site is optimized with the Yoast SEO plugin v28.0 - https:\/\/yoast.com\/product\/yoast-seo-wordpress\/ -->\n<title>Seguran\u00e7a corporativa e IA: Dinamica Generale em Turim<\/title>\n<meta name=\"description\" content=\"A Dinamica Generale participa, em Turim, do roadshow dedicado \u00e0 seguran\u00e7a empresarial e \u00e0 IA, abordando temas como inova\u00e7\u00e3o, seguran\u00e7a cibern\u00e9tica e prote\u00e7\u00e3o das pessoas.\" \/>\n<meta name=\"robots\" content=\"index, follow, max-snippet:-1, max-image-preview:large, max-video-preview:-1\" \/>\n<link rel=\"canonical\" href=\"https:\/\/www.dinamicagenerale.com\/pt-br\/apresentacao-geral-no-roadshow-cultura-empresarial-2026-a-seguranca-empresarial-na-era-da-ia\/\" \/>\n<meta property=\"og:locale\" content=\"pt_BR\" \/>\n<meta property=\"og:type\" content=\"article\" \/>\n<meta property=\"og:title\" content=\"Seguran\u00e7a corporativa e IA: Dinamica Generale em Turim\" \/>\n<meta property=\"og:description\" content=\"A Dinamica Generale participa, em Turim, do roadshow dedicado \u00e0 seguran\u00e7a empresarial e \u00e0 IA, abordando temas como inova\u00e7\u00e3o, seguran\u00e7a cibern\u00e9tica e prote\u00e7\u00e3o das pessoas.\" \/>\n<meta property=\"og:url\" content=\"https:\/\/www.dinamicagenerale.com\/pt-br\/apresentacao-geral-no-roadshow-cultura-empresarial-2026-a-seguranca-empresarial-na-era-da-ia\/\" \/>\n<meta property=\"og:site_name\" content=\"Dinamica Generale\" \/>\n<meta property=\"article:published_time\" content=\"2026-07-07T11:01:45+00:00\" \/>\n<meta property=\"article:modified_time\" content=\"2026-07-07T12:15:16+00:00\" \/>\n<meta property=\"og:image\" content=\"https:\/\/www.dinamicagenerale.com\/wp-content\/uploads\/2026\/07\/Sicurezza-dimpresa-e-AI-Dinamica-Generale-a-Torino.png\" \/>\n\t<meta property=\"og:image:width\" content=\"2362\" \/>\n\t<meta property=\"og:image:height\" content=\"1217\" \/>\n\t<meta property=\"og:image:type\" content=\"image\/png\" \/>\n<meta name=\"author\" content=\"leonardoparmeggiani\" \/>\n<meta name=\"twitter:card\" content=\"summary_large_image\" \/>\n<meta name=\"twitter:label1\" content=\"Escrito por\" \/>\n\t<meta name=\"twitter:data1\" content=\"leonardoparmeggiani\" \/>\n\t<meta name=\"twitter:label2\" content=\"Est. tempo de leitura\" \/>\n\t<meta name=\"twitter:data2\" content=\"2 minutos\" \/>\n<script type=\"application\/ld+json\" class=\"yoast-schema-graph\">{\"@context\":\"https:\\\/\\\/schema.org\",\"@graph\":[{\"@type\":\"Article\",\"@id\":\"https:\\\/\\\/www.dinamicagenerale.com\\\/pt-br\\\/apresentacao-geral-no-roadshow-cultura-empresarial-2026-a-seguranca-empresarial-na-era-da-ia\\\/#article\",\"isPartOf\":{\"@id\":\"https:\\\/\\\/www.dinamicagenerale.com\\\/pt-br\\\/apresentacao-geral-no-roadshow-cultura-empresarial-2026-a-seguranca-empresarial-na-era-da-ia\\\/\"},\"author\":{\"name\":\"leonardoparmeggiani\",\"@id\":\"https:\\\/\\\/www.dinamicagenerale.com\\\/pt-br\\\/#\\\/schema\\\/person\\\/a5c006ed54fc259d80e205e87334fd4e\"},\"headline\":\"Apresenta\u00e7\u00e3o geral no roadshow \u201cCultura Empresarial 2026\u201d: a seguran\u00e7a empresarial na era da IA\",\"datePublished\":\"2026-07-07T11:01:45+00:00\",\"dateModified\":\"2026-07-07T12:15:16+00:00\",\"mainEntityOfPage\":{\"@id\":\"https:\\\/\\\/www.dinamicagenerale.com\\\/pt-br\\\/apresentacao-geral-no-roadshow-cultura-empresarial-2026-a-seguranca-empresarial-na-era-da-ia\\\/\"},\"wordCount\":364,\"image\":{\"@id\":\"https:\\\/\\\/www.dinamicagenerale.com\\\/pt-br\\\/apresentacao-geral-no-roadshow-cultura-empresarial-2026-a-seguranca-empresarial-na-era-da-ia\\\/#primaryimage\"},\"thumbnailUrl\":\"https:\\\/\\\/www.dinamicagenerale.com\\\/wp-content\\\/uploads\\\/2026\\\/07\\\/Sicurezza-dimpresa-e-AI-Dinamica-Generale-a-Torino.png\",\"articleSection\":[\"Empresa\"],\"inLanguage\":\"pt-BR\"},{\"@type\":\"WebPage\",\"@id\":\"https:\\\/\\\/www.dinamicagenerale.com\\\/pt-br\\\/apresentacao-geral-no-roadshow-cultura-empresarial-2026-a-seguranca-empresarial-na-era-da-ia\\\/\",\"url\":\"https:\\\/\\\/www.dinamicagenerale.com\\\/pt-br\\\/apresentacao-geral-no-roadshow-cultura-empresarial-2026-a-seguranca-empresarial-na-era-da-ia\\\/\",\"name\":\"Seguran\u00e7a corporativa e IA: Dinamica Generale em Turim\",\"isPartOf\":{\"@id\":\"https:\\\/\\\/www.dinamicagenerale.com\\\/pt-br\\\/#website\"},\"primaryImageOfPage\":{\"@id\":\"https:\\\/\\\/www.dinamicagenerale.com\\\/pt-br\\\/apresentacao-geral-no-roadshow-cultura-empresarial-2026-a-seguranca-empresarial-na-era-da-ia\\\/#primaryimage\"},\"image\":{\"@id\":\"https:\\\/\\\/www.dinamicagenerale.com\\\/pt-br\\\/apresentacao-geral-no-roadshow-cultura-empresarial-2026-a-seguranca-empresarial-na-era-da-ia\\\/#primaryimage\"},\"thumbnailUrl\":\"https:\\\/\\\/www.dinamicagenerale.com\\\/wp-content\\\/uploads\\\/2026\\\/07\\\/Sicurezza-dimpresa-e-AI-Dinamica-Generale-a-Torino.png\",\"datePublished\":\"2026-07-07T11:01:45+00:00\",\"dateModified\":\"2026-07-07T12:15:16+00:00\",\"author\":{\"@id\":\"https:\\\/\\\/www.dinamicagenerale.com\\\/pt-br\\\/#\\\/schema\\\/person\\\/a5c006ed54fc259d80e205e87334fd4e\"},\"description\":\"A Dinamica Generale participa, em Turim, do roadshow dedicado \u00e0 seguran\u00e7a empresarial e \u00e0 IA, abordando temas como inova\u00e7\u00e3o, seguran\u00e7a cibern\u00e9tica e prote\u00e7\u00e3o das pessoas.\",\"breadcrumb\":{\"@id\":\"https:\\\/\\\/www.dinamicagenerale.com\\\/pt-br\\\/apresentacao-geral-no-roadshow-cultura-empresarial-2026-a-seguranca-empresarial-na-era-da-ia\\\/#breadcrumb\"},\"inLanguage\":\"pt-BR\",\"potentialAction\":[{\"@type\":\"ReadAction\",\"target\":[\"https:\\\/\\\/www.dinamicagenerale.com\\\/pt-br\\\/apresentacao-geral-no-roadshow-cultura-empresarial-2026-a-seguranca-empresarial-na-era-da-ia\\\/\"]}]},{\"@type\":\"ImageObject\",\"inLanguage\":\"pt-BR\",\"@id\":\"https:\\\/\\\/www.dinamicagenerale.com\\\/pt-br\\\/apresentacao-geral-no-roadshow-cultura-empresarial-2026-a-seguranca-empresarial-na-era-da-ia\\\/#primaryimage\",\"url\":\"https:\\\/\\\/www.dinamicagenerale.com\\\/wp-content\\\/uploads\\\/2026\\\/07\\\/Sicurezza-dimpresa-e-AI-Dinamica-Generale-a-Torino.png\",\"contentUrl\":\"https:\\\/\\\/www.dinamicagenerale.com\\\/wp-content\\\/uploads\\\/2026\\\/07\\\/Sicurezza-dimpresa-e-AI-Dinamica-Generale-a-Torino.png\",\"width\":2362,\"height\":1217},{\"@type\":\"BreadcrumbList\",\"@id\":\"https:\\\/\\\/www.dinamicagenerale.com\\\/pt-br\\\/apresentacao-geral-no-roadshow-cultura-empresarial-2026-a-seguranca-empresarial-na-era-da-ia\\\/#breadcrumb\",\"itemListElement\":[{\"@type\":\"ListItem\",\"position\":1,\"name\":\"Home\",\"item\":\"https:\\\/\\\/www.dinamicagenerale.com\\\/pt-br\\\/divisoes\\\/\"},{\"@type\":\"ListItem\",\"position\":2,\"name\":\"Apresenta\u00e7\u00e3o geral no roadshow \u201cCultura Empresarial 2026\u201d: a seguran\u00e7a empresarial na era da IA\"}]},{\"@type\":\"WebSite\",\"@id\":\"https:\\\/\\\/www.dinamicagenerale.com\\\/pt-br\\\/#website\",\"url\":\"https:\\\/\\\/www.dinamicagenerale.com\\\/pt-br\\\/\",\"name\":\"Dinamica Generale\",\"description\":\"\",\"potentialAction\":[{\"@type\":\"SearchAction\",\"target\":{\"@type\":\"EntryPoint\",\"urlTemplate\":\"https:\\\/\\\/www.dinamicagenerale.com\\\/pt-br\\\/?s={search_term_string}\"},\"query-input\":{\"@type\":\"PropertyValueSpecification\",\"valueRequired\":true,\"valueName\":\"search_term_string\"}}],\"inLanguage\":\"pt-BR\"},{\"@type\":\"Person\",\"@id\":\"https:\\\/\\\/www.dinamicagenerale.com\\\/pt-br\\\/#\\\/schema\\\/person\\\/a5c006ed54fc259d80e205e87334fd4e\",\"name\":\"leonardoparmeggiani\",\"image\":{\"@type\":\"ImageObject\",\"inLanguage\":\"pt-BR\",\"@id\":\"https:\\\/\\\/secure.gravatar.com\\\/avatar\\\/35c1e41d17eff04f4dc47409276969d2f6a1822502e0fd6396ed7c623180ec0f?s=96&d=mm&r=g\",\"url\":\"https:\\\/\\\/secure.gravatar.com\\\/avatar\\\/35c1e41d17eff04f4dc47409276969d2f6a1822502e0fd6396ed7c623180ec0f?s=96&d=mm&r=g\",\"contentUrl\":\"https:\\\/\\\/secure.gravatar.com\\\/avatar\\\/35c1e41d17eff04f4dc47409276969d2f6a1822502e0fd6396ed7c623180ec0f?s=96&d=mm&r=g\",\"caption\":\"leonardoparmeggiani\"}}]}<\/script>\n<!-- \/ Yoast SEO plugin. -->","yoast_head_json":{"title":"Seguran\u00e7a corporativa e IA: Dinamica Generale em Turim","description":"A Dinamica Generale participa, em Turim, do roadshow dedicado \u00e0 seguran\u00e7a empresarial e \u00e0 IA, abordando temas como inova\u00e7\u00e3o, seguran\u00e7a cibern\u00e9tica e prote\u00e7\u00e3o das pessoas.","robots":{"index":"index","follow":"follow","max-snippet":"max-snippet:-1","max-image-preview":"max-image-preview:large","max-video-preview":"max-video-preview:-1"},"canonical":"https:\/\/www.dinamicagenerale.com\/pt-br\/apresentacao-geral-no-roadshow-cultura-empresarial-2026-a-seguranca-empresarial-na-era-da-ia\/","og_locale":"pt_BR","og_type":"article","og_title":"Seguran\u00e7a corporativa e IA: Dinamica Generale em Turim","og_description":"A Dinamica Generale participa, em Turim, do roadshow dedicado \u00e0 seguran\u00e7a empresarial e \u00e0 IA, abordando temas como inova\u00e7\u00e3o, seguran\u00e7a cibern\u00e9tica e prote\u00e7\u00e3o das pessoas.","og_url":"https:\/\/www.dinamicagenerale.com\/pt-br\/apresentacao-geral-no-roadshow-cultura-empresarial-2026-a-seguranca-empresarial-na-era-da-ia\/","og_site_name":"Dinamica Generale","article_published_time":"2026-07-07T11:01:45+00:00","article_modified_time":"2026-07-07T12:15:16+00:00","og_image":[{"width":2362,"height":1217,"url":"https:\/\/www.dinamicagenerale.com\/wp-content\/uploads\/2026\/07\/Sicurezza-dimpresa-e-AI-Dinamica-Generale-a-Torino.png","type":"image\/png"}],"author":"leonardoparmeggiani","twitter_card":"summary_large_image","twitter_misc":{"Escrito por":"leonardoparmeggiani","Est. tempo de leitura":"2 minutos"},"schema":{"@context":"https:\/\/schema.org","@graph":[{"@type":"Article","@id":"https:\/\/www.dinamicagenerale.com\/pt-br\/apresentacao-geral-no-roadshow-cultura-empresarial-2026-a-seguranca-empresarial-na-era-da-ia\/#article","isPartOf":{"@id":"https:\/\/www.dinamicagenerale.com\/pt-br\/apresentacao-geral-no-roadshow-cultura-empresarial-2026-a-seguranca-empresarial-na-era-da-ia\/"},"author":{"name":"leonardoparmeggiani","@id":"https:\/\/www.dinamicagenerale.com\/pt-br\/#\/schema\/person\/a5c006ed54fc259d80e205e87334fd4e"},"headline":"Apresenta\u00e7\u00e3o geral no roadshow \u201cCultura Empresarial 2026\u201d: a seguran\u00e7a empresarial na era da IA","datePublished":"2026-07-07T11:01:45+00:00","dateModified":"2026-07-07T12:15:16+00:00","mainEntityOfPage":{"@id":"https:\/\/www.dinamicagenerale.com\/pt-br\/apresentacao-geral-no-roadshow-cultura-empresarial-2026-a-seguranca-empresarial-na-era-da-ia\/"},"wordCount":364,"image":{"@id":"https:\/\/www.dinamicagenerale.com\/pt-br\/apresentacao-geral-no-roadshow-cultura-empresarial-2026-a-seguranca-empresarial-na-era-da-ia\/#primaryimage"},"thumbnailUrl":"https:\/\/www.dinamicagenerale.com\/wp-content\/uploads\/2026\/07\/Sicurezza-dimpresa-e-AI-Dinamica-Generale-a-Torino.png","articleSection":["Empresa"],"inLanguage":"pt-BR"},{"@type":"WebPage","@id":"https:\/\/www.dinamicagenerale.com\/pt-br\/apresentacao-geral-no-roadshow-cultura-empresarial-2026-a-seguranca-empresarial-na-era-da-ia\/","url":"https:\/\/www.dinamicagenerale.com\/pt-br\/apresentacao-geral-no-roadshow-cultura-empresarial-2026-a-seguranca-empresarial-na-era-da-ia\/","name":"Seguran\u00e7a corporativa e IA: Dinamica Generale em Turim","isPartOf":{"@id":"https:\/\/www.dinamicagenerale.com\/pt-br\/#website"},"primaryImageOfPage":{"@id":"https:\/\/www.dinamicagenerale.com\/pt-br\/apresentacao-geral-no-roadshow-cultura-empresarial-2026-a-seguranca-empresarial-na-era-da-ia\/#primaryimage"},"image":{"@id":"https:\/\/www.dinamicagenerale.com\/pt-br\/apresentacao-geral-no-roadshow-cultura-empresarial-2026-a-seguranca-empresarial-na-era-da-ia\/#primaryimage"},"thumbnailUrl":"https:\/\/www.dinamicagenerale.com\/wp-content\/uploads\/2026\/07\/Sicurezza-dimpresa-e-AI-Dinamica-Generale-a-Torino.png","datePublished":"2026-07-07T11:01:45+00:00","dateModified":"2026-07-07T12:15:16+00:00","author":{"@id":"https:\/\/www.dinamicagenerale.com\/pt-br\/#\/schema\/person\/a5c006ed54fc259d80e205e87334fd4e"},"description":"A Dinamica Generale participa, em Turim, do roadshow dedicado \u00e0 seguran\u00e7a empresarial e \u00e0 IA, abordando temas como inova\u00e7\u00e3o, seguran\u00e7a cibern\u00e9tica e prote\u00e7\u00e3o das pessoas.","breadcrumb":{"@id":"https:\/\/www.dinamicagenerale.com\/pt-br\/apresentacao-geral-no-roadshow-cultura-empresarial-2026-a-seguranca-empresarial-na-era-da-ia\/#breadcrumb"},"inLanguage":"pt-BR","potentialAction":[{"@type":"ReadAction","target":["https:\/\/www.dinamicagenerale.com\/pt-br\/apresentacao-geral-no-roadshow-cultura-empresarial-2026-a-seguranca-empresarial-na-era-da-ia\/"]}]},{"@type":"ImageObject","inLanguage":"pt-BR","@id":"https:\/\/www.dinamicagenerale.com\/pt-br\/apresentacao-geral-no-roadshow-cultura-empresarial-2026-a-seguranca-empresarial-na-era-da-ia\/#primaryimage","url":"https:\/\/www.dinamicagenerale.com\/wp-content\/uploads\/2026\/07\/Sicurezza-dimpresa-e-AI-Dinamica-Generale-a-Torino.png","contentUrl":"https:\/\/www.dinamicagenerale.com\/wp-content\/uploads\/2026\/07\/Sicurezza-dimpresa-e-AI-Dinamica-Generale-a-Torino.png","width":2362,"height":1217},{"@type":"BreadcrumbList","@id":"https:\/\/www.dinamicagenerale.com\/pt-br\/apresentacao-geral-no-roadshow-cultura-empresarial-2026-a-seguranca-empresarial-na-era-da-ia\/#breadcrumb","itemListElement":[{"@type":"ListItem","position":1,"name":"Home","item":"https:\/\/www.dinamicagenerale.com\/pt-br\/divisoes\/"},{"@type":"ListItem","position":2,"name":"Apresenta\u00e7\u00e3o geral no roadshow \u201cCultura Empresarial 2026\u201d: a seguran\u00e7a empresarial na era da IA"}]},{"@type":"WebSite","@id":"https:\/\/www.dinamicagenerale.com\/pt-br\/#website","url":"https:\/\/www.dinamicagenerale.com\/pt-br\/","name":"Dinamica Generale","description":"","potentialAction":[{"@type":"SearchAction","target":{"@type":"EntryPoint","urlTemplate":"https:\/\/www.dinamicagenerale.com\/pt-br\/?s={search_term_string}"},"query-input":{"@type":"PropertyValueSpecification","valueRequired":true,"valueName":"search_term_string"}}],"inLanguage":"pt-BR"},{"@type":"Person","@id":"https:\/\/www.dinamicagenerale.com\/pt-br\/#\/schema\/person\/a5c006ed54fc259d80e205e87334fd4e","name":"leonardoparmeggiani","image":{"@type":"ImageObject","inLanguage":"pt-BR","@id":"https:\/\/secure.gravatar.com\/avatar\/35c1e41d17eff04f4dc47409276969d2f6a1822502e0fd6396ed7c623180ec0f?s=96&d=mm&r=g","url":"https:\/\/secure.gravatar.com\/avatar\/35c1e41d17eff04f4dc47409276969d2f6a1822502e0fd6396ed7c623180ec0f?s=96&d=mm&r=g","contentUrl":"https:\/\/secure.gravatar.com\/avatar\/35c1e41d17eff04f4dc47409276969d2f6a1822502e0fd6396ed7c623180ec0f?s=96&d=mm&r=g","caption":"leonardoparmeggiani"}}]}},"_links":{"self":[{"href":"https:\/\/www.dinamicagenerale.com\/pt-br\/wp-json\/wp\/v2\/posts\/53313","targetHints":{"allow":["GET"]}}],"collection":[{"href":"https:\/\/www.dinamicagenerale.com\/pt-br\/wp-json\/wp\/v2\/posts"}],"about":[{"href":"https:\/\/www.dinamicagenerale.com\/pt-br\/wp-json\/wp\/v2\/types\/post"}],"author":[{"embeddable":true,"href":"https:\/\/www.dinamicagenerale.com\/pt-br\/wp-json\/wp\/v2\/users\/5"}],"replies":[{"embeddable":true,"href":"https:\/\/www.dinamicagenerale.com\/pt-br\/wp-json\/wp\/v2\/comments?post=53313"}],"version-history":[{"count":1,"href":"https:\/\/www.dinamicagenerale.com\/pt-br\/wp-json\/wp\/v2\/posts\/53313\/revisions"}],"predecessor-version":[{"id":53314,"href":"https:\/\/www.dinamicagenerale.com\/pt-br\/wp-json\/wp\/v2\/posts\/53313\/revisions\/53314"}],"wp:featuredmedia":[{"embeddable":true,"href":"https:\/\/www.dinamicagenerale.com\/pt-br\/wp-json\/wp\/v2\/media\/53297"}],"wp:attachment":[{"href":"https:\/\/www.dinamicagenerale.com\/pt-br\/wp-json\/wp\/v2\/media?parent=53313"}],"wp:term":[{"taxonomy":"category","embeddable":true,"href":"https:\/\/www.dinamicagenerale.com\/pt-br\/wp-json\/wp\/v2\/categories?post=53313"},{"taxonomy":"post_tag","embeddable":true,"href":"https:\/\/www.dinamicagenerale.com\/pt-br\/wp-json\/wp\/v2\/tags?post=53313"}],"curies":[{"name":"wp","href":"https:\/\/api.w.org\/{rel}","templated":true}]}}