{"id":53101,"date":"2026-07-06T11:27:53","date_gmt":"2026-07-06T09:27:53","guid":{"rendered":"https:\/\/www.dinamicagenerale.com\/a-dinamica-generale-lanca-o-feeding-forward-um-novo-evento-anual-dedicado-ao-futuro-da-alimentacao-de-precisao\/"},"modified":"2026-07-06T11:41:48","modified_gmt":"2026-07-06T09:41:48","slug":"a-dinamica-generale-lanca-o-feeding-forward-um-novo-evento-anual-dedicado-ao-futuro-da-alimentacao-de-precisao","status":"publish","type":"post","link":"https:\/\/www.dinamicagenerale.com\/pt-br\/a-dinamica-generale-lanca-o-feeding-forward-um-novo-evento-anual-dedicado-ao-futuro-da-alimentacao-de-precisao\/","title":{"rendered":"A Dinamica Generale lan\u00e7a o \u201cFeeding Forward\u201d, um novo evento anual dedicado ao futuro da alimenta\u00e7\u00e3o de precis\u00e3o"},"content":{"rendered":"\n<p class=\"wp-block-paragraph\"><strong>Poggio Rusco, It\u00e1lia \u2014 1\u00ba de julho de 2026 \u2014<\/strong> A Dinamica Generale organizou a <strong>primeira edi\u00e7\u00e3o do Feeding Forward<\/strong>, um novo evento anual voltado para o futuro da alimenta\u00e7\u00e3o de precis\u00e3o e da gest\u00e3o moderna da produ\u00e7\u00e3o leiteira.<\/p>\n\n<p class=\"wp-block-paragraph\">O evento reuniu produtores de leite, nutricionistas, profissionais do setor e pesquisadores. Eles compartilharam experi\u00eancias, estrat\u00e9gias de gest\u00e3o e insights pr\u00e1ticos sobre opera\u00e7\u00f5es leiteiras em todo o mundo. <\/p>\n\n<h2 class=\"wp-block-heading\">Um novo espa\u00e7o para a troca de conhecimento<\/h2>\n\n<p class=\"wp-block-paragraph\">Mais do que uma confer\u00eancia tradicional, o Feeding Forward foi concebido como uma plataforma para compartilhar experi\u00eancias reais, estrat\u00e9gias de gest\u00e3o e insights pr\u00e1ticos das principais opera\u00e7\u00f5es do setor de latic\u00ednios em todo o mundo. A iniciativa reflete o compromisso da Dinamica Generale em apoiar a inova\u00e7\u00e3o, n\u00e3o s\u00f3 por meio da tecnologia, mas tamb\u00e9m promovendo a troca de conhecimento em todo o setor de latic\u00ednios. <\/p>\n\n<h2 class=\"wp-block-heading\">Perspectivas da High Plains Ponderosa Dairy eu<\/h2>\n\n<p class=\"wp-block-paragraph\">A edi\u00e7\u00e3o inaugural contou com a participa\u00e7\u00e3o de<strong> Greg Bethard<\/strong>, CEO e s\u00f3cio-gerente da High Plains Ponderosa Dairy, uma das maiores empresas do setor leiteiro dos Estados Unidos, com mais de <strong>40.000 vacas leiteiras<\/strong>. Com base em d\u00e9cadas de experi\u00eancia na gest\u00e3o de empresas de latic\u00ednios em grande escala, Bethard compartilhou sua abordagem para melhorar a lucratividade por meio de tomadas de decis\u00e3o baseadas em dados, processos padronizados e um forte foco no desempenho econ\u00f4mico. <\/p>\n\n<p class=\"wp-block-paragraph\">Durante todo o evento, os participantes discutiram temas importantes, incluindo:<\/p>\n\n<ul class=\"wp-block-list\">\n<li>O impacto dos custos com ra\u00e7\u00e3o na rentabilidade da produ\u00e7\u00e3o leiteira<\/li>\n\n\n\n<li>Por que <strong>a rela\u00e7\u00e3o entre receita e custo da ra\u00e7\u00e3o ( <\/strong>IOFC) \u00e9 um indicador de desempenho mais significativo do que apenas a efici\u00eancia alimentar<\/li>\n\n\n\n<li>O valor dos dados no apoio \u00e0s decis\u00f5es de gest\u00e3o do dia a dia<\/li>\n\n\n\n<li>Melhores pr\u00e1ticas para planejar e gerenciar opera\u00e7\u00f5es leiteiras em grande escala<\/li>\n\n\n\n<li>A evolu\u00e7\u00e3o da alimenta\u00e7\u00e3o de precis\u00e3o para uma abordagem mais ampla de gest\u00e3o de precis\u00e3o<\/li>\n<\/ul>\n\n<div class=\"wp-block-columns is-layout-flex wp-container-core-columns-is-layout-8f761849 wp-block-columns-is-layout-flex\">\n<div class=\"wp-block-column is-layout-flow wp-block-column-is-layout-flow\">\n<figure class=\"wp-block-image size-large\"><img loading=\"lazy\" decoding=\"async\" width=\"1024\" height=\"689\" src=\"https:\/\/www.dinamicagenerale.com\/wp-content\/uploads\/2026\/07\/feeding-forward-1-luglio-dinamica-generale-1024x689.png\" alt=\"\" class=\"wp-image-53058\" srcset=\"https:\/\/www.dinamicagenerale.com\/wp-content\/uploads\/2026\/07\/feeding-forward-1-luglio-dinamica-generale-1024x689.png 1024w, https:\/\/www.dinamicagenerale.com\/wp-content\/uploads\/2026\/07\/feeding-forward-1-luglio-dinamica-generale-300x202.png 300w, https:\/\/www.dinamicagenerale.com\/wp-content\/uploads\/2026\/07\/feeding-forward-1-luglio-dinamica-generale-768x517.png 768w, https:\/\/www.dinamicagenerale.com\/wp-content\/uploads\/2026\/07\/feeding-forward-1-luglio-dinamica-generale-1536x1034.png 1536w, https:\/\/www.dinamicagenerale.com\/wp-content\/uploads\/2026\/07\/feeding-forward-1-luglio-dinamica-generale.png 1605w\" sizes=\"auto, (max-width: 1024px) 100vw, 1024px\" \/><\/figure>\n<\/div>\n\n\n\n<div class=\"wp-block-column is-layout-flow wp-block-column-is-layout-flow\">\n<figure class=\"wp-block-image size-large\"><img loading=\"lazy\" decoding=\"async\" width=\"1024\" height=\"689\" src=\"https:\/\/www.dinamicagenerale.com\/wp-content\/uploads\/2026\/07\/feeding-forward-1-luglio-dinamica-generale-greg-1024x689.png\" alt=\"\" class=\"wp-image-53068\" srcset=\"https:\/\/www.dinamicagenerale.com\/wp-content\/uploads\/2026\/07\/feeding-forward-1-luglio-dinamica-generale-greg-1024x689.png 1024w, https:\/\/www.dinamicagenerale.com\/wp-content\/uploads\/2026\/07\/feeding-forward-1-luglio-dinamica-generale-greg-300x202.png 300w, https:\/\/www.dinamicagenerale.com\/wp-content\/uploads\/2026\/07\/feeding-forward-1-luglio-dinamica-generale-greg-768x517.png 768w, https:\/\/www.dinamicagenerale.com\/wp-content\/uploads\/2026\/07\/feeding-forward-1-luglio-dinamica-generale-greg-1536x1034.png 1536w, https:\/\/www.dinamicagenerale.com\/wp-content\/uploads\/2026\/07\/feeding-forward-1-luglio-dinamica-generale-greg.png 1605w\" sizes=\"auto, (max-width: 1024px) 100vw, 1024px\" \/><\/figure>\n<\/div>\n<\/div>\n\n<p class=\"wp-block-paragraph\">Al\u00e9m das apresenta\u00e7\u00f5es, o Feeding Forward criou oportunidades valiosas para discuss\u00e3o e networking entre profissionais que compartilham um objetivo comum: construir fazendas leiteiras mais eficientes, lucrativas e sustent\u00e1veis.<\/p>\n\n<h2 class=\"wp-block-heading\">Um evento anual para o setor de latic\u00ednios<\/h2>\n\n<p class=\"wp-block-paragraph\">A primeira edi\u00e7\u00e3o do Feeding Forward tamb\u00e9m criou oportunidades valiosas para discuss\u00e3o e networking. Os participantes trocaram ideias, experi\u00eancias e pontos de vista sobre o futuro da pecu\u00e1ria leiteira. <\/p>\n\n<p class=\"wp-block-paragraph\">A Dinamica Generale vai transformar o Feeding Forward em um evento anual. Cada edi\u00e7\u00e3o vai contar com a participa\u00e7\u00e3o de especialistas reconhecidos internacionalmente, que v\u00e3o compartilhar conhecimentos pr\u00e1ticos, pr\u00e1ticas de gest\u00e3o e novas perspectivas. <\/p>\n\n<p class=\"wp-block-paragraph\">Na Dinamica Generale, a inova\u00e7\u00e3o cresce por meio da tecnologia, da experi\u00eancia e da troca de ideias.<\/p>\n\n<p class=\"wp-block-paragraph\"><strong>O Feeding Forward \u00e9 o lugar onde o conhecimento impulsiona o futuro da pecu\u00e1ria leiteira.<\/strong><\/p>\n\n<p class=\"wp-block-paragraph\"><a href=\"https:\/\/www.dinamicagenerale.com\/pt-br\/maquina\/vagao-misturador\/\" type=\"link\" id=\"https:\/\/www.dinamicagenerale.com\/machine\/trailed-feed-mixer\/\" target=\"_blank\" rel=\"noreferrer noopener\">Conhe\u00e7a nossas solu\u00e7\u00f5es de alimenta\u00e7\u00e3o de precis\u00e3o<\/a><\/p>\n\n<p class=\"wp-block-paragraph\"><\/p>\n","protected":false},"excerpt":{"rendered":"<p>A Dinamica Generale organizou a primeira edi\u00e7\u00e3o do Feeding Forward, um novo evento anual dedicado \u00e0 alimenta\u00e7\u00e3o de precis\u00e3o, \u00e0 rentabilidade da produ\u00e7\u00e3o leiteira e \u00e0 gest\u00e3o de fazendas baseada em dados.<\/p>\n","protected":false},"author":5,"featured_media":53085,"comment_status":"closed","ping_status":"closed","sticky":false,"template":"","format":"standard","meta":{"footnotes":""},"categories":[1209,3403],"tags":[],"class_list":["post-53101","post","type-post","status-publish","format-standard","has-post-thumbnail","hentry","category-empresa","category-on-farm-pt-br"],"yoast_head":"<!-- This site is optimized with the Yoast SEO plugin v28.0 - https:\/\/yoast.com\/product\/yoast-seo-wordpress\/ -->\n<title>Feeding Forward: o novo evento sobre alimenta\u00e7\u00e3o de precis\u00e3o da Dinamica Generale<\/title>\n<meta name=\"description\" content=\"A Dinamica Generale lan\u00e7a o Feeding Forward, um novo evento anual em que profissionais do setor leiteiro exploram a alimenta\u00e7\u00e3o de precis\u00e3o, a gest\u00e3o baseada em dados e a rentabilidade das fazendas.\" \/>\n<meta name=\"robots\" content=\"index, follow, max-snippet:-1, max-image-preview:large, max-video-preview:-1\" \/>\n<link rel=\"canonical\" href=\"https:\/\/www.dinamicagenerale.com\/pt-br\/a-dinamica-generale-lanca-o-feeding-forward-um-novo-evento-anual-dedicado-ao-futuro-da-alimentacao-de-precisao\/\" \/>\n<meta property=\"og:locale\" content=\"pt_BR\" \/>\n<meta property=\"og:type\" content=\"article\" \/>\n<meta property=\"og:title\" content=\"Feeding Forward: o novo evento sobre alimenta\u00e7\u00e3o de precis\u00e3o da Dinamica Generale\" \/>\n<meta property=\"og:description\" content=\"A Dinamica Generale lan\u00e7a o Feeding Forward, um novo evento anual em que profissionais do setor leiteiro exploram a alimenta\u00e7\u00e3o de precis\u00e3o, a gest\u00e3o baseada em dados e a rentabilidade das fazendas.\" \/>\n<meta property=\"og:url\" content=\"https:\/\/www.dinamicagenerale.com\/pt-br\/a-dinamica-generale-lanca-o-feeding-forward-um-novo-evento-anual-dedicado-ao-futuro-da-alimentacao-de-precisao\/\" \/>\n<meta property=\"og:site_name\" content=\"Dinamica Generale\" \/>\n<meta property=\"article:published_time\" content=\"2026-07-06T09:27:53+00:00\" \/>\n<meta property=\"article:modified_time\" content=\"2026-07-06T09:41:48+00:00\" \/>\n<meta property=\"og:image\" content=\"https:\/\/www.dinamicagenerale.com\/wp-content\/uploads\/2026\/07\/Feeding-Forward-Dinamica-Generales-New-Precision-Feeding-Event-1024x528.png\" \/>\n\t<meta property=\"og:image:width\" content=\"1024\" \/>\n\t<meta property=\"og:image:height\" content=\"528\" \/>\n\t<meta property=\"og:image:type\" content=\"image\/png\" \/>\n<meta name=\"author\" content=\"leonardoparmeggiani\" \/>\n<meta name=\"twitter:card\" content=\"summary_large_image\" \/>\n<meta name=\"twitter:label1\" content=\"Escrito por\" \/>\n\t<meta name=\"twitter:data1\" content=\"leonardoparmeggiani\" \/>\n\t<meta name=\"twitter:label2\" content=\"Est. tempo de leitura\" \/>\n\t<meta name=\"twitter:data2\" content=\"3 minutos\" \/>\n<script type=\"application\/ld+json\" class=\"yoast-schema-graph\">{\"@context\":\"https:\\\/\\\/schema.org\",\"@graph\":[{\"@type\":\"Article\",\"@id\":\"https:\\\/\\\/www.dinamicagenerale.com\\\/pt-br\\\/a-dinamica-generale-lanca-o-feeding-forward-um-novo-evento-anual-dedicado-ao-futuro-da-alimentacao-de-precisao\\\/#article\",\"isPartOf\":{\"@id\":\"https:\\\/\\\/www.dinamicagenerale.com\\\/pt-br\\\/a-dinamica-generale-lanca-o-feeding-forward-um-novo-evento-anual-dedicado-ao-futuro-da-alimentacao-de-precisao\\\/\"},\"author\":{\"name\":\"leonardoparmeggiani\",\"@id\":\"https:\\\/\\\/www.dinamicagenerale.com\\\/pt-br\\\/#\\\/schema\\\/person\\\/a5c006ed54fc259d80e205e87334fd4e\"},\"headline\":\"A Dinamica Generale lan\u00e7a o \u201cFeeding Forward\u201d, um novo evento anual dedicado ao futuro da alimenta\u00e7\u00e3o de precis\u00e3o\",\"datePublished\":\"2026-07-06T09:27:53+00:00\",\"dateModified\":\"2026-07-06T09:41:48+00:00\",\"mainEntityOfPage\":{\"@id\":\"https:\\\/\\\/www.dinamicagenerale.com\\\/pt-br\\\/a-dinamica-generale-lanca-o-feeding-forward-um-novo-evento-anual-dedicado-ao-futuro-da-alimentacao-de-precisao\\\/\"},\"wordCount\":529,\"image\":{\"@id\":\"https:\\\/\\\/www.dinamicagenerale.com\\\/pt-br\\\/a-dinamica-generale-lanca-o-feeding-forward-um-novo-evento-anual-dedicado-ao-futuro-da-alimentacao-de-precisao\\\/#primaryimage\"},\"thumbnailUrl\":\"https:\\\/\\\/www.dinamicagenerale.com\\\/wp-content\\\/uploads\\\/2026\\\/07\\\/Feeding-Forward-Dinamica-Generales-New-Precision-Feeding-Event.png\",\"articleSection\":[\"Empresa\",\"On Farm\"],\"inLanguage\":\"pt-BR\"},{\"@type\":\"WebPage\",\"@id\":\"https:\\\/\\\/www.dinamicagenerale.com\\\/pt-br\\\/a-dinamica-generale-lanca-o-feeding-forward-um-novo-evento-anual-dedicado-ao-futuro-da-alimentacao-de-precisao\\\/\",\"url\":\"https:\\\/\\\/www.dinamicagenerale.com\\\/pt-br\\\/a-dinamica-generale-lanca-o-feeding-forward-um-novo-evento-anual-dedicado-ao-futuro-da-alimentacao-de-precisao\\\/\",\"name\":\"Feeding Forward: o novo evento sobre alimenta\u00e7\u00e3o de precis\u00e3o da Dinamica Generale\",\"isPartOf\":{\"@id\":\"https:\\\/\\\/www.dinamicagenerale.com\\\/pt-br\\\/#website\"},\"primaryImageOfPage\":{\"@id\":\"https:\\\/\\\/www.dinamicagenerale.com\\\/pt-br\\\/a-dinamica-generale-lanca-o-feeding-forward-um-novo-evento-anual-dedicado-ao-futuro-da-alimentacao-de-precisao\\\/#primaryimage\"},\"image\":{\"@id\":\"https:\\\/\\\/www.dinamicagenerale.com\\\/pt-br\\\/a-dinamica-generale-lanca-o-feeding-forward-um-novo-evento-anual-dedicado-ao-futuro-da-alimentacao-de-precisao\\\/#primaryimage\"},\"thumbnailUrl\":\"https:\\\/\\\/www.dinamicagenerale.com\\\/wp-content\\\/uploads\\\/2026\\\/07\\\/Feeding-Forward-Dinamica-Generales-New-Precision-Feeding-Event.png\",\"datePublished\":\"2026-07-06T09:27:53+00:00\",\"dateModified\":\"2026-07-06T09:41:48+00:00\",\"author\":{\"@id\":\"https:\\\/\\\/www.dinamicagenerale.com\\\/pt-br\\\/#\\\/schema\\\/person\\\/a5c006ed54fc259d80e205e87334fd4e\"},\"description\":\"A Dinamica Generale lan\u00e7a o Feeding Forward, um novo evento anual em que profissionais do setor leiteiro exploram a alimenta\u00e7\u00e3o de precis\u00e3o, a gest\u00e3o baseada em dados e a rentabilidade das fazendas.\",\"breadcrumb\":{\"@id\":\"https:\\\/\\\/www.dinamicagenerale.com\\\/pt-br\\\/a-dinamica-generale-lanca-o-feeding-forward-um-novo-evento-anual-dedicado-ao-futuro-da-alimentacao-de-precisao\\\/#breadcrumb\"},\"inLanguage\":\"pt-BR\",\"potentialAction\":[{\"@type\":\"ReadAction\",\"target\":[\"https:\\\/\\\/www.dinamicagenerale.com\\\/pt-br\\\/a-dinamica-generale-lanca-o-feeding-forward-um-novo-evento-anual-dedicado-ao-futuro-da-alimentacao-de-precisao\\\/\"]}]},{\"@type\":\"ImageObject\",\"inLanguage\":\"pt-BR\",\"@id\":\"https:\\\/\\\/www.dinamicagenerale.com\\\/pt-br\\\/a-dinamica-generale-lanca-o-feeding-forward-um-novo-evento-anual-dedicado-ao-futuro-da-alimentacao-de-precisao\\\/#primaryimage\",\"url\":\"https:\\\/\\\/www.dinamicagenerale.com\\\/wp-content\\\/uploads\\\/2026\\\/07\\\/Feeding-Forward-Dinamica-Generales-New-Precision-Feeding-Event.png\",\"contentUrl\":\"https:\\\/\\\/www.dinamicagenerale.com\\\/wp-content\\\/uploads\\\/2026\\\/07\\\/Feeding-Forward-Dinamica-Generales-New-Precision-Feeding-Event.png\",\"width\":2362,\"height\":1217},{\"@type\":\"BreadcrumbList\",\"@id\":\"https:\\\/\\\/www.dinamicagenerale.com\\\/pt-br\\\/a-dinamica-generale-lanca-o-feeding-forward-um-novo-evento-anual-dedicado-ao-futuro-da-alimentacao-de-precisao\\\/#breadcrumb\",\"itemListElement\":[{\"@type\":\"ListItem\",\"position\":1,\"name\":\"Home\",\"item\":\"https:\\\/\\\/www.dinamicagenerale.com\\\/pt-br\\\/divisoes\\\/\"},{\"@type\":\"ListItem\",\"position\":2,\"name\":\"A Dinamica Generale lan\u00e7a o \u201cFeeding Forward\u201d, um novo evento anual dedicado ao futuro da alimenta\u00e7\u00e3o de precis\u00e3o\"}]},{\"@type\":\"WebSite\",\"@id\":\"https:\\\/\\\/www.dinamicagenerale.com\\\/pt-br\\\/#website\",\"url\":\"https:\\\/\\\/www.dinamicagenerale.com\\\/pt-br\\\/\",\"name\":\"Dinamica Generale\",\"description\":\"\",\"potentialAction\":[{\"@type\":\"SearchAction\",\"target\":{\"@type\":\"EntryPoint\",\"urlTemplate\":\"https:\\\/\\\/www.dinamicagenerale.com\\\/pt-br\\\/?s={search_term_string}\"},\"query-input\":{\"@type\":\"PropertyValueSpecification\",\"valueRequired\":true,\"valueName\":\"search_term_string\"}}],\"inLanguage\":\"pt-BR\"},{\"@type\":\"Person\",\"@id\":\"https:\\\/\\\/www.dinamicagenerale.com\\\/pt-br\\\/#\\\/schema\\\/person\\\/a5c006ed54fc259d80e205e87334fd4e\",\"name\":\"leonardoparmeggiani\",\"image\":{\"@type\":\"ImageObject\",\"inLanguage\":\"pt-BR\",\"@id\":\"https:\\\/\\\/secure.gravatar.com\\\/avatar\\\/35c1e41d17eff04f4dc47409276969d2f6a1822502e0fd6396ed7c623180ec0f?s=96&d=mm&r=g\",\"url\":\"https:\\\/\\\/secure.gravatar.com\\\/avatar\\\/35c1e41d17eff04f4dc47409276969d2f6a1822502e0fd6396ed7c623180ec0f?s=96&d=mm&r=g\",\"contentUrl\":\"https:\\\/\\\/secure.gravatar.com\\\/avatar\\\/35c1e41d17eff04f4dc47409276969d2f6a1822502e0fd6396ed7c623180ec0f?s=96&d=mm&r=g\",\"caption\":\"leonardoparmeggiani\"}}]}<\/script>\n<!-- \/ Yoast SEO plugin. -->","yoast_head_json":{"title":"Feeding Forward: o novo evento sobre alimenta\u00e7\u00e3o de precis\u00e3o da Dinamica Generale","description":"A Dinamica Generale lan\u00e7a o Feeding Forward, um novo evento anual em que profissionais do setor leiteiro exploram a alimenta\u00e7\u00e3o de precis\u00e3o, a gest\u00e3o baseada em dados e a rentabilidade das fazendas.","robots":{"index":"index","follow":"follow","max-snippet":"max-snippet:-1","max-image-preview":"max-image-preview:large","max-video-preview":"max-video-preview:-1"},"canonical":"https:\/\/www.dinamicagenerale.com\/pt-br\/a-dinamica-generale-lanca-o-feeding-forward-um-novo-evento-anual-dedicado-ao-futuro-da-alimentacao-de-precisao\/","og_locale":"pt_BR","og_type":"article","og_title":"Feeding Forward: o novo evento sobre alimenta\u00e7\u00e3o de precis\u00e3o da Dinamica Generale","og_description":"A Dinamica Generale lan\u00e7a o Feeding Forward, um novo evento anual em que profissionais do setor leiteiro exploram a alimenta\u00e7\u00e3o de precis\u00e3o, a gest\u00e3o baseada em dados e a rentabilidade das fazendas.","og_url":"https:\/\/www.dinamicagenerale.com\/pt-br\/a-dinamica-generale-lanca-o-feeding-forward-um-novo-evento-anual-dedicado-ao-futuro-da-alimentacao-de-precisao\/","og_site_name":"Dinamica Generale","article_published_time":"2026-07-06T09:27:53+00:00","article_modified_time":"2026-07-06T09:41:48+00:00","og_image":[{"width":1024,"height":528,"url":"https:\/\/www.dinamicagenerale.com\/wp-content\/uploads\/2026\/07\/Feeding-Forward-Dinamica-Generales-New-Precision-Feeding-Event-1024x528.png","type":"image\/png"}],"author":"leonardoparmeggiani","twitter_card":"summary_large_image","twitter_misc":{"Escrito por":"leonardoparmeggiani","Est. tempo de leitura":"3 minutos"},"schema":{"@context":"https:\/\/schema.org","@graph":[{"@type":"Article","@id":"https:\/\/www.dinamicagenerale.com\/pt-br\/a-dinamica-generale-lanca-o-feeding-forward-um-novo-evento-anual-dedicado-ao-futuro-da-alimentacao-de-precisao\/#article","isPartOf":{"@id":"https:\/\/www.dinamicagenerale.com\/pt-br\/a-dinamica-generale-lanca-o-feeding-forward-um-novo-evento-anual-dedicado-ao-futuro-da-alimentacao-de-precisao\/"},"author":{"name":"leonardoparmeggiani","@id":"https:\/\/www.dinamicagenerale.com\/pt-br\/#\/schema\/person\/a5c006ed54fc259d80e205e87334fd4e"},"headline":"A Dinamica Generale lan\u00e7a o \u201cFeeding Forward\u201d, um novo evento anual dedicado ao futuro da alimenta\u00e7\u00e3o de precis\u00e3o","datePublished":"2026-07-06T09:27:53+00:00","dateModified":"2026-07-06T09:41:48+00:00","mainEntityOfPage":{"@id":"https:\/\/www.dinamicagenerale.com\/pt-br\/a-dinamica-generale-lanca-o-feeding-forward-um-novo-evento-anual-dedicado-ao-futuro-da-alimentacao-de-precisao\/"},"wordCount":529,"image":{"@id":"https:\/\/www.dinamicagenerale.com\/pt-br\/a-dinamica-generale-lanca-o-feeding-forward-um-novo-evento-anual-dedicado-ao-futuro-da-alimentacao-de-precisao\/#primaryimage"},"thumbnailUrl":"https:\/\/www.dinamicagenerale.com\/wp-content\/uploads\/2026\/07\/Feeding-Forward-Dinamica-Generales-New-Precision-Feeding-Event.png","articleSection":["Empresa","On Farm"],"inLanguage":"pt-BR"},{"@type":"WebPage","@id":"https:\/\/www.dinamicagenerale.com\/pt-br\/a-dinamica-generale-lanca-o-feeding-forward-um-novo-evento-anual-dedicado-ao-futuro-da-alimentacao-de-precisao\/","url":"https:\/\/www.dinamicagenerale.com\/pt-br\/a-dinamica-generale-lanca-o-feeding-forward-um-novo-evento-anual-dedicado-ao-futuro-da-alimentacao-de-precisao\/","name":"Feeding Forward: o novo evento sobre alimenta\u00e7\u00e3o de precis\u00e3o da Dinamica Generale","isPartOf":{"@id":"https:\/\/www.dinamicagenerale.com\/pt-br\/#website"},"primaryImageOfPage":{"@id":"https:\/\/www.dinamicagenerale.com\/pt-br\/a-dinamica-generale-lanca-o-feeding-forward-um-novo-evento-anual-dedicado-ao-futuro-da-alimentacao-de-precisao\/#primaryimage"},"image":{"@id":"https:\/\/www.dinamicagenerale.com\/pt-br\/a-dinamica-generale-lanca-o-feeding-forward-um-novo-evento-anual-dedicado-ao-futuro-da-alimentacao-de-precisao\/#primaryimage"},"thumbnailUrl":"https:\/\/www.dinamicagenerale.com\/wp-content\/uploads\/2026\/07\/Feeding-Forward-Dinamica-Generales-New-Precision-Feeding-Event.png","datePublished":"2026-07-06T09:27:53+00:00","dateModified":"2026-07-06T09:41:48+00:00","author":{"@id":"https:\/\/www.dinamicagenerale.com\/pt-br\/#\/schema\/person\/a5c006ed54fc259d80e205e87334fd4e"},"description":"A Dinamica Generale lan\u00e7a o Feeding Forward, um novo evento anual em que profissionais do setor leiteiro exploram a alimenta\u00e7\u00e3o de precis\u00e3o, a gest\u00e3o baseada em dados e a rentabilidade das fazendas.","breadcrumb":{"@id":"https:\/\/www.dinamicagenerale.com\/pt-br\/a-dinamica-generale-lanca-o-feeding-forward-um-novo-evento-anual-dedicado-ao-futuro-da-alimentacao-de-precisao\/#breadcrumb"},"inLanguage":"pt-BR","potentialAction":[{"@type":"ReadAction","target":["https:\/\/www.dinamicagenerale.com\/pt-br\/a-dinamica-generale-lanca-o-feeding-forward-um-novo-evento-anual-dedicado-ao-futuro-da-alimentacao-de-precisao\/"]}]},{"@type":"ImageObject","inLanguage":"pt-BR","@id":"https:\/\/www.dinamicagenerale.com\/pt-br\/a-dinamica-generale-lanca-o-feeding-forward-um-novo-evento-anual-dedicado-ao-futuro-da-alimentacao-de-precisao\/#primaryimage","url":"https:\/\/www.dinamicagenerale.com\/wp-content\/uploads\/2026\/07\/Feeding-Forward-Dinamica-Generales-New-Precision-Feeding-Event.png","contentUrl":"https:\/\/www.dinamicagenerale.com\/wp-content\/uploads\/2026\/07\/Feeding-Forward-Dinamica-Generales-New-Precision-Feeding-Event.png","width":2362,"height":1217},{"@type":"BreadcrumbList","@id":"https:\/\/www.dinamicagenerale.com\/pt-br\/a-dinamica-generale-lanca-o-feeding-forward-um-novo-evento-anual-dedicado-ao-futuro-da-alimentacao-de-precisao\/#breadcrumb","itemListElement":[{"@type":"ListItem","position":1,"name":"Home","item":"https:\/\/www.dinamicagenerale.com\/pt-br\/divisoes\/"},{"@type":"ListItem","position":2,"name":"A Dinamica Generale lan\u00e7a o \u201cFeeding Forward\u201d, um novo evento anual dedicado ao futuro da alimenta\u00e7\u00e3o de precis\u00e3o"}]},{"@type":"WebSite","@id":"https:\/\/www.dinamicagenerale.com\/pt-br\/#website","url":"https:\/\/www.dinamicagenerale.com\/pt-br\/","name":"Dinamica Generale","description":"","potentialAction":[{"@type":"SearchAction","target":{"@type":"EntryPoint","urlTemplate":"https:\/\/www.dinamicagenerale.com\/pt-br\/?s={search_term_string}"},"query-input":{"@type":"PropertyValueSpecification","valueRequired":true,"valueName":"search_term_string"}}],"inLanguage":"pt-BR"},{"@type":"Person","@id":"https:\/\/www.dinamicagenerale.com\/pt-br\/#\/schema\/person\/a5c006ed54fc259d80e205e87334fd4e","name":"leonardoparmeggiani","image":{"@type":"ImageObject","inLanguage":"pt-BR","@id":"https:\/\/secure.gravatar.com\/avatar\/35c1e41d17eff04f4dc47409276969d2f6a1822502e0fd6396ed7c623180ec0f?s=96&d=mm&r=g","url":"https:\/\/secure.gravatar.com\/avatar\/35c1e41d17eff04f4dc47409276969d2f6a1822502e0fd6396ed7c623180ec0f?s=96&d=mm&r=g","contentUrl":"https:\/\/secure.gravatar.com\/avatar\/35c1e41d17eff04f4dc47409276969d2f6a1822502e0fd6396ed7c623180ec0f?s=96&d=mm&r=g","caption":"leonardoparmeggiani"}}]}},"_links":{"self":[{"href":"https:\/\/www.dinamicagenerale.com\/pt-br\/wp-json\/wp\/v2\/posts\/53101","targetHints":{"allow":["GET"]}}],"collection":[{"href":"https:\/\/www.dinamicagenerale.com\/pt-br\/wp-json\/wp\/v2\/posts"}],"about":[{"href":"https:\/\/www.dinamicagenerale.com\/pt-br\/wp-json\/wp\/v2\/types\/post"}],"author":[{"embeddable":true,"href":"https:\/\/www.dinamicagenerale.com\/pt-br\/wp-json\/wp\/v2\/users\/5"}],"replies":[{"embeddable":true,"href":"https:\/\/www.dinamicagenerale.com\/pt-br\/wp-json\/wp\/v2\/comments?post=53101"}],"version-history":[{"count":1,"href":"https:\/\/www.dinamicagenerale.com\/pt-br\/wp-json\/wp\/v2\/posts\/53101\/revisions"}],"predecessor-version":[{"id":53102,"href":"https:\/\/www.dinamicagenerale.com\/pt-br\/wp-json\/wp\/v2\/posts\/53101\/revisions\/53102"}],"wp:featuredmedia":[{"embeddable":true,"href":"https:\/\/www.dinamicagenerale.com\/pt-br\/wp-json\/wp\/v2\/media\/53085"}],"wp:attachment":[{"href":"https:\/\/www.dinamicagenerale.com\/pt-br\/wp-json\/wp\/v2\/media?parent=53101"}],"wp:term":[{"taxonomy":"category","embeddable":true,"href":"https:\/\/www.dinamicagenerale.com\/pt-br\/wp-json\/wp\/v2\/categories?post=53101"},{"taxonomy":"post_tag","embeddable":true,"href":"https:\/\/www.dinamicagenerale.com\/pt-br\/wp-json\/wp\/v2\/tags?post=53101"}],"curies":[{"name":"wp","href":"https:\/\/api.w.org\/{rel}","templated":true}]}}