{"id":54595,"date":"2026-09-02T09:25:00","date_gmt":"2026-09-02T07:25:00","guid":{"rendered":"https:\/\/www.dinamicagenerale.com\/?p=54595"},"modified":"2026-08-27T09:47:36","modified_gmt":"2026-08-27T07:47:36","slug":"gdzie-bedzie-mozna-spotkac-sie-z-zespolem-dinamica-generale-we-wrzesniu-2026-roku","status":"publish","type":"post","link":"https:\/\/www.dinamicagenerale.com\/pl\/gdzie-bedzie-mozna-spotkac-sie-z-zespolem-dinamica-generale-we-wrzesniu-2026-roku\/","title":{"rendered":"Gdzie b\u0119dzie mo\u017cna spotka\u0107 si\u0119 z zespo\u0142em Dinamica Generale we wrze\u015bniu 2026 roku"},"content":{"rendered":"\n<p class=\"wp-block-paragraph\">Wydarzenia zorganizowane przez Dinamica Generale we wrze\u015bniu 2026 roku zaprowadz\u0105 nasz zesp\u00f3\u0142 z Europy do Ameryki P\u00f3\u0142nocnej, gdzie odb\u0119d\u0105 si\u0119 cztery wa\u017cne spotkania z bran\u017cy rolniczej i hodowlanej.  <\/p>\n\n<p class=\"wp-block-paragraph\">Wydarzenia te b\u0119d\u0105 po\u015bwi\u0119cone hodowli zwierz\u0105t, maszynom rolniczym oraz rolnictwu precyzyjnemu. Ponadto b\u0119d\u0105 one doskona\u0142\u0105 okazj\u0105 do spotkania si\u0119 z naszym zespo\u0142em i zapoznania si\u0119 z naszymi najnowszymi technologiami. <\/p>\n\n<p class=\"wp-block-paragraph\">Od Walencji po Rennes, od Bednary po Madison \u2013 oto miejsca, w kt\u00f3rych we wrze\u015bniu tego roku b\u0119dzie mo\u017cna spotka\u0107 si\u0119 z zespo\u0142em Dinamica Generale.<\/p>\n\n<h2 class=\"wp-block-heading\">ECPLF 2026 \u2013 Walencja, Hiszpania<\/h2>\n\n<p class=\"wp-block-paragraph\">Nasza wrze\u015bniowa podr\u00f3\u017c rozpocznie si\u0119 w Walencji podczas Europejskiej Konferencji po\u015bwi\u0119conej precyzyjnemu chowowi zwierz\u0105t gospodarskich \u2013 ECPLF 2026.<\/p>\n\n<p class=\"wp-block-paragraph\">Wydarzenie to gromadzi naukowc\u00f3w, dostawc\u00f3w technologii oraz specjalist\u00f3w z bran\u017cy hodowli zwierz\u0105t. Wsp\u00f3lnie om\u00f3wi\u0105 oni najnowsze osi\u0105gni\u0119cia w dziedzinie precyzyjnej hodowli zwierz\u0105t. <\/p>\n\n<p class=\"wp-block-paragraph\">Firma Dinamica Generale zaprezentuje swoje do\u015bwiadczenie w zakresie precyzyjnego \u017cywienia, analizy NIR oraz cyfrowego zarz\u0105dzania \u017cywieniem.<\/p>\n\n<p class=\"wp-block-paragraph\">Ponadto 14 wrze\u015bnia nasz zesp\u00f3\u0142 we\u017amie udzia\u0142 w krajowej konferencji ECPLF. We\u017amiemy udzia\u0142 w dyskusji przy okr\u0105g\u0142ym stole po\u015bwi\u0119conej post\u0119pom i wyzwaniom zwi\u0105zanym z innowacjami technologicznymi w hodowli zwierz\u0105t. <\/p>\n\n<p class=\"wp-block-paragraph\"><strong>Daty:<\/strong> 14-17 wrze\u015bnia 2026 r.<br\/><strong>Lokalizacja:<\/strong> Universitat Polit\u00e8cnica de Val\u00e8ncia. Audytorium &#8211; Budynek Nexus (UPV) <br\/><strong>Strona Wydarzenia:<\/strong> <a type=\"link\" href=\"https:\/\/www.ecplf2026.com\/\" id=\"https:\/\/www.ecplf2026.com\/\" target=\"_blank\" rel=\"noreferrer noopener\">ECPLF 2026<\/a><br\/><strong>Nasze stoisko:<\/strong> 2<\/p>\n\n<p class=\"wp-block-paragraph\"><strong><a href=\"https:\/\/www.dinamicagenerale.com\/pl\/event\/ecplf-2026-odkryj-nasze-rozwiazania-w-zakresie-precyzyjnej-hodowli-zwierzat-dinamica-generale\/\" data-type=\"link\" data-id=\"https:\/\/www.dinamicagenerale.com\/event\/ecplf-2026-discover-our-precision-livestock-farming-solutions-dinamica-generale\/\" target=\"_blank\" rel=\"noreferrer noopener\">Poznaj ECPLF 2026<\/a><\/strong><\/p>\n\n<div class=\"wp-block-columns is-layout-flex wp-container-core-columns-is-layout-8f761849 wp-block-columns-is-layout-flex\">\n<div class=\"wp-block-column is-layout-flow wp-block-column-is-layout-flow\">\n<figure class=\"wp-block-image size-full\"><img loading=\"lazy\" decoding=\"async\" width=\"740\" height=\"380\" src=\"https:\/\/www.dinamicagenerale.com\/wp-content\/uploads\/2026\/03\/BATA-AGRO-2026-portable-nir-analyzer-dinamica-generale.png\" alt=\"\" class=\"wp-image-44097\" srcset=\"https:\/\/www.dinamicagenerale.com\/wp-content\/uploads\/2026\/03\/BATA-AGRO-2026-portable-nir-analyzer-dinamica-generale.png 740w, https:\/\/www.dinamicagenerale.com\/wp-content\/uploads\/2026\/03\/BATA-AGRO-2026-portable-nir-analyzer-dinamica-generale-300x154.png 300w\" sizes=\"auto, (max-width: 740px) 100vw, 740px\" \/><\/figure>\n<\/div>\n\n\n\n<div class=\"wp-block-column is-layout-flow wp-block-column-is-layout-flow\">\n<figure class=\"wp-block-image size-full\"><img decoding=\"async\" src=\"https:\/\/www.dinamicagenerale.com\/wp-content\/uploads\/2026\/03\/BATA-AGRO-2026-DTM-&#x2013;-Digital-Feeding-Management-dinamica-generale.png\" alt=\"\" class=\"wp-image-44107\"\/><\/figure>\n<\/div>\n<\/div>\n\n<h2 class=\"wp-block-heading\">SPACE 2026 \u2013 Rennes, Francja<\/h2>\n\n<p class=\"wp-block-paragraph\">W mi\u0119dzyczasie nasz zesp\u00f3\u0142 b\u0119dzie r\u00f3wnie\u017c obecny w Rennes na targach SPACE 2026.<\/p>\n\n<p class=\"wp-block-paragraph\">Wydarzenie to stanowi jedno z g\u0142\u00f3wnych mi\u0119dzynarodowych miejsc spotka\u0144 przedstawicieli sektora hodowlanego. Stanowi zatem doskona\u0142\u0105 okazj\u0119 do nawi\u0105zania kontakt\u00f3w z rolnikami, specjalistami i dostawcami technologii z r\u00f3\u017cnych rynk\u00f3w. <\/p>\n\n<p class=\"wp-block-paragraph\">Podczas targ\u00f3w SPACE firma Dinamica Generale zaprezentuje rozwi\u0105zania maj\u0105ce na celu zwi\u0119kszenie precyzji, mierzalno\u015bci i integracji proces\u00f3w \u017cywienia.<\/p>\n\n<p class=\"wp-block-paragraph\">Odwiedzaj\u0105cy b\u0119d\u0105 mogli zapozna\u0107 si\u0119 z naszymi technologiami w zakresie precyzyjnego \u017cywienia, przeno\u015bnej analizy NIR oraz cyfrowego zarz\u0105dzania \u017cywieniem za pomoc\u0105 systemu DTM.<\/p>\n\n<p class=\"wp-block-paragraph\"><strong>Termin:<\/strong> 15\u201317 wrze\u015bnia 2026 r.<br\/><strong>Miejsce:<\/strong> Rennes, Francja<br\/><strong>Stoisko:<\/strong> Hala 2\/3 \u2013 Stoisko C42<br\/><strong>Godziny otwarcia:<\/strong> 9:00\u201319:00<br\/><strong>Strona internetowa:<\/strong> <a href=\"https:\/\/www.space.fr\/en\">SPACE 2026<\/a><\/p>\n\n<p class=\"wp-block-paragraph\"><strong><a href=\"https:\/\/www.dinamicagenerale.com\/pl\/event\/space-2026-precyzyjne-karmienie-i-technologie-nir-dinamica-generale\/\" data-type=\"link\" data-id=\"https:\/\/www.dinamicagenerale.com\/event\/space-2026-precision-feeding-nir-technologies-dinamica-generale\/\" target=\"_blank\" rel=\"noreferrer noopener\">Spotkajmy si\u0119 na targach SPACE 2026<\/a><\/strong><\/p>\n\n<h2 class=\"wp-block-heading\">AGRO SHOW 2026 \u2013 Bednary, Polska<\/h2>\n\n<p class=\"wp-block-paragraph\">Nast\u0119pnie firma Dinamica Generale uda si\u0119 do Polski, aby wzi\u0105\u0107 udzia\u0142 w targach AGRO SHOW 2026 w Bednarach.<\/p>\n\n<p class=\"wp-block-paragraph\">Wydarzenie to stanowi wa\u017cne miejsce spotka\u0144 bran\u017cy maszyn rolniczych w Europie \u015arodkowej i Wschodniej. Skupimy si\u0119 tu na technologiach, kt\u00f3re zapewniaj\u0105 wi\u0119ksz\u0105 precyzj\u0119 bezpo\u015brednio w maszynach rolniczych. <\/p>\n\n<p class=\"wp-block-paragraph\">W szczeg\u00f3lno\u015bci zwiedzaj\u0105cy b\u0119d\u0105 mogli zapozna\u0107 si\u0119 z naszymi rozwi?zaniami w zakresie wa\u017cenia, analizy NIR, rolnictwa precyzyjnego oraz cyfrowego Zarz?dzania danymi.<\/p>\n\n<p class=\"wp-block-paragraph\">Technologie te pomagaj\u0105 operatorom gromadzi\u0107 przydatne informacje bezpo\u015brednio podczas prac terenowych. Dzi\u0119ki temu mog\u0105 oni poprawi\u0107 kontrol\u0119, wydajno\u015b\u0107 i identyfikowalno\u015b\u0107. <\/p>\n\n<p class=\"wp-block-paragraph\"><strong>Termin:<\/strong> 18\u201320 wrze\u015bnia 2026 r.<br\/><strong>Miejsce:<\/strong> Bednary, Polska<br\/><strong>Stoisko:<\/strong> Stoisko BIOMIX \u2013 nr 36, sektor B<br\/><strong>Godziny otwarcia:<\/strong> 9.00\u201319.00<br\/><strong>Strona internetowa:<\/strong> <a href=\"https:\/\/agroshow.pl\/agroshow\/en\" target=\"_blank\" rel=\"noreferrer noopener\">AGRO SHOW<\/a><\/p>\n\n<p class=\"wp-block-paragraph\"><strong><a href=\"https:\/\/www.dinamicagenerale.com\/pl\/event\/agro-show-2026-precyzyjne-podawanie-i-rozwiazania-nir-w-mieszalniku-dinamica-generale\/\" data-type=\"link\" data-id=\"https:\/\/www.dinamicagenerale.com\/event\/agro-show-2026-precision-feeding-on-mixer-nir-solutions-dinamica-generale\/\" target=\"_blank\" rel=\"noreferrer noopener\">Odkryj targi AGRO SHOW 2026<\/a><\/strong><\/p>\n\n<div class=\"wp-block-columns is-layout-flex wp-container-core-columns-is-layout-8f761849 wp-block-columns-is-layout-flex\">\n<div class=\"wp-block-column is-layout-flow wp-block-column-is-layout-flow\">\n<figure class=\"wp-block-image size-full\"><img loading=\"lazy\" decoding=\"async\" width=\"740\" height=\"380\" src=\"https:\/\/www.dinamicagenerale.com\/wp-content\/uploads\/2026\/03\/space-2026-precision-feeding-reliable-weighing-systems-dinamica-generale.png\" alt=\"\" class=\"wp-image-43017\" srcset=\"https:\/\/www.dinamicagenerale.com\/wp-content\/uploads\/2026\/03\/space-2026-precision-feeding-reliable-weighing-systems-dinamica-generale.png 740w, https:\/\/www.dinamicagenerale.com\/wp-content\/uploads\/2026\/03\/space-2026-precision-feeding-reliable-weighing-systems-dinamica-generale-300x154.png 300w\" sizes=\"auto, (max-width: 740px) 100vw, 740px\" \/><\/figure>\n<\/div>\n\n\n\n<div class=\"wp-block-column is-layout-flow wp-block-column-is-layout-flow\">\n<figure class=\"wp-block-image size-full\"><img loading=\"lazy\" decoding=\"async\" width=\"740\" height=\"380\" src=\"https:\/\/www.dinamicagenerale.com\/wp-content\/uploads\/2026\/03\/space-2026-precision-feeding-nir-on-tank-dinamica-generale.png\" alt=\"\" class=\"wp-image-42996\" srcset=\"https:\/\/www.dinamicagenerale.com\/wp-content\/uploads\/2026\/03\/space-2026-precision-feeding-nir-on-tank-dinamica-generale.png 740w, https:\/\/www.dinamicagenerale.com\/wp-content\/uploads\/2026\/03\/space-2026-precision-feeding-nir-on-tank-dinamica-generale-300x154.png 300w\" sizes=\"auto, (max-width: 740px) 100vw, 740px\" \/><\/figure>\n<\/div>\n<\/div>\n\n<h2 class=\"wp-block-heading\">World Dairy Expo 2026 \u2013 Madison, Wisconsin, USA<\/h2>\n\n<p class=\"wp-block-paragraph\">Wreszcie we wrze\u015bniu zesp\u00f3\u0142 Dinamica Generale wyruszy w podr\u00f3\u017c przez Atlantyk.<\/p>\n\n<p class=\"wp-block-paragraph\">Nasz zesp\u00f3\u0142 b\u0119dzie w Madison w stanie Wisconsin na targach World Dairy Expo 2026. Impreza ta jest jednym z najwa\u017cniejszych mi\u0119dzynarodowych wydarze\u0144 bran\u017cy mleczarskiej. <\/p>\n\n<p class=\"wp-block-paragraph\">Wydarzenie to gromadzi rolnik\u00f3w, specjalist\u00f3w ?ywienia zwierz?t, dystrybutor\u00f3w, producent\u00f3w sprz\u0119tu oraz specjalist\u00f3w z bran\u017cy mleczarskiej z ca\u0142ego \u015bwiata.<\/p>\n\n<p class=\"wp-block-paragraph\">Podczas targ\u00f3w World Dairy Expo firma Dinamica Generale zaprezentuje swoje Rozwi?zania w zakresie precyzyjnego \u017cywienia i zarz\u0105dzania gospodarstwami mleczarskimi.<\/p>\n\n<p class=\"wp-block-paragraph\">Nasze technologie \u0142\u0105cz\u0105 w sobie systemy wa\u017cenia, analiz\u0119 w podczerwieni bliskiej (NIR) oraz narz\u0119dzia cyfrowe. Dzi\u0119ki temu gospodarstwa rolne mog\u0105 poprawi\u0107 sp\u00f3jno\u015b\u0107 \u017cywienia zwierz\u0105t, monitorowa\u0107 wyniki hodowli oraz lepiej wykorzystywa\u0107 posiadane dane. <\/p>\n\n<p class=\"wp-block-paragraph\"><strong>Termin:<\/strong> 29 wrze\u015bnia \u2013 2 pa\u017adziernika 2026 r.<br\/><strong>Miejsce:<\/strong> Madison, Wisconsin, USA<br\/><strong>Stoisko:<\/strong> nr 2009<br\/><strong>Godziny otwarcia:<\/strong> 9:00 \u2013 19:00<br\/><strong>Strona internetowa:<\/strong> <a href=\"https:\/\/worlddairyexpo.com\/\" target=\"_blank\" rel=\"noreferrer noopener\">World Dairy Expo<\/a><\/p>\n\n<p class=\"wp-block-paragraph\"><strong><a href=\"https:\/\/www.dinamicagenerale.com\/pl\/event\/world-dairy-expo-2026-precyzyjne-zywienie-dla-wysokowydajnych-mleczarni-dinamica-generale\/\" data-type=\"link\" data-id=\"https:\/\/www.dinamicagenerale.com\/event\/world-dairy-expo-2026-precision-feeding-for-high-performance-dairies-dinamica-generale\/\" target=\"_blank\" rel=\"noreferrer noopener\">Spotkajmy si\u0119 na targach World Dairy Expo<\/a><\/strong><\/p>\n\n<h3 class=\"wp-block-heading\">Cztery wydarzenia. Jeden miesi\u0105c. Jeden cel: zwi\u0119kszenie precyzji w rolnictwie.  <\/h3>\n\n<p class=\"wp-block-paragraph\">We wrze\u015bniu zesp\u00f3\u0142 Dinamica Generale wyruszy z Hiszpanii do Francji, Polski i Stan\u00f3w Zjednoczonych.<\/p>\n\n<p class=\"wp-block-paragraph\">Ka\u017cde wydarzenie b\u0119dzie po\u015bwi\u0119cone innemu aspektowi wsp\u00f3\u0142czesnego rolnictwa. Cel pozostaje jednak ten sam: wykorzystanie technologii i danych w celu zwi\u0119kszenia wydajno\u015bci i poprawy kontroli. <\/p>\n\n<p class=\"wp-block-paragraph\"><strong>Czy zamierzasz wzi\u0105\u0107 udzia\u0142 w kt\u00f3rym\u015b z tych wydarze\u0144?<\/strong><\/p>\n\n<p class=\"wp-block-paragraph\">Poznaj zesp\u00f3\u0142 Dinamica Generale i dowiedz si\u0119, w jaki spos\u00f3b nasze technologie mog\u0105 wesprze\u0107 Tw\u00f3j kolejny projekt. Wype\u0142nij poni\u017cszy formularz! <\/p>\n","protected":false},"excerpt":{"rendered":"<p>Wydarzenia zorganizowane przez Dinamica Generale we wrze\u015bniu 2026 roku zaprowadz\u0105 nasz zesp\u00f3\u0142 z Europy do Ameryki P\u00f3\u0142nocnej, gdzie odb\u0119d\u0105 si\u0119 [&hellip;]<\/p>\n","protected":false},"author":5,"featured_media":54581,"comment_status":"closed","ping_status":"closed","sticky":false,"template":"","format":"standard","meta":{"footnotes":""},"categories":[3582],"tags":[],"class_list":["post-54595","post","type-post","status-publish","format-standard","has-post-thumbnail","hentry","category-firma"],"yoast_head":"<!-- This site is optimized with the Yoast SEO plugin v28.0 - https:\/\/yoast.com\/product\/yoast-seo-wordpress\/ -->\n<title>Gdzie spotka\u0107 si\u0119 z Dinamica Generale we wrze\u015bniu 2026 roku<\/title>\n<meta name=\"description\" content=\"Dowiedz si\u0119, gdzie we wrze\u015bniu 2026 roku b\u0119dzie mo\u017cna spotka\u0107 si\u0119 z firm\u0105 Dinamica Generale: na targach ECPLF w Hiszpanii, SPACE we Francji, AGRO SHOW w Polsce oraz World Dairy Expo w USA.\" \/>\n<meta name=\"robots\" content=\"index, follow, max-snippet:-1, max-image-preview:large, max-video-preview:-1\" \/>\n<link rel=\"canonical\" href=\"https:\/\/www.dinamicagenerale.com\/pl\/gdzie-bedzie-mozna-spotkac-sie-z-zespolem-dinamica-generale-we-wrzesniu-2026-roku\/\" \/>\n<meta property=\"og:locale\" content=\"pl_PL\" \/>\n<meta property=\"og:type\" content=\"article\" \/>\n<meta property=\"og:title\" content=\"Gdzie spotka\u0107 si\u0119 z Dinamica Generale we wrze\u015bniu 2026 roku\" \/>\n<meta property=\"og:description\" content=\"Dowiedz si\u0119, gdzie we wrze\u015bniu 2026 roku b\u0119dzie mo\u017cna spotka\u0107 si\u0119 z firm\u0105 Dinamica Generale: na targach ECPLF w Hiszpanii, SPACE we Francji, AGRO SHOW w Polsce oraz World Dairy Expo w USA.\" \/>\n<meta property=\"og:url\" content=\"https:\/\/www.dinamicagenerale.com\/pl\/gdzie-bedzie-mozna-spotkac-sie-z-zespolem-dinamica-generale-we-wrzesniu-2026-roku\/\" \/>\n<meta property=\"og:site_name\" content=\"Dinamica Generale\" \/>\n<meta property=\"article:published_time\" content=\"2026-09-02T07:25:00+00:00\" \/>\n<meta property=\"og:image\" content=\"https:\/\/www.dinamicagenerale.com\/wp-content\/uploads\/2026\/08\/Where-to-meet-Dinamica-Generale-in-September-2026-1024x528.png\" \/>\n\t<meta property=\"og:image:width\" content=\"1024\" \/>\n\t<meta property=\"og:image:height\" content=\"528\" \/>\n\t<meta property=\"og:image:type\" content=\"image\/png\" \/>\n<meta name=\"author\" content=\"leonardoparmeggiani\" \/>\n<meta name=\"twitter:card\" content=\"summary_large_image\" \/>\n<meta name=\"twitter:label1\" content=\"Napisane przez\" \/>\n\t<meta name=\"twitter:data1\" content=\"leonardoparmeggiani\" \/>\n\t<meta name=\"twitter:label2\" content=\"Szacowany czas czytania\" \/>\n\t<meta name=\"twitter:data2\" content=\"4 minuty\" \/>\n<script type=\"application\/ld+json\" class=\"yoast-schema-graph\">{\"@context\":\"https:\\\/\\\/schema.org\",\"@graph\":[{\"@type\":\"Article\",\"@id\":\"https:\\\/\\\/www.dinamicagenerale.com\\\/pl\\\/gdzie-bedzie-mozna-spotkac-sie-z-zespolem-dinamica-generale-we-wrzesniu-2026-roku\\\/#article\",\"isPartOf\":{\"@id\":\"https:\\\/\\\/www.dinamicagenerale.com\\\/pl\\\/gdzie-bedzie-mozna-spotkac-sie-z-zespolem-dinamica-generale-we-wrzesniu-2026-roku\\\/\"},\"author\":{\"name\":\"leonardoparmeggiani\",\"@id\":\"https:\\\/\\\/www.dinamicagenerale.com\\\/pl\\\/#\\\/schema\\\/person\\\/a5c006ed54fc259d80e205e87334fd4e\"},\"headline\":\"Gdzie b\u0119dzie mo\u017cna spotka\u0107 si\u0119 z zespo\u0142em Dinamica Generale we wrze\u015bniu 2026 roku\",\"datePublished\":\"2026-09-02T07:25:00+00:00\",\"mainEntityOfPage\":{\"@id\":\"https:\\\/\\\/www.dinamicagenerale.com\\\/pl\\\/gdzie-bedzie-mozna-spotkac-sie-z-zespolem-dinamica-generale-we-wrzesniu-2026-roku\\\/\"},\"wordCount\":748,\"image\":{\"@id\":\"https:\\\/\\\/www.dinamicagenerale.com\\\/pl\\\/gdzie-bedzie-mozna-spotkac-sie-z-zespolem-dinamica-generale-we-wrzesniu-2026-roku\\\/#primaryimage\"},\"thumbnailUrl\":\"https:\\\/\\\/www.dinamicagenerale.com\\\/wp-content\\\/uploads\\\/2026\\\/08\\\/Where-to-meet-Dinamica-Generale-in-September-2026.png\",\"articleSection\":[\"Firma\"],\"inLanguage\":\"pl-PL\"},{\"@type\":\"WebPage\",\"@id\":\"https:\\\/\\\/www.dinamicagenerale.com\\\/pl\\\/gdzie-bedzie-mozna-spotkac-sie-z-zespolem-dinamica-generale-we-wrzesniu-2026-roku\\\/\",\"url\":\"https:\\\/\\\/www.dinamicagenerale.com\\\/pl\\\/gdzie-bedzie-mozna-spotkac-sie-z-zespolem-dinamica-generale-we-wrzesniu-2026-roku\\\/\",\"name\":\"Gdzie spotka\u0107 si\u0119 z Dinamica Generale we wrze\u015bniu 2026 roku\",\"isPartOf\":{\"@id\":\"https:\\\/\\\/www.dinamicagenerale.com\\\/pl\\\/#website\"},\"primaryImageOfPage\":{\"@id\":\"https:\\\/\\\/www.dinamicagenerale.com\\\/pl\\\/gdzie-bedzie-mozna-spotkac-sie-z-zespolem-dinamica-generale-we-wrzesniu-2026-roku\\\/#primaryimage\"},\"image\":{\"@id\":\"https:\\\/\\\/www.dinamicagenerale.com\\\/pl\\\/gdzie-bedzie-mozna-spotkac-sie-z-zespolem-dinamica-generale-we-wrzesniu-2026-roku\\\/#primaryimage\"},\"thumbnailUrl\":\"https:\\\/\\\/www.dinamicagenerale.com\\\/wp-content\\\/uploads\\\/2026\\\/08\\\/Where-to-meet-Dinamica-Generale-in-September-2026.png\",\"datePublished\":\"2026-09-02T07:25:00+00:00\",\"author\":{\"@id\":\"https:\\\/\\\/www.dinamicagenerale.com\\\/pl\\\/#\\\/schema\\\/person\\\/a5c006ed54fc259d80e205e87334fd4e\"},\"description\":\"Dowiedz si\u0119, gdzie we wrze\u015bniu 2026 roku b\u0119dzie mo\u017cna spotka\u0107 si\u0119 z firm\u0105 Dinamica Generale: na targach ECPLF w Hiszpanii, SPACE we Francji, AGRO SHOW w Polsce oraz World Dairy Expo w USA.\",\"breadcrumb\":{\"@id\":\"https:\\\/\\\/www.dinamicagenerale.com\\\/pl\\\/gdzie-bedzie-mozna-spotkac-sie-z-zespolem-dinamica-generale-we-wrzesniu-2026-roku\\\/#breadcrumb\"},\"inLanguage\":\"pl-PL\",\"potentialAction\":[{\"@type\":\"ReadAction\",\"target\":[\"https:\\\/\\\/www.dinamicagenerale.com\\\/pl\\\/gdzie-bedzie-mozna-spotkac-sie-z-zespolem-dinamica-generale-we-wrzesniu-2026-roku\\\/\"]}]},{\"@type\":\"ImageObject\",\"inLanguage\":\"pl-PL\",\"@id\":\"https:\\\/\\\/www.dinamicagenerale.com\\\/pl\\\/gdzie-bedzie-mozna-spotkac-sie-z-zespolem-dinamica-generale-we-wrzesniu-2026-roku\\\/#primaryimage\",\"url\":\"https:\\\/\\\/www.dinamicagenerale.com\\\/wp-content\\\/uploads\\\/2026\\\/08\\\/Where-to-meet-Dinamica-Generale-in-September-2026.png\",\"contentUrl\":\"https:\\\/\\\/www.dinamicagenerale.com\\\/wp-content\\\/uploads\\\/2026\\\/08\\\/Where-to-meet-Dinamica-Generale-in-September-2026.png\",\"width\":2362,\"height\":1217},{\"@type\":\"BreadcrumbList\",\"@id\":\"https:\\\/\\\/www.dinamicagenerale.com\\\/pl\\\/gdzie-bedzie-mozna-spotkac-sie-z-zespolem-dinamica-generale-we-wrzesniu-2026-roku\\\/#breadcrumb\",\"itemListElement\":[{\"@type\":\"ListItem\",\"position\":1,\"name\":\"Home\",\"item\":\"https:\\\/\\\/www.dinamicagenerale.com\\\/pl\\\/dywizje\\\/\"},{\"@type\":\"ListItem\",\"position\":2,\"name\":\"Gdzie b\u0119dzie mo\u017cna spotka\u0107 si\u0119 z zespo\u0142em Dinamica Generale we wrze\u015bniu 2026 roku\"}]},{\"@type\":\"WebSite\",\"@id\":\"https:\\\/\\\/www.dinamicagenerale.com\\\/pl\\\/#website\",\"url\":\"https:\\\/\\\/www.dinamicagenerale.com\\\/pl\\\/\",\"name\":\"Dinamica Generale\",\"description\":\"\",\"potentialAction\":[{\"@type\":\"SearchAction\",\"target\":{\"@type\":\"EntryPoint\",\"urlTemplate\":\"https:\\\/\\\/www.dinamicagenerale.com\\\/pl\\\/?s={search_term_string}\"},\"query-input\":{\"@type\":\"PropertyValueSpecification\",\"valueRequired\":true,\"valueName\":\"search_term_string\"}}],\"inLanguage\":\"pl-PL\"},{\"@type\":\"Person\",\"@id\":\"https:\\\/\\\/www.dinamicagenerale.com\\\/pl\\\/#\\\/schema\\\/person\\\/a5c006ed54fc259d80e205e87334fd4e\",\"name\":\"leonardoparmeggiani\",\"image\":{\"@type\":\"ImageObject\",\"inLanguage\":\"pl-PL\",\"@id\":\"https:\\\/\\\/secure.gravatar.com\\\/avatar\\\/35c1e41d17eff04f4dc47409276969d2f6a1822502e0fd6396ed7c623180ec0f?s=96&d=mm&r=g\",\"url\":\"https:\\\/\\\/secure.gravatar.com\\\/avatar\\\/35c1e41d17eff04f4dc47409276969d2f6a1822502e0fd6396ed7c623180ec0f?s=96&d=mm&r=g\",\"contentUrl\":\"https:\\\/\\\/secure.gravatar.com\\\/avatar\\\/35c1e41d17eff04f4dc47409276969d2f6a1822502e0fd6396ed7c623180ec0f?s=96&d=mm&r=g\",\"caption\":\"leonardoparmeggiani\"}}]}<\/script>\n<!-- \/ Yoast SEO plugin. -->","yoast_head_json":{"title":"Gdzie spotka\u0107 si\u0119 z Dinamica Generale we wrze\u015bniu 2026 roku","description":"Dowiedz si\u0119, gdzie we wrze\u015bniu 2026 roku b\u0119dzie mo\u017cna spotka\u0107 si\u0119 z firm\u0105 Dinamica Generale: na targach ECPLF w Hiszpanii, SPACE we Francji, AGRO SHOW w Polsce oraz World Dairy Expo w USA.","robots":{"index":"index","follow":"follow","max-snippet":"max-snippet:-1","max-image-preview":"max-image-preview:large","max-video-preview":"max-video-preview:-1"},"canonical":"https:\/\/www.dinamicagenerale.com\/pl\/gdzie-bedzie-mozna-spotkac-sie-z-zespolem-dinamica-generale-we-wrzesniu-2026-roku\/","og_locale":"pl_PL","og_type":"article","og_title":"Gdzie spotka\u0107 si\u0119 z Dinamica Generale we wrze\u015bniu 2026 roku","og_description":"Dowiedz si\u0119, gdzie we wrze\u015bniu 2026 roku b\u0119dzie mo\u017cna spotka\u0107 si\u0119 z firm\u0105 Dinamica Generale: na targach ECPLF w Hiszpanii, SPACE we Francji, AGRO SHOW w Polsce oraz World Dairy Expo w USA.","og_url":"https:\/\/www.dinamicagenerale.com\/pl\/gdzie-bedzie-mozna-spotkac-sie-z-zespolem-dinamica-generale-we-wrzesniu-2026-roku\/","og_site_name":"Dinamica Generale","article_published_time":"2026-09-02T07:25:00+00:00","og_image":[{"width":1024,"height":528,"url":"https:\/\/www.dinamicagenerale.com\/wp-content\/uploads\/2026\/08\/Where-to-meet-Dinamica-Generale-in-September-2026-1024x528.png","type":"image\/png"}],"author":"leonardoparmeggiani","twitter_card":"summary_large_image","twitter_misc":{"Napisane przez":"leonardoparmeggiani","Szacowany czas czytania":"4 minuty"},"schema":{"@context":"https:\/\/schema.org","@graph":[{"@type":"Article","@id":"https:\/\/www.dinamicagenerale.com\/pl\/gdzie-bedzie-mozna-spotkac-sie-z-zespolem-dinamica-generale-we-wrzesniu-2026-roku\/#article","isPartOf":{"@id":"https:\/\/www.dinamicagenerale.com\/pl\/gdzie-bedzie-mozna-spotkac-sie-z-zespolem-dinamica-generale-we-wrzesniu-2026-roku\/"},"author":{"name":"leonardoparmeggiani","@id":"https:\/\/www.dinamicagenerale.com\/pl\/#\/schema\/person\/a5c006ed54fc259d80e205e87334fd4e"},"headline":"Gdzie b\u0119dzie mo\u017cna spotka\u0107 si\u0119 z zespo\u0142em Dinamica Generale we wrze\u015bniu 2026 roku","datePublished":"2026-09-02T07:25:00+00:00","mainEntityOfPage":{"@id":"https:\/\/www.dinamicagenerale.com\/pl\/gdzie-bedzie-mozna-spotkac-sie-z-zespolem-dinamica-generale-we-wrzesniu-2026-roku\/"},"wordCount":748,"image":{"@id":"https:\/\/www.dinamicagenerale.com\/pl\/gdzie-bedzie-mozna-spotkac-sie-z-zespolem-dinamica-generale-we-wrzesniu-2026-roku\/#primaryimage"},"thumbnailUrl":"https:\/\/www.dinamicagenerale.com\/wp-content\/uploads\/2026\/08\/Where-to-meet-Dinamica-Generale-in-September-2026.png","articleSection":["Firma"],"inLanguage":"pl-PL"},{"@type":"WebPage","@id":"https:\/\/www.dinamicagenerale.com\/pl\/gdzie-bedzie-mozna-spotkac-sie-z-zespolem-dinamica-generale-we-wrzesniu-2026-roku\/","url":"https:\/\/www.dinamicagenerale.com\/pl\/gdzie-bedzie-mozna-spotkac-sie-z-zespolem-dinamica-generale-we-wrzesniu-2026-roku\/","name":"Gdzie spotka\u0107 si\u0119 z Dinamica Generale we wrze\u015bniu 2026 roku","isPartOf":{"@id":"https:\/\/www.dinamicagenerale.com\/pl\/#website"},"primaryImageOfPage":{"@id":"https:\/\/www.dinamicagenerale.com\/pl\/gdzie-bedzie-mozna-spotkac-sie-z-zespolem-dinamica-generale-we-wrzesniu-2026-roku\/#primaryimage"},"image":{"@id":"https:\/\/www.dinamicagenerale.com\/pl\/gdzie-bedzie-mozna-spotkac-sie-z-zespolem-dinamica-generale-we-wrzesniu-2026-roku\/#primaryimage"},"thumbnailUrl":"https:\/\/www.dinamicagenerale.com\/wp-content\/uploads\/2026\/08\/Where-to-meet-Dinamica-Generale-in-September-2026.png","datePublished":"2026-09-02T07:25:00+00:00","author":{"@id":"https:\/\/www.dinamicagenerale.com\/pl\/#\/schema\/person\/a5c006ed54fc259d80e205e87334fd4e"},"description":"Dowiedz si\u0119, gdzie we wrze\u015bniu 2026 roku b\u0119dzie mo\u017cna spotka\u0107 si\u0119 z firm\u0105 Dinamica Generale: na targach ECPLF w Hiszpanii, SPACE we Francji, AGRO SHOW w Polsce oraz World Dairy Expo w USA.","breadcrumb":{"@id":"https:\/\/www.dinamicagenerale.com\/pl\/gdzie-bedzie-mozna-spotkac-sie-z-zespolem-dinamica-generale-we-wrzesniu-2026-roku\/#breadcrumb"},"inLanguage":"pl-PL","potentialAction":[{"@type":"ReadAction","target":["https:\/\/www.dinamicagenerale.com\/pl\/gdzie-bedzie-mozna-spotkac-sie-z-zespolem-dinamica-generale-we-wrzesniu-2026-roku\/"]}]},{"@type":"ImageObject","inLanguage":"pl-PL","@id":"https:\/\/www.dinamicagenerale.com\/pl\/gdzie-bedzie-mozna-spotkac-sie-z-zespolem-dinamica-generale-we-wrzesniu-2026-roku\/#primaryimage","url":"https:\/\/www.dinamicagenerale.com\/wp-content\/uploads\/2026\/08\/Where-to-meet-Dinamica-Generale-in-September-2026.png","contentUrl":"https:\/\/www.dinamicagenerale.com\/wp-content\/uploads\/2026\/08\/Where-to-meet-Dinamica-Generale-in-September-2026.png","width":2362,"height":1217},{"@type":"BreadcrumbList","@id":"https:\/\/www.dinamicagenerale.com\/pl\/gdzie-bedzie-mozna-spotkac-sie-z-zespolem-dinamica-generale-we-wrzesniu-2026-roku\/#breadcrumb","itemListElement":[{"@type":"ListItem","position":1,"name":"Home","item":"https:\/\/www.dinamicagenerale.com\/pl\/dywizje\/"},{"@type":"ListItem","position":2,"name":"Gdzie b\u0119dzie mo\u017cna spotka\u0107 si\u0119 z zespo\u0142em Dinamica Generale we wrze\u015bniu 2026 roku"}]},{"@type":"WebSite","@id":"https:\/\/www.dinamicagenerale.com\/pl\/#website","url":"https:\/\/www.dinamicagenerale.com\/pl\/","name":"Dinamica Generale","description":"","potentialAction":[{"@type":"SearchAction","target":{"@type":"EntryPoint","urlTemplate":"https:\/\/www.dinamicagenerale.com\/pl\/?s={search_term_string}"},"query-input":{"@type":"PropertyValueSpecification","valueRequired":true,"valueName":"search_term_string"}}],"inLanguage":"pl-PL"},{"@type":"Person","@id":"https:\/\/www.dinamicagenerale.com\/pl\/#\/schema\/person\/a5c006ed54fc259d80e205e87334fd4e","name":"leonardoparmeggiani","image":{"@type":"ImageObject","inLanguage":"pl-PL","@id":"https:\/\/secure.gravatar.com\/avatar\/35c1e41d17eff04f4dc47409276969d2f6a1822502e0fd6396ed7c623180ec0f?s=96&d=mm&r=g","url":"https:\/\/secure.gravatar.com\/avatar\/35c1e41d17eff04f4dc47409276969d2f6a1822502e0fd6396ed7c623180ec0f?s=96&d=mm&r=g","contentUrl":"https:\/\/secure.gravatar.com\/avatar\/35c1e41d17eff04f4dc47409276969d2f6a1822502e0fd6396ed7c623180ec0f?s=96&d=mm&r=g","caption":"leonardoparmeggiani"}}]}},"_links":{"self":[{"href":"https:\/\/www.dinamicagenerale.com\/pl\/wp-json\/wp\/v2\/posts\/54595","targetHints":{"allow":["GET"]}}],"collection":[{"href":"https:\/\/www.dinamicagenerale.com\/pl\/wp-json\/wp\/v2\/posts"}],"about":[{"href":"https:\/\/www.dinamicagenerale.com\/pl\/wp-json\/wp\/v2\/types\/post"}],"author":[{"embeddable":true,"href":"https:\/\/www.dinamicagenerale.com\/pl\/wp-json\/wp\/v2\/users\/5"}],"replies":[{"embeddable":true,"href":"https:\/\/www.dinamicagenerale.com\/pl\/wp-json\/wp\/v2\/comments?post=54595"}],"version-history":[{"count":2,"href":"https:\/\/www.dinamicagenerale.com\/pl\/wp-json\/wp\/v2\/posts\/54595\/revisions"}],"predecessor-version":[{"id":54613,"href":"https:\/\/www.dinamicagenerale.com\/pl\/wp-json\/wp\/v2\/posts\/54595\/revisions\/54613"}],"wp:featuredmedia":[{"embeddable":true,"href":"https:\/\/www.dinamicagenerale.com\/pl\/wp-json\/wp\/v2\/media\/54581"}],"wp:attachment":[{"href":"https:\/\/www.dinamicagenerale.com\/pl\/wp-json\/wp\/v2\/media?parent=54595"}],"wp:term":[{"taxonomy":"category","embeddable":true,"href":"https:\/\/www.dinamicagenerale.com\/pl\/wp-json\/wp\/v2\/categories?post=54595"},{"taxonomy":"post_tag","embeddable":true,"href":"https:\/\/www.dinamicagenerale.com\/pl\/wp-json\/wp\/v2\/tags?post=54595"}],"curies":[{"name":"wp","href":"https:\/\/api.w.org\/{rel}","templated":true}]}}