{"id":54153,"date":"2026-08-03T09:00:00","date_gmt":"2026-08-03T07:00:00","guid":{"rendered":"https:\/\/www.dinamicagenerale.com\/?p=54153"},"modified":"2026-07-31T11:31:55","modified_gmt":"2026-07-31T09:31:55","slug":"raport-dotyczacy-zrownowazonego-rozwoju-2025-konkretne-dzialania-na-rzecz-bardziej-odpowiedzialnej-firmy","status":"publish","type":"post","link":"https:\/\/www.dinamicagenerale.com\/pl\/raport-dotyczacy-zrownowazonego-rozwoju-2025-konkretne-dzialania-na-rzecz-bardziej-odpowiedzialnej-firmy\/","title":{"rendered":"Raport dotycz\u0105cy zr\u00f3wnowa\u017conego rozwoju 2025: Konkretne dzia\u0142ania na rzecz bardziej odpowiedzialnej Firmy"},"content":{"rendered":"\n<p class=\"wp-block-paragraph\">\u015arodowisko, energia, ludzie, \u0142ad korporacyjny, cyfryzacja i bezpiecze\u0144stwo: w ci\u0105gu ca\u0142ego 2025 roku firma Dinamica Generale osi\u0105gn\u0119\u0142a nowe kamienie milowe w ramach swoich dzia\u0142a\u0144 na rzecz zr\u00f3wnowa\u017conego rozwoju.<\/p>\n\n<p class=\"wp-block-paragraph\">Droga oparta na konkretnych dzia\u0142aniach maj\u0105cych na celu popraw\u0119 warunk\u00f3w w miejscu pracy, promowanie dobrego samopoczucia pracownik\u00f3w oraz wzmocnienie bezpiecze\u0144stwa, w tym r\u00f3wnie\u017c w wymiarze cyfrowym.<\/p>\n\n<h2 class=\"wp-block-heading\">Nowe tereny zielone przy naszej siedzibie g\u0142\u00f3wnej<\/h2>\n\n<p class=\"wp-block-paragraph\">W 2025 roku oddano do u\u017cytku nowy parking firmowy, a tak\u017ce posadzono 30 drzew i utworzono 500 m\u00b2 nowej przestrzeni zielonej.<\/p>\n\n<p class=\"wp-block-paragraph\">Projekt przyczyni\u0142 si\u0119 do przebudowy teren\u00f3w zewn\u0119trznych otaczaj\u0105cych siedzib\u0119 g\u0142\u00f3wn\u0105, zwi\u0119kszaj\u0105c udzia\u0142 nawierzchni przepuszczalnych oraz tworz\u0105c bardziej przyjemne i przyjazne otoczenie dla pracownik\u00f3w i go\u015bci.<\/p>\n\n<figure class=\"wp-block-gallery has-nested-images columns-default is-cropped wp-block-gallery-1 is-layout-flex wp-block-gallery-is-layout-flex\">\n<figure class=\"wp-block-image size-full\"><img loading=\"lazy\" decoding=\"async\" width=\"586\" height=\"600\" data-id=\"54068\" src=\"https:\/\/www.dinamicagenerale.com\/wp-content\/uploads\/2026\/07\/New-Green-Spaces-at-Our-Headquarters-dinamica-generale-1.png\" alt=\"\" class=\"wp-image-54068\" srcset=\"https:\/\/www.dinamicagenerale.com\/wp-content\/uploads\/2026\/07\/New-Green-Spaces-at-Our-Headquarters-dinamica-generale-1.png 586w, https:\/\/www.dinamicagenerale.com\/wp-content\/uploads\/2026\/07\/New-Green-Spaces-at-Our-Headquarters-dinamica-generale-1-293x300.png 293w\" sizes=\"auto, (max-width: 586px) 100vw, 586px\" \/><\/figure>\n\n\n\n<figure class=\"wp-block-image size-large\"><img loading=\"lazy\" decoding=\"async\" width=\"586\" height=\"600\" data-id=\"54070\" src=\"https:\/\/www.dinamicagenerale.com\/wp-content\/uploads\/2026\/07\/New-Green-Spaces-at-Our-Headquarters-dinamica-generale-2.png\" alt=\"\" class=\"wp-image-54070\" srcset=\"https:\/\/www.dinamicagenerale.com\/wp-content\/uploads\/2026\/07\/New-Green-Spaces-at-Our-Headquarters-dinamica-generale-2.png 586w, https:\/\/www.dinamicagenerale.com\/wp-content\/uploads\/2026\/07\/New-Green-Spaces-at-Our-Headquarters-dinamica-generale-2-293x300.png 293w\" sizes=\"auto, (max-width: 586px) 100vw, 586px\" \/><\/figure>\n\n\n\n<figure class=\"wp-block-image size-large\"><img loading=\"lazy\" decoding=\"async\" width=\"586\" height=\"600\" data-id=\"54069\" src=\"https:\/\/www.dinamicagenerale.com\/wp-content\/uploads\/2026\/07\/New-Green-Spaces-at-Our-Headquarters-dinamica-generale-3.png\" alt=\"\" class=\"wp-image-54069\" srcset=\"https:\/\/www.dinamicagenerale.com\/wp-content\/uploads\/2026\/07\/New-Green-Spaces-at-Our-Headquarters-dinamica-generale-3.png 586w, https:\/\/www.dinamicagenerale.com\/wp-content\/uploads\/2026\/07\/New-Green-Spaces-at-Our-Headquarters-dinamica-generale-3-293x300.png 293w\" sizes=\"auto, (max-width: 586px) 100vw, 586px\" \/><\/figure>\n<\/figure>\n\n<h2 class=\"wp-block-heading\">Nowa instalacja fotowoltaiczna o mocy 60 kWp<\/h2>\n\n<p class=\"wp-block-paragraph\">Jedn\u0105 z najwa\u017cniejszych inicjatyw zwi\u0105zanych z energi\u0105 by\u0142a instalacja nowej instalacji fotowoltaicznej o mocy 60 kWp, zrealizowana w ramach programu finansowania przeznaczonego dla spo\u0142eczno\u015bci korzystaj\u0105cych z energii odnawialnej, znanego we W\u0142oszech pod nazw\u0105 CER.<\/p>\n\n<p class=\"wp-block-paragraph\">Nowy system stanowi kolejny krok w kierunku bardziej odpowiedzialnego gospodarowania energi\u0105 oraz zwi\u0119kszenia produkcji z odnawialnych \u017ar\u00f3de\u0142, przyczyniaj\u0105c si\u0119 do zmniejszenia wp\u0142ywu dzia\u0142alno\u015bci Firmy na \u015brodowisko.<\/p>\n<div class=\"wp-block-image\">\n<figure class=\"aligncenter size-large\"><img loading=\"lazy\" decoding=\"async\" width=\"1024\" height=\"528\" src=\"https:\/\/www.dinamicagenerale.com\/wp-content\/uploads\/2026\/07\/A-New-60-kWp-Photovoltaic-System-1024x528.png\" alt=\"\" class=\"wp-image-54089\" srcset=\"https:\/\/www.dinamicagenerale.com\/wp-content\/uploads\/2026\/07\/A-New-60-kWp-Photovoltaic-System-1024x528.png 1024w, https:\/\/www.dinamicagenerale.com\/wp-content\/uploads\/2026\/07\/A-New-60-kWp-Photovoltaic-System-300x155.png 300w, https:\/\/www.dinamicagenerale.com\/wp-content\/uploads\/2026\/07\/A-New-60-kWp-Photovoltaic-System-768x396.png 768w, https:\/\/www.dinamicagenerale.com\/wp-content\/uploads\/2026\/07\/A-New-60-kWp-Photovoltaic-System-1536x791.png 1536w, https:\/\/www.dinamicagenerale.com\/wp-content\/uploads\/2026\/07\/A-New-60-kWp-Photovoltaic-System-2048x1055.png 2048w\" sizes=\"auto, (max-width: 1024px) 100vw, 1024px\" \/><\/figure>\n<\/div>\n<h2 class=\"wp-block-heading\">Strefa sportowa po\u015bwi\u0119cona dobremu samopoczuciu pracownik\u00f3w<\/h2>\n\n<p class=\"wp-block-paragraph\">Na terenie zielonym nale\u017c\u0105cym do Firmy utworzono r\u00f3wnie\u017c now\u0105 stref\u0119 do \u0107wicze\u0144 kalistenicznych na \u015bwie\u017cym powietrzu.<\/p>\n\n<p class=\"wp-block-paragraph\">Obszar ten zosta\u0142 zaprojektowany w celu promowania aktywno\u015bci fizycznej, dobrego samopoczucia i interakcji mi\u0119dzy pracownikami, wzmacniaj\u0105c zwi\u0105zek mi\u0119dzy jako\u015bci\u0105 \u015brodowiska pracy a trosk\u0105 o zdrowie osobiste.<\/p>\n\n<figure class=\"wp-block-gallery has-nested-images columns-default is-cropped wp-block-gallery-2 is-layout-flex wp-block-gallery-is-layout-flex\">\n<figure class=\"wp-block-image size-large\"><img loading=\"lazy\" decoding=\"async\" width=\"586\" height=\"600\" data-id=\"54099\" src=\"https:\/\/www.dinamicagenerale.com\/wp-content\/uploads\/2026\/07\/A-Sports-Area-Dedicated-to-Employee-Wellbeing-DINAMICA-GENERALE-2.png\" alt=\"\" class=\"wp-image-54099\" srcset=\"https:\/\/www.dinamicagenerale.com\/wp-content\/uploads\/2026\/07\/A-Sports-Area-Dedicated-to-Employee-Wellbeing-DINAMICA-GENERALE-2.png 586w, https:\/\/www.dinamicagenerale.com\/wp-content\/uploads\/2026\/07\/A-Sports-Area-Dedicated-to-Employee-Wellbeing-DINAMICA-GENERALE-2-293x300.png 293w\" sizes=\"auto, (max-width: 586px) 100vw, 586px\" \/><\/figure>\n\n\n\n<figure class=\"wp-block-image size-large\"><img loading=\"lazy\" decoding=\"async\" width=\"586\" height=\"600\" data-id=\"54109\" src=\"https:\/\/www.dinamicagenerale.com\/wp-content\/uploads\/2026\/07\/A-Sports-Area-Dedicated-to-Employee-Wellbeing-DINAMICA-GENERALE-1.png\" alt=\"\" class=\"wp-image-54109\" srcset=\"https:\/\/www.dinamicagenerale.com\/wp-content\/uploads\/2026\/07\/A-Sports-Area-Dedicated-to-Employee-Wellbeing-DINAMICA-GENERALE-1.png 586w, https:\/\/www.dinamicagenerale.com\/wp-content\/uploads\/2026\/07\/A-Sports-Area-Dedicated-to-Employee-Wellbeing-DINAMICA-GENERALE-1-293x300.png 293w\" sizes=\"auto, (max-width: 586px) 100vw, 586px\" \/><\/figure>\n<\/figure>\n\n<h2 class=\"wp-block-heading\">Kobiety na stanowiskach kierowniczych i w radzie nadzorczej<\/h2>\n\n<p class=\"wp-block-paragraph\">W 2025 roku kobiety stanowi\u0142y 54% kadry kierowniczej pierwszego szczebla w firmie Dinamica Generale, podlegaj\u0105cej bezpo\u015brednio najwy\u017cszemu kierownictwu.<\/p>\n\n<p class=\"wp-block-paragraph\">Udzia\u0142 kobiet jest r\u00f3wnie\u017c znacz\u0105cy na szczeblu kierowniczym \u2013 kobiety stanowi\u0105 66% sk\u0142adu zarz\u0105du Firmy.<\/p>\n\n<p class=\"wp-block-paragraph\">Dane te odzwierciedlaj\u0105 zaanga\u017cowanie firmy w docenianie umiej\u0119tno\u015bci, do\u015bwiadczenia i r\u00f3\u017cnorodnych punkt\u00f3w widzenia w ramach proces\u00f3w zarz\u0105dzania i podejmowania decyzji.<\/p>\n\n<h2 class=\"wp-block-heading\">Certyfikat ISO\/IEC 27001:2022 w zakresie bezpiecze\u0144stwa informacji<\/h2>\n\n<div class=\"wp-block-columns is-layout-flex wp-container-core-columns-is-layout-8f761849 wp-block-columns-is-layout-flex\">\n<div class=\"wp-block-column is-layout-flow wp-block-column-is-layout-flow\"><div class=\"wp-block-image\">\n<figure class=\"aligncenter size-large\"><img loading=\"lazy\" decoding=\"async\" width=\"1024\" height=\"528\" src=\"https:\/\/www.dinamicagenerale.com\/wp-content\/uploads\/2025\/12\/ISO-IEC-27001-certification-1024x528.png\" alt=\"\" class=\"wp-image-34485\" srcset=\"https:\/\/www.dinamicagenerale.com\/wp-content\/uploads\/2025\/12\/ISO-IEC-27001-certification-1024x528.png 1024w, https:\/\/www.dinamicagenerale.com\/wp-content\/uploads\/2025\/12\/ISO-IEC-27001-certification-300x155.png 300w, https:\/\/www.dinamicagenerale.com\/wp-content\/uploads\/2025\/12\/ISO-IEC-27001-certification-768x396.png 768w, https:\/\/www.dinamicagenerale.com\/wp-content\/uploads\/2025\/12\/ISO-IEC-27001-certification-1536x791.png 1536w, https:\/\/www.dinamicagenerale.com\/wp-content\/uploads\/2025\/12\/ISO-IEC-27001-certification-2048x1055.png 2048w\" sizes=\"auto, (max-width: 1024px) 100vw, 1024px\" \/><\/figure>\n<\/div><\/div>\n\n\n\n<div class=\"wp-block-column is-vertically-aligned-center is-layout-flow wp-block-column-is-layout-flow\">\n<p class=\"wp-block-paragraph\">Transformacja cyfrowa stwarza nowe mo\u017cliwo\u015bci, ale jednocze\u015bnie zwi\u0119ksza potrzeb\u0119 ochrony informacji, system\u00f3w i proces\u00f3w biznesowych.<\/p>\n\n\n\n<p class=\"wp-block-paragraph\">W 2025 roku firma Dinamica Generale uzyska\u0142a certyfikat ISO\/IEC 27001:2022, czyli mi\u0119dzynarodow\u0105 norm\u0119 dotycz\u0105c\u0105 system\u00f3w zarz\u0105dzania bezpiecze\u0144stwem informacji.<\/p>\n\n\n\n<p class=\"wp-block-paragraph\">Certyfikat ten potwierdza zaanga\u017cowanie firmy w ochron\u0119 danych, zarz\u0105dzanie ryzykiem zwi\u0105zanym z cyberbezpiecze\u0144stwem oraz wdra\u017canie ustrukturyzowanych proces\u00f3w maj\u0105cych na celu zapewnienie bezpiecze\u0144stwa, niezawodno\u015bci i ci\u0105g\u0142o\u015bci dzia\u0142ania.<\/p>\n<\/div>\n<\/div>\n\n<h2 class=\"wp-block-heading\">Dzie\u0144 Bezpiecze\u0144stwa: Nauka poprzez uczestnictwo<\/h2>\n\n<p class=\"wp-block-paragraph\">Bezpiecze\u0144stwo i higiena pracy pozostaj\u0105 priorytetem dla firmy Dinamica Generale.<\/p>\n\n<p class=\"wp-block-paragraph\">W 2025 roku Firma zorganizowa\u0142a Dzie\u0144 Bezpiecze\u0144stwa po\u015bwi\u0119cony szkoleniom i podnoszeniu \u015bwiadomo\u015bci w zakresie bezpiecze\u0144stwa w miejscu pracy.<\/p>\n\n<p class=\"wp-block-paragraph\">W ramach tej inicjatywy pracownicy brali udzia\u0142 w interaktywnych, anga\u017cuj\u0105cych i nowatorskich zaj\u0119ciach, kt\u00f3rych celem by\u0142o zwi\u0119kszenie skuteczno\u015bci szkole\u0144, nadanie im praktycznego charakteru oraz \u015bci\u015ble powi\u0105zanie ich z sytuacjami, kt\u00f3re mog\u0105 wyst\u0105pi\u0107 w codziennej pracy.<\/p>\n\n<h3 class=\"wp-block-heading\">Zr\u00f3wnowa\u017cony rozw\u00f3j jako element naszej dzia\u0142alno\u015bci<\/h3>\n\n<p class=\"wp-block-paragraph\">Dla firmy Dinamica Generale zr\u00f3wnowa\u017cony rozw\u00f3j nie jest pojedyncz\u0105 inicjatyw\u0105, lecz nieustann\u0105 podr\u00f3\u017c\u0105, kt\u00f3ra wp\u0142ywa na spos\u00f3b, w jaki firma si\u0119 rozwija, inwestuje, funkcjonuje i podejmuje decyzje.<\/p>\n\n<p class=\"wp-block-paragraph\">\u015arodowisko, energia, dobre samopoczucie, integracja, \u0142ad korporacyjny i bezpiecze\u0144stwo stanowi\u0105 zatem cz\u0119\u015b\u0107 tego samego zobowi\u0105zania: tworzenia warto\u015bci dla ludzi, lokalnej spo\u0142eczno\u015bci oraz szerszego ekosystemu, w kt\u00f3rym Firma prowadzi dzia\u0142alno\u015b\u0107.<\/p>\n\n<p class=\"wp-block-paragraph\"><strong>Zapoznaj si\u0119 ze wszystkimi osi\u0105gni\u0119ciami i zobowi\u0105zaniami firmy Dinamica Generale w <a href=\"https:\/\/www.dinamicagenerale.com\/wp-content\/uploads\/2026\/07\/Dinamica-Generale-Report-2025_20260727.pdf\" data-type=\"link\" data-id=\"https:\/\/www.dinamicagenerale.com\/wp-content\/uploads\/2026\/07\/Dinamica-Generale-Report-2025_20260727.pdf\" target=\"_blank\" rel=\"noreferrer noopener\">Raporcie dotycz\u0105cym zr\u00f3wnowa\u017conego rozwoju za rok 2025.<\/a><\/strong><\/p>\n","protected":false},"excerpt":{"rendered":"<p>\u015arodowisko, energia, ludzie, \u0142ad korporacyjny, cyfryzacja i bezpiecze\u0144stwo: w ci\u0105gu ca\u0142ego 2025 roku firma Dinamica Generale osi\u0105gn\u0119\u0142a nowe kamienie milowe [&hellip;]<\/p>\n","protected":false},"author":5,"featured_media":54138,"comment_status":"closed","ping_status":"closed","sticky":false,"template":"","format":"standard","meta":{"footnotes":""},"categories":[3582],"tags":[],"class_list":["post-54153","post","type-post","status-publish","format-standard","has-post-thumbnail","hentry","category-firma"],"yoast_head":"<!-- This site is optimized with the Yoast SEO plugin v28.0 - https:\/\/yoast.com\/product\/yoast-seo-wordpress\/ -->\n<title>Raport dotycz\u0105cy zr\u00f3wnowa\u017conego rozwoju firmy Dinamica Generale za rok 2025. Najwa\u017cniejsze osi\u0105gni\u0119cia<\/title>\n<meta name=\"description\" content=\"Zapoznaj si\u0119 z raportem dotycz\u0105cym zr\u00f3wnowa\u017conego rozwoju firmy Dinamica Generale za rok 2025 i poznaj nasze osi\u0105gni\u0119cia w obszarach energii, \u015brodowiska, zasob\u00f3w ludzkich, \u0142adu korporacyjnego, cyberbezpiecze\u0144stwa oraz bezpiecze\u0144stwa.\" \/>\n<meta name=\"robots\" content=\"index, follow, max-snippet:-1, max-image-preview:large, max-video-preview:-1\" \/>\n<link rel=\"canonical\" href=\"https:\/\/www.dinamicagenerale.com\/pl\/raport-dotyczacy-zrownowazonego-rozwoju-2025-konkretne-dzialania-na-rzecz-bardziej-odpowiedzialnej-firmy\/\" \/>\n<meta property=\"og:locale\" content=\"pl_PL\" \/>\n<meta property=\"og:type\" content=\"article\" \/>\n<meta property=\"og:title\" content=\"Raport dotycz\u0105cy zr\u00f3wnowa\u017conego rozwoju firmy Dinamica Generale za rok 2025. Najwa\u017cniejsze osi\u0105gni\u0119cia\" \/>\n<meta property=\"og:description\" content=\"Zapoznaj si\u0119 z raportem dotycz\u0105cym zr\u00f3wnowa\u017conego rozwoju firmy Dinamica Generale za rok 2025 i poznaj nasze osi\u0105gni\u0119cia w obszarach energii, \u015brodowiska, zasob\u00f3w ludzkich, \u0142adu korporacyjnego, cyberbezpiecze\u0144stwa oraz bezpiecze\u0144stwa.\" \/>\n<meta property=\"og:url\" content=\"https:\/\/www.dinamicagenerale.com\/pl\/raport-dotyczacy-zrownowazonego-rozwoju-2025-konkretne-dzialania-na-rzecz-bardziej-odpowiedzialnej-firmy\/\" \/>\n<meta property=\"og:site_name\" content=\"Dinamica Generale\" \/>\n<meta property=\"article:published_time\" content=\"2026-08-03T07:00:00+00:00\" \/>\n<meta property=\"og:image\" content=\"https:\/\/www.dinamicagenerale.com\/wp-content\/uploads\/2026\/07\/Sustainability-Report-2025.-Dinamica-Generale-Achievements-1024x528.png\" \/>\n\t<meta property=\"og:image:width\" content=\"1024\" \/>\n\t<meta property=\"og:image:height\" content=\"528\" \/>\n\t<meta property=\"og:image:type\" content=\"image\/png\" \/>\n<meta name=\"author\" content=\"leonardoparmeggiani\" \/>\n<meta name=\"twitter:card\" content=\"summary_large_image\" \/>\n<meta name=\"twitter:label1\" content=\"Napisane przez\" \/>\n\t<meta name=\"twitter:data1\" content=\"leonardoparmeggiani\" \/>\n\t<meta name=\"twitter:label2\" content=\"Szacowany czas czytania\" \/>\n\t<meta name=\"twitter:data2\" content=\"3 minuty\" \/>\n<script type=\"application\/ld+json\" class=\"yoast-schema-graph\">{\"@context\":\"https:\\\/\\\/schema.org\",\"@graph\":[{\"@type\":\"Article\",\"@id\":\"https:\\\/\\\/www.dinamicagenerale.com\\\/pl\\\/raport-dotyczacy-zrownowazonego-rozwoju-2025-konkretne-dzialania-na-rzecz-bardziej-odpowiedzialnej-firmy\\\/#article\",\"isPartOf\":{\"@id\":\"https:\\\/\\\/www.dinamicagenerale.com\\\/pl\\\/raport-dotyczacy-zrownowazonego-rozwoju-2025-konkretne-dzialania-na-rzecz-bardziej-odpowiedzialnej-firmy\\\/\"},\"author\":{\"name\":\"leonardoparmeggiani\",\"@id\":\"https:\\\/\\\/www.dinamicagenerale.com\\\/pl\\\/#\\\/schema\\\/person\\\/a5c006ed54fc259d80e205e87334fd4e\"},\"headline\":\"Raport dotycz\u0105cy zr\u00f3wnowa\u017conego rozwoju 2025: Konkretne dzia\u0142ania na rzecz bardziej odpowiedzialnej Firmy\",\"datePublished\":\"2026-08-03T07:00:00+00:00\",\"mainEntityOfPage\":{\"@id\":\"https:\\\/\\\/www.dinamicagenerale.com\\\/pl\\\/raport-dotyczacy-zrownowazonego-rozwoju-2025-konkretne-dzialania-na-rzecz-bardziej-odpowiedzialnej-firmy\\\/\"},\"wordCount\":635,\"image\":{\"@id\":\"https:\\\/\\\/www.dinamicagenerale.com\\\/pl\\\/raport-dotyczacy-zrownowazonego-rozwoju-2025-konkretne-dzialania-na-rzecz-bardziej-odpowiedzialnej-firmy\\\/#primaryimage\"},\"thumbnailUrl\":\"https:\\\/\\\/www.dinamicagenerale.com\\\/wp-content\\\/uploads\\\/2026\\\/07\\\/Sustainability-Report-2025.-Dinamica-Generale-Achievements.png\",\"articleSection\":[\"Firma\"],\"inLanguage\":\"pl-PL\"},{\"@type\":\"WebPage\",\"@id\":\"https:\\\/\\\/www.dinamicagenerale.com\\\/pl\\\/raport-dotyczacy-zrownowazonego-rozwoju-2025-konkretne-dzialania-na-rzecz-bardziej-odpowiedzialnej-firmy\\\/\",\"url\":\"https:\\\/\\\/www.dinamicagenerale.com\\\/pl\\\/raport-dotyczacy-zrownowazonego-rozwoju-2025-konkretne-dzialania-na-rzecz-bardziej-odpowiedzialnej-firmy\\\/\",\"name\":\"Raport dotycz\u0105cy zr\u00f3wnowa\u017conego rozwoju firmy Dinamica Generale za rok 2025. Najwa\u017cniejsze osi\u0105gni\u0119cia\",\"isPartOf\":{\"@id\":\"https:\\\/\\\/www.dinamicagenerale.com\\\/pl\\\/#website\"},\"primaryImageOfPage\":{\"@id\":\"https:\\\/\\\/www.dinamicagenerale.com\\\/pl\\\/raport-dotyczacy-zrownowazonego-rozwoju-2025-konkretne-dzialania-na-rzecz-bardziej-odpowiedzialnej-firmy\\\/#primaryimage\"},\"image\":{\"@id\":\"https:\\\/\\\/www.dinamicagenerale.com\\\/pl\\\/raport-dotyczacy-zrownowazonego-rozwoju-2025-konkretne-dzialania-na-rzecz-bardziej-odpowiedzialnej-firmy\\\/#primaryimage\"},\"thumbnailUrl\":\"https:\\\/\\\/www.dinamicagenerale.com\\\/wp-content\\\/uploads\\\/2026\\\/07\\\/Sustainability-Report-2025.-Dinamica-Generale-Achievements.png\",\"datePublished\":\"2026-08-03T07:00:00+00:00\",\"author\":{\"@id\":\"https:\\\/\\\/www.dinamicagenerale.com\\\/pl\\\/#\\\/schema\\\/person\\\/a5c006ed54fc259d80e205e87334fd4e\"},\"description\":\"Zapoznaj si\u0119 z raportem dotycz\u0105cym zr\u00f3wnowa\u017conego rozwoju firmy Dinamica Generale za rok 2025 i poznaj nasze osi\u0105gni\u0119cia w obszarach energii, \u015brodowiska, zasob\u00f3w ludzkich, \u0142adu korporacyjnego, cyberbezpiecze\u0144stwa oraz bezpiecze\u0144stwa.\",\"breadcrumb\":{\"@id\":\"https:\\\/\\\/www.dinamicagenerale.com\\\/pl\\\/raport-dotyczacy-zrownowazonego-rozwoju-2025-konkretne-dzialania-na-rzecz-bardziej-odpowiedzialnej-firmy\\\/#breadcrumb\"},\"inLanguage\":\"pl-PL\",\"potentialAction\":[{\"@type\":\"ReadAction\",\"target\":[\"https:\\\/\\\/www.dinamicagenerale.com\\\/pl\\\/raport-dotyczacy-zrownowazonego-rozwoju-2025-konkretne-dzialania-na-rzecz-bardziej-odpowiedzialnej-firmy\\\/\"]}]},{\"@type\":\"ImageObject\",\"inLanguage\":\"pl-PL\",\"@id\":\"https:\\\/\\\/www.dinamicagenerale.com\\\/pl\\\/raport-dotyczacy-zrownowazonego-rozwoju-2025-konkretne-dzialania-na-rzecz-bardziej-odpowiedzialnej-firmy\\\/#primaryimage\",\"url\":\"https:\\\/\\\/www.dinamicagenerale.com\\\/wp-content\\\/uploads\\\/2026\\\/07\\\/Sustainability-Report-2025.-Dinamica-Generale-Achievements.png\",\"contentUrl\":\"https:\\\/\\\/www.dinamicagenerale.com\\\/wp-content\\\/uploads\\\/2026\\\/07\\\/Sustainability-Report-2025.-Dinamica-Generale-Achievements.png\",\"width\":2362,\"height\":1217},{\"@type\":\"BreadcrumbList\",\"@id\":\"https:\\\/\\\/www.dinamicagenerale.com\\\/pl\\\/raport-dotyczacy-zrownowazonego-rozwoju-2025-konkretne-dzialania-na-rzecz-bardziej-odpowiedzialnej-firmy\\\/#breadcrumb\",\"itemListElement\":[{\"@type\":\"ListItem\",\"position\":1,\"name\":\"Home\",\"item\":\"https:\\\/\\\/www.dinamicagenerale.com\\\/pl\\\/dywizje\\\/\"},{\"@type\":\"ListItem\",\"position\":2,\"name\":\"Raport dotycz\u0105cy zr\u00f3wnowa\u017conego rozwoju 2025: Konkretne dzia\u0142ania na rzecz bardziej odpowiedzialnej Firmy\"}]},{\"@type\":\"WebSite\",\"@id\":\"https:\\\/\\\/www.dinamicagenerale.com\\\/pl\\\/#website\",\"url\":\"https:\\\/\\\/www.dinamicagenerale.com\\\/pl\\\/\",\"name\":\"Dinamica Generale\",\"description\":\"\",\"potentialAction\":[{\"@type\":\"SearchAction\",\"target\":{\"@type\":\"EntryPoint\",\"urlTemplate\":\"https:\\\/\\\/www.dinamicagenerale.com\\\/pl\\\/?s={search_term_string}\"},\"query-input\":{\"@type\":\"PropertyValueSpecification\",\"valueRequired\":true,\"valueName\":\"search_term_string\"}}],\"inLanguage\":\"pl-PL\"},{\"@type\":\"Person\",\"@id\":\"https:\\\/\\\/www.dinamicagenerale.com\\\/pl\\\/#\\\/schema\\\/person\\\/a5c006ed54fc259d80e205e87334fd4e\",\"name\":\"leonardoparmeggiani\",\"image\":{\"@type\":\"ImageObject\",\"inLanguage\":\"pl-PL\",\"@id\":\"https:\\\/\\\/secure.gravatar.com\\\/avatar\\\/35c1e41d17eff04f4dc47409276969d2f6a1822502e0fd6396ed7c623180ec0f?s=96&d=mm&r=g\",\"url\":\"https:\\\/\\\/secure.gravatar.com\\\/avatar\\\/35c1e41d17eff04f4dc47409276969d2f6a1822502e0fd6396ed7c623180ec0f?s=96&d=mm&r=g\",\"contentUrl\":\"https:\\\/\\\/secure.gravatar.com\\\/avatar\\\/35c1e41d17eff04f4dc47409276969d2f6a1822502e0fd6396ed7c623180ec0f?s=96&d=mm&r=g\",\"caption\":\"leonardoparmeggiani\"}}]}<\/script>\n<!-- \/ Yoast SEO plugin. -->","yoast_head_json":{"title":"Raport dotycz\u0105cy zr\u00f3wnowa\u017conego rozwoju firmy Dinamica Generale za rok 2025. Najwa\u017cniejsze osi\u0105gni\u0119cia","description":"Zapoznaj si\u0119 z raportem dotycz\u0105cym zr\u00f3wnowa\u017conego rozwoju firmy Dinamica Generale za rok 2025 i poznaj nasze osi\u0105gni\u0119cia w obszarach energii, \u015brodowiska, zasob\u00f3w ludzkich, \u0142adu korporacyjnego, cyberbezpiecze\u0144stwa oraz bezpiecze\u0144stwa.","robots":{"index":"index","follow":"follow","max-snippet":"max-snippet:-1","max-image-preview":"max-image-preview:large","max-video-preview":"max-video-preview:-1"},"canonical":"https:\/\/www.dinamicagenerale.com\/pl\/raport-dotyczacy-zrownowazonego-rozwoju-2025-konkretne-dzialania-na-rzecz-bardziej-odpowiedzialnej-firmy\/","og_locale":"pl_PL","og_type":"article","og_title":"Raport dotycz\u0105cy zr\u00f3wnowa\u017conego rozwoju firmy Dinamica Generale za rok 2025. Najwa\u017cniejsze osi\u0105gni\u0119cia","og_description":"Zapoznaj si\u0119 z raportem dotycz\u0105cym zr\u00f3wnowa\u017conego rozwoju firmy Dinamica Generale za rok 2025 i poznaj nasze osi\u0105gni\u0119cia w obszarach energii, \u015brodowiska, zasob\u00f3w ludzkich, \u0142adu korporacyjnego, cyberbezpiecze\u0144stwa oraz bezpiecze\u0144stwa.","og_url":"https:\/\/www.dinamicagenerale.com\/pl\/raport-dotyczacy-zrownowazonego-rozwoju-2025-konkretne-dzialania-na-rzecz-bardziej-odpowiedzialnej-firmy\/","og_site_name":"Dinamica Generale","article_published_time":"2026-08-03T07:00:00+00:00","og_image":[{"width":1024,"height":528,"url":"https:\/\/www.dinamicagenerale.com\/wp-content\/uploads\/2026\/07\/Sustainability-Report-2025.-Dinamica-Generale-Achievements-1024x528.png","type":"image\/png"}],"author":"leonardoparmeggiani","twitter_card":"summary_large_image","twitter_misc":{"Napisane przez":"leonardoparmeggiani","Szacowany czas czytania":"3 minuty"},"schema":{"@context":"https:\/\/schema.org","@graph":[{"@type":"Article","@id":"https:\/\/www.dinamicagenerale.com\/pl\/raport-dotyczacy-zrownowazonego-rozwoju-2025-konkretne-dzialania-na-rzecz-bardziej-odpowiedzialnej-firmy\/#article","isPartOf":{"@id":"https:\/\/www.dinamicagenerale.com\/pl\/raport-dotyczacy-zrownowazonego-rozwoju-2025-konkretne-dzialania-na-rzecz-bardziej-odpowiedzialnej-firmy\/"},"author":{"name":"leonardoparmeggiani","@id":"https:\/\/www.dinamicagenerale.com\/pl\/#\/schema\/person\/a5c006ed54fc259d80e205e87334fd4e"},"headline":"Raport dotycz\u0105cy zr\u00f3wnowa\u017conego rozwoju 2025: Konkretne dzia\u0142ania na rzecz bardziej odpowiedzialnej Firmy","datePublished":"2026-08-03T07:00:00+00:00","mainEntityOfPage":{"@id":"https:\/\/www.dinamicagenerale.com\/pl\/raport-dotyczacy-zrownowazonego-rozwoju-2025-konkretne-dzialania-na-rzecz-bardziej-odpowiedzialnej-firmy\/"},"wordCount":635,"image":{"@id":"https:\/\/www.dinamicagenerale.com\/pl\/raport-dotyczacy-zrownowazonego-rozwoju-2025-konkretne-dzialania-na-rzecz-bardziej-odpowiedzialnej-firmy\/#primaryimage"},"thumbnailUrl":"https:\/\/www.dinamicagenerale.com\/wp-content\/uploads\/2026\/07\/Sustainability-Report-2025.-Dinamica-Generale-Achievements.png","articleSection":["Firma"],"inLanguage":"pl-PL"},{"@type":"WebPage","@id":"https:\/\/www.dinamicagenerale.com\/pl\/raport-dotyczacy-zrownowazonego-rozwoju-2025-konkretne-dzialania-na-rzecz-bardziej-odpowiedzialnej-firmy\/","url":"https:\/\/www.dinamicagenerale.com\/pl\/raport-dotyczacy-zrownowazonego-rozwoju-2025-konkretne-dzialania-na-rzecz-bardziej-odpowiedzialnej-firmy\/","name":"Raport dotycz\u0105cy zr\u00f3wnowa\u017conego rozwoju firmy Dinamica Generale za rok 2025. Najwa\u017cniejsze osi\u0105gni\u0119cia","isPartOf":{"@id":"https:\/\/www.dinamicagenerale.com\/pl\/#website"},"primaryImageOfPage":{"@id":"https:\/\/www.dinamicagenerale.com\/pl\/raport-dotyczacy-zrownowazonego-rozwoju-2025-konkretne-dzialania-na-rzecz-bardziej-odpowiedzialnej-firmy\/#primaryimage"},"image":{"@id":"https:\/\/www.dinamicagenerale.com\/pl\/raport-dotyczacy-zrownowazonego-rozwoju-2025-konkretne-dzialania-na-rzecz-bardziej-odpowiedzialnej-firmy\/#primaryimage"},"thumbnailUrl":"https:\/\/www.dinamicagenerale.com\/wp-content\/uploads\/2026\/07\/Sustainability-Report-2025.-Dinamica-Generale-Achievements.png","datePublished":"2026-08-03T07:00:00+00:00","author":{"@id":"https:\/\/www.dinamicagenerale.com\/pl\/#\/schema\/person\/a5c006ed54fc259d80e205e87334fd4e"},"description":"Zapoznaj si\u0119 z raportem dotycz\u0105cym zr\u00f3wnowa\u017conego rozwoju firmy Dinamica Generale za rok 2025 i poznaj nasze osi\u0105gni\u0119cia w obszarach energii, \u015brodowiska, zasob\u00f3w ludzkich, \u0142adu korporacyjnego, cyberbezpiecze\u0144stwa oraz bezpiecze\u0144stwa.","breadcrumb":{"@id":"https:\/\/www.dinamicagenerale.com\/pl\/raport-dotyczacy-zrownowazonego-rozwoju-2025-konkretne-dzialania-na-rzecz-bardziej-odpowiedzialnej-firmy\/#breadcrumb"},"inLanguage":"pl-PL","potentialAction":[{"@type":"ReadAction","target":["https:\/\/www.dinamicagenerale.com\/pl\/raport-dotyczacy-zrownowazonego-rozwoju-2025-konkretne-dzialania-na-rzecz-bardziej-odpowiedzialnej-firmy\/"]}]},{"@type":"ImageObject","inLanguage":"pl-PL","@id":"https:\/\/www.dinamicagenerale.com\/pl\/raport-dotyczacy-zrownowazonego-rozwoju-2025-konkretne-dzialania-na-rzecz-bardziej-odpowiedzialnej-firmy\/#primaryimage","url":"https:\/\/www.dinamicagenerale.com\/wp-content\/uploads\/2026\/07\/Sustainability-Report-2025.-Dinamica-Generale-Achievements.png","contentUrl":"https:\/\/www.dinamicagenerale.com\/wp-content\/uploads\/2026\/07\/Sustainability-Report-2025.-Dinamica-Generale-Achievements.png","width":2362,"height":1217},{"@type":"BreadcrumbList","@id":"https:\/\/www.dinamicagenerale.com\/pl\/raport-dotyczacy-zrownowazonego-rozwoju-2025-konkretne-dzialania-na-rzecz-bardziej-odpowiedzialnej-firmy\/#breadcrumb","itemListElement":[{"@type":"ListItem","position":1,"name":"Home","item":"https:\/\/www.dinamicagenerale.com\/pl\/dywizje\/"},{"@type":"ListItem","position":2,"name":"Raport dotycz\u0105cy zr\u00f3wnowa\u017conego rozwoju 2025: Konkretne dzia\u0142ania na rzecz bardziej odpowiedzialnej Firmy"}]},{"@type":"WebSite","@id":"https:\/\/www.dinamicagenerale.com\/pl\/#website","url":"https:\/\/www.dinamicagenerale.com\/pl\/","name":"Dinamica Generale","description":"","potentialAction":[{"@type":"SearchAction","target":{"@type":"EntryPoint","urlTemplate":"https:\/\/www.dinamicagenerale.com\/pl\/?s={search_term_string}"},"query-input":{"@type":"PropertyValueSpecification","valueRequired":true,"valueName":"search_term_string"}}],"inLanguage":"pl-PL"},{"@type":"Person","@id":"https:\/\/www.dinamicagenerale.com\/pl\/#\/schema\/person\/a5c006ed54fc259d80e205e87334fd4e","name":"leonardoparmeggiani","image":{"@type":"ImageObject","inLanguage":"pl-PL","@id":"https:\/\/secure.gravatar.com\/avatar\/35c1e41d17eff04f4dc47409276969d2f6a1822502e0fd6396ed7c623180ec0f?s=96&d=mm&r=g","url":"https:\/\/secure.gravatar.com\/avatar\/35c1e41d17eff04f4dc47409276969d2f6a1822502e0fd6396ed7c623180ec0f?s=96&d=mm&r=g","contentUrl":"https:\/\/secure.gravatar.com\/avatar\/35c1e41d17eff04f4dc47409276969d2f6a1822502e0fd6396ed7c623180ec0f?s=96&d=mm&r=g","caption":"leonardoparmeggiani"}}]}},"_links":{"self":[{"href":"https:\/\/www.dinamicagenerale.com\/pl\/wp-json\/wp\/v2\/posts\/54153","targetHints":{"allow":["GET"]}}],"collection":[{"href":"https:\/\/www.dinamicagenerale.com\/pl\/wp-json\/wp\/v2\/posts"}],"about":[{"href":"https:\/\/www.dinamicagenerale.com\/pl\/wp-json\/wp\/v2\/types\/post"}],"author":[{"embeddable":true,"href":"https:\/\/www.dinamicagenerale.com\/pl\/wp-json\/wp\/v2\/users\/5"}],"replies":[{"embeddable":true,"href":"https:\/\/www.dinamicagenerale.com\/pl\/wp-json\/wp\/v2\/comments?post=54153"}],"version-history":[{"count":1,"href":"https:\/\/www.dinamicagenerale.com\/pl\/wp-json\/wp\/v2\/posts\/54153\/revisions"}],"predecessor-version":[{"id":54154,"href":"https:\/\/www.dinamicagenerale.com\/pl\/wp-json\/wp\/v2\/posts\/54153\/revisions\/54154"}],"wp:featuredmedia":[{"embeddable":true,"href":"https:\/\/www.dinamicagenerale.com\/pl\/wp-json\/wp\/v2\/media\/54138"}],"wp:attachment":[{"href":"https:\/\/www.dinamicagenerale.com\/pl\/wp-json\/wp\/v2\/media?parent=54153"}],"wp:term":[{"taxonomy":"category","embeddable":true,"href":"https:\/\/www.dinamicagenerale.com\/pl\/wp-json\/wp\/v2\/categories?post=54153"},{"taxonomy":"post_tag","embeddable":true,"href":"https:\/\/www.dinamicagenerale.com\/pl\/wp-json\/wp\/v2\/tags?post=54153"}],"curies":[{"name":"wp","href":"https:\/\/api.w.org\/{rel}","templated":true}]}}