{"id":53099,"date":"2026-07-06T11:27:53","date_gmt":"2026-07-06T09:27:53","guid":{"rendered":"https:\/\/www.dinamicagenerale.com\/firma-dinamica-generale-wprowadza-feeding-forward-nowa-coroczna-impreze-poswiecona-przyszlosci-precyzyjnego-zywienia\/"},"modified":"2026-07-06T11:41:04","modified_gmt":"2026-07-06T09:41:04","slug":"firma-dinamica-generale-wprowadza-feeding-forward-nowa-coroczna-impreze-poswiecona-przyszlosci-precyzyjnego-zywienia","status":"publish","type":"post","link":"https:\/\/www.dinamicagenerale.com\/pl\/firma-dinamica-generale-wprowadza-feeding-forward-nowa-coroczna-impreze-poswiecona-przyszlosci-precyzyjnego-zywienia\/","title":{"rendered":"Firma Dinamica Generale wprowadza \u201eFeeding Forward\u201d \u2013 now\u0105 coroczn\u0105 imprez\u0119 po\u015bwi\u0119con\u0105 przysz\u0142o\u015bci precyzyjnego \u017cywienia"},"content":{"rendered":"\n<p class=\"wp-block-paragraph\"><strong>Poggio Rusco, W\u0142ochy \u2013 1 lipca 2026 r. \u2013<\/strong> Firma Dinamica Generale zorganizowa\u0142a <strong>pierwsz\u0105 edycj\u0119 \u201eFeeding Forward\u201d<\/strong> \u2013 nowej corocznej imprezy po\u015bwi\u0119conej przysz\u0142o\u015bci precyzyjnego \u017cywienia i nowoczesnego zarz\u0105dzania gospodarstwami mleczarskimi.<\/p>\n\n<p class=\"wp-block-paragraph\">Wydarzenie zgromadzi\u0142o hodowc\u00f3w byd\u0142a mlecznego, specjalist\u00f3w ?ywienia zwierz?t, specjalist\u00f3w z bran\u017cy oraz naukowc\u00f3w. Uczestnicy dzielili si\u0119 do\u015bwiadczeniami, strategiami zarz\u0105dzania oraz praktycznymi spostrze\u017ceniami dotycz\u0105cymi gospodarstw mlecznych z ca\u0142ego \u015bwiata. <\/p>\n\n<h2 class=\"wp-block-heading\">Nowa przestrze\u0144 wymiany wiedzy<\/h2>\n\n<p class=\"wp-block-paragraph\">\u201eFeeding Forward\u201d to co\u015b wi\u0119cej ni\u017c tradycyjna konferencja \u2013 wydarzenie to zosta\u0142o zaprojektowane jako platforma s\u0142u\u017c\u0105ca dzieleniu si\u0119 rzeczywistymi do\u015bwiadczeniami, strategiami zarz\u0105dzania oraz praktycznymi spostrze\u017ceniami czo\u0142owych gospodarstw mlecznych z ca\u0142ego \u015bwiata. Inicjatywa ta odzwierciedla zaanga\u017cowanie firmy Dinamica Generale we wspieranie innowacji nie tylko poprzez technologi\u0119, ale tak\u017ce poprzez promowanie wymiany wiedzy w ca\u0142ej bran\u017cy mleczarskiej. <\/p>\n\n<h2 class=\"wp-block-heading\">Wnioski z gospodarstwa mlecznego High Plains Ponderosa Dairy<\/h2>\n\n<p class=\"wp-block-paragraph\">W pierwszej edycji wyst\u0105pi\u0142<strong> Greg Bethard<\/strong>, dyrektor generalny i partner zarz\u0105dzaj\u0105cy w High Plains Ponderosa Dairy, jednym z najwi\u0119kszych gospodarstw mlecznych w Stanach Zjednoczonych, posiadaj\u0105cym ponad <strong>40 000 kr\u00f3w mlecznych<\/strong>. Czerpi\u0105c z wieloletniego do\u015bwiadczenia w zarz\u0105dzaniu du\u017cymi gospodarstwami mleczarskimi, Bethard podzieli\u0142 si\u0119 swoim podej\u015bciem do poprawy rentowno\u015bci poprzez podejmowanie decyzji opartych na danych, standaryzacj\u0119 proces\u00f3w oraz silny nacisk na wyniki ekonomiczne. <\/p>\n\n<p class=\"wp-block-paragraph\">W trakcie wydarzenia uczestnicy zapoznali si\u0119 z kluczowymi tematami, takimi jak:<\/p>\n\n<ul class=\"wp-block-list\">\n<li>Wp\u0142yw koszt\u00f3w paszy na rentowno\u015b\u0107 gospodarstw mlecznych<\/li>\n\n\n\n<li>Dlaczego wska\u017anik <strong>\u201edoch\u00f3d powy\u017cej kosztu paszy\u201d ( <\/strong>IOFC) jest bardziej miarodajnym wska\u017anikiem wydajno\u015bci ni\u017c sama efektywno\u015b\u0107 paszowa<\/li>\n\n\n\n<li>Znaczenie danych w podejmowaniu codziennych decyzji zarz\u0105dczych<\/li>\n\n\n\n<li>Najlepsze praktyki w zakresie projektowania i zarz\u0105dzania du\u017cymi gospodarstwami mleczarskimi<\/li>\n\n\n\n<li>Ewolucja precyzyjnego nawo\u017cenia w kierunku szerszego podej\u015bcia opartego na precyzyjnym zarz\u0105dzaniu<\/li>\n<\/ul>\n\n<div class=\"wp-block-columns is-layout-flex wp-container-core-columns-is-layout-8f761849 wp-block-columns-is-layout-flex\">\n<div class=\"wp-block-column is-layout-flow wp-block-column-is-layout-flow\">\n<figure class=\"wp-block-image size-large\"><img loading=\"lazy\" decoding=\"async\" width=\"1024\" height=\"689\" src=\"https:\/\/www.dinamicagenerale.com\/wp-content\/uploads\/2026\/07\/feeding-forward-1-luglio-dinamica-generale-1024x689.png\" alt=\"\" class=\"wp-image-53058\" srcset=\"https:\/\/www.dinamicagenerale.com\/wp-content\/uploads\/2026\/07\/feeding-forward-1-luglio-dinamica-generale-1024x689.png 1024w, https:\/\/www.dinamicagenerale.com\/wp-content\/uploads\/2026\/07\/feeding-forward-1-luglio-dinamica-generale-300x202.png 300w, https:\/\/www.dinamicagenerale.com\/wp-content\/uploads\/2026\/07\/feeding-forward-1-luglio-dinamica-generale-768x517.png 768w, https:\/\/www.dinamicagenerale.com\/wp-content\/uploads\/2026\/07\/feeding-forward-1-luglio-dinamica-generale-1536x1034.png 1536w, https:\/\/www.dinamicagenerale.com\/wp-content\/uploads\/2026\/07\/feeding-forward-1-luglio-dinamica-generale.png 1605w\" sizes=\"auto, (max-width: 1024px) 100vw, 1024px\" \/><\/figure>\n<\/div>\n\n\n\n<div class=\"wp-block-column is-layout-flow wp-block-column-is-layout-flow\">\n<figure class=\"wp-block-image size-large\"><img loading=\"lazy\" decoding=\"async\" width=\"1024\" height=\"689\" src=\"https:\/\/www.dinamicagenerale.com\/wp-content\/uploads\/2026\/07\/feeding-forward-1-luglio-dinamica-generale-greg-1024x689.png\" alt=\"\" class=\"wp-image-53068\" srcset=\"https:\/\/www.dinamicagenerale.com\/wp-content\/uploads\/2026\/07\/feeding-forward-1-luglio-dinamica-generale-greg-1024x689.png 1024w, https:\/\/www.dinamicagenerale.com\/wp-content\/uploads\/2026\/07\/feeding-forward-1-luglio-dinamica-generale-greg-300x202.png 300w, https:\/\/www.dinamicagenerale.com\/wp-content\/uploads\/2026\/07\/feeding-forward-1-luglio-dinamica-generale-greg-768x517.png 768w, https:\/\/www.dinamicagenerale.com\/wp-content\/uploads\/2026\/07\/feeding-forward-1-luglio-dinamica-generale-greg-1536x1034.png 1536w, https:\/\/www.dinamicagenerale.com\/wp-content\/uploads\/2026\/07\/feeding-forward-1-luglio-dinamica-generale-greg.png 1605w\" sizes=\"auto, (max-width: 1024px) 100vw, 1024px\" \/><\/figure>\n<\/div>\n<\/div>\n\n<p class=\"wp-block-paragraph\">Opr\u00f3cz prezentacji organizacja Feeding Forward stworzy\u0142a cenne okazje do dyskusji i nawi\u0105zywania kontakt\u00f3w w\u015br\u00f3d specjalist\u00f3w, kt\u00f3rych \u0142\u0105czy wsp\u00f3lny cel: budowanie bardziej wydajnych, rentownych i zr\u00f3wnowa\u017conych gospodarstw mlecznych.<\/p>\n\n<h2 class=\"wp-block-heading\">Coroczne wydarzenie dla bran\u017cy mleczarskiej<\/h2>\n\n<p class=\"wp-block-paragraph\">Pierwsza edycja wydarzenia \u201eFeeding Forward\u201d stworzy\u0142a r\u00f3wnie\u017c cenne okazje do dyskusji i nawi\u0105zywania kontakt\u00f3w. Uczestnicy dzielili si\u0119 pomys\u0142ami, do\u015bwiadczeniami i pogl\u0105dami na temat przysz\u0142o\u015bci hodowli byd\u0142a mlecznego. <\/p>\n\n<p class=\"wp-block-paragraph\">Dinamica Generale zamierza uczyni\u0107 \u201eFeeding Forward\u201d coroczn\u0105 imprez\u0105. W ka\u017cdej edycji wezm\u0105 udzia\u0142 uznani na ca\u0142ym \u015bwiecie eksperci, kt\u00f3rzy podziel\u0105 si\u0119 praktyczn\u0105 wiedz\u0105, praktykami zarz\u0105dzania oraz nowymi perspektywami. <\/p>\n\n<p class=\"wp-block-paragraph\">W Dinamica Generale innowacyjno\u015b\u0107 rozwija si\u0119 dzi\u0119ki technologii, wiedzy fachowej i wymianie pomys\u0142\u00f3w.<\/p>\n\n<p class=\"wp-block-paragraph\"><strong>W ramach programu \u201eFeeding Forward\u201d wiedza wytycza kierunek rozwoju hodowli byd\u0142a mlecznego.<\/strong><\/p>\n\n<p class=\"wp-block-paragraph\"><a href=\"https:\/\/www.dinamicagenerale.com\/pl\/machine\/mikser-ciagniony\/\" type=\"link\" id=\"https:\/\/www.dinamicagenerale.com\/machine\/trailed-feed-mixer\/\" target=\"_blank\" rel=\"noreferrer noopener\">Poznaj nasze rozwi?zania w zakresie precyzyjnego podawania paszy<\/a><\/p>\n\n<p class=\"wp-block-paragraph\"><\/p>\n","protected":false},"excerpt":{"rendered":"<p>Firma Dinamica Generale zorganizowa\u0142a pierwsz\u0105 edycj\u0119 Feeding Forward \u2013 nowej corocznej imprezy po\u015bwi\u0119conej precyzyjnemu \u017cywieniu, rentowno\u015bci gospodarstw mlecznych oraz zarz\u0105dzaniu gospodarstwem w oparciu o dane.<\/p>\n","protected":false},"author":5,"featured_media":53084,"comment_status":"closed","ping_status":"closed","sticky":false,"template":"","format":"standard","meta":{"footnotes":""},"categories":[3582,3630],"tags":[],"class_list":["post-53099","post","type-post","status-publish","format-standard","has-post-thumbnail","hentry","category-firma","category-na-farmie"],"yoast_head":"<!-- This site is optimized with the Yoast SEO plugin v28.0 - https:\/\/yoast.com\/product\/yoast-seo-wordpress\/ -->\n<title>\u201eFeeding Forward\u201d: nowe wydarzenie po\u015bwi\u0119cone precyzyjnemu podawaniu organizowane przez firm\u0119 Dinamica Generale<\/title>\n<meta name=\"description\" content=\"Firma Dinamica Generale organizuje \u201eFeeding Forward\u201d \u2013 now\u0105 coroczn\u0105 imprez\u0119, podczas kt\u00f3rej specjali\u015bci z bran\u017cy mleczarskiej zg\u0142\u0119biaj\u0105 zagadnienia zwi\u0105zane z precyzyjnym \u017cywieniem, zarz\u0105dzaniem opartym na danych oraz rentowno\u015bci\u0105 gospodarstw.\" \/>\n<meta name=\"robots\" content=\"index, follow, max-snippet:-1, max-image-preview:large, max-video-preview:-1\" \/>\n<link rel=\"canonical\" href=\"https:\/\/www.dinamicagenerale.com\/pl\/firma-dinamica-generale-wprowadza-feeding-forward-nowa-coroczna-impreze-poswiecona-przyszlosci-precyzyjnego-zywienia\/\" \/>\n<meta property=\"og:locale\" content=\"pl_PL\" \/>\n<meta property=\"og:type\" content=\"article\" \/>\n<meta property=\"og:title\" content=\"\u201eFeeding Forward\u201d: nowe wydarzenie po\u015bwi\u0119cone precyzyjnemu podawaniu organizowane przez firm\u0119 Dinamica Generale\" \/>\n<meta property=\"og:description\" content=\"Firma Dinamica Generale organizuje \u201eFeeding Forward\u201d \u2013 now\u0105 coroczn\u0105 imprez\u0119, podczas kt\u00f3rej specjali\u015bci z bran\u017cy mleczarskiej zg\u0142\u0119biaj\u0105 zagadnienia zwi\u0105zane z precyzyjnym \u017cywieniem, zarz\u0105dzaniem opartym na danych oraz rentowno\u015bci\u0105 gospodarstw.\" \/>\n<meta property=\"og:url\" content=\"https:\/\/www.dinamicagenerale.com\/pl\/firma-dinamica-generale-wprowadza-feeding-forward-nowa-coroczna-impreze-poswiecona-przyszlosci-precyzyjnego-zywienia\/\" \/>\n<meta property=\"og:site_name\" content=\"Dinamica Generale\" \/>\n<meta property=\"article:published_time\" content=\"2026-07-06T09:27:53+00:00\" \/>\n<meta property=\"article:modified_time\" content=\"2026-07-06T09:41:04+00:00\" \/>\n<meta property=\"og:image\" content=\"https:\/\/www.dinamicagenerale.com\/wp-content\/uploads\/2026\/07\/Feeding-Forward-Dinamica-Generales-New-Precision-Feeding-Event-1024x528.png\" \/>\n\t<meta property=\"og:image:width\" content=\"1024\" \/>\n\t<meta property=\"og:image:height\" content=\"528\" \/>\n\t<meta property=\"og:image:type\" content=\"image\/png\" \/>\n<meta name=\"author\" content=\"leonardoparmeggiani\" \/>\n<meta name=\"twitter:card\" content=\"summary_large_image\" \/>\n<meta name=\"twitter:label1\" content=\"Napisane przez\" \/>\n\t<meta name=\"twitter:data1\" content=\"leonardoparmeggiani\" \/>\n\t<meta name=\"twitter:label2\" content=\"Szacowany czas czytania\" \/>\n\t<meta name=\"twitter:data2\" content=\"2 minuty\" \/>\n<script type=\"application\/ld+json\" class=\"yoast-schema-graph\">{\"@context\":\"https:\\\/\\\/schema.org\",\"@graph\":[{\"@type\":\"Article\",\"@id\":\"https:\\\/\\\/www.dinamicagenerale.com\\\/pl\\\/firma-dinamica-generale-wprowadza-feeding-forward-nowa-coroczna-impreze-poswiecona-przyszlosci-precyzyjnego-zywienia\\\/#article\",\"isPartOf\":{\"@id\":\"https:\\\/\\\/www.dinamicagenerale.com\\\/pl\\\/firma-dinamica-generale-wprowadza-feeding-forward-nowa-coroczna-impreze-poswiecona-przyszlosci-precyzyjnego-zywienia\\\/\"},\"author\":{\"name\":\"leonardoparmeggiani\",\"@id\":\"https:\\\/\\\/www.dinamicagenerale.com\\\/pl\\\/#\\\/schema\\\/person\\\/a5c006ed54fc259d80e205e87334fd4e\"},\"headline\":\"Firma Dinamica Generale wprowadza \u201eFeeding Forward\u201d \u2013 now\u0105 coroczn\u0105 imprez\u0119 po\u015bwi\u0119con\u0105 przysz\u0142o\u015bci precyzyjnego \u017cywienia\",\"datePublished\":\"2026-07-06T09:27:53+00:00\",\"dateModified\":\"2026-07-06T09:41:04+00:00\",\"mainEntityOfPage\":{\"@id\":\"https:\\\/\\\/www.dinamicagenerale.com\\\/pl\\\/firma-dinamica-generale-wprowadza-feeding-forward-nowa-coroczna-impreze-poswiecona-przyszlosci-precyzyjnego-zywienia\\\/\"},\"wordCount\":466,\"image\":{\"@id\":\"https:\\\/\\\/www.dinamicagenerale.com\\\/pl\\\/firma-dinamica-generale-wprowadza-feeding-forward-nowa-coroczna-impreze-poswiecona-przyszlosci-precyzyjnego-zywienia\\\/#primaryimage\"},\"thumbnailUrl\":\"https:\\\/\\\/www.dinamicagenerale.com\\\/wp-content\\\/uploads\\\/2026\\\/07\\\/Feeding-Forward-Dinamica-Generales-New-Precision-Feeding-Event.png\",\"articleSection\":[\"Firma\",\"Na farmie\"],\"inLanguage\":\"pl-PL\"},{\"@type\":\"WebPage\",\"@id\":\"https:\\\/\\\/www.dinamicagenerale.com\\\/pl\\\/firma-dinamica-generale-wprowadza-feeding-forward-nowa-coroczna-impreze-poswiecona-przyszlosci-precyzyjnego-zywienia\\\/\",\"url\":\"https:\\\/\\\/www.dinamicagenerale.com\\\/pl\\\/firma-dinamica-generale-wprowadza-feeding-forward-nowa-coroczna-impreze-poswiecona-przyszlosci-precyzyjnego-zywienia\\\/\",\"name\":\"\u201eFeeding Forward\u201d: nowe wydarzenie po\u015bwi\u0119cone precyzyjnemu podawaniu organizowane przez firm\u0119 Dinamica Generale\",\"isPartOf\":{\"@id\":\"https:\\\/\\\/www.dinamicagenerale.com\\\/pl\\\/#website\"},\"primaryImageOfPage\":{\"@id\":\"https:\\\/\\\/www.dinamicagenerale.com\\\/pl\\\/firma-dinamica-generale-wprowadza-feeding-forward-nowa-coroczna-impreze-poswiecona-przyszlosci-precyzyjnego-zywienia\\\/#primaryimage\"},\"image\":{\"@id\":\"https:\\\/\\\/www.dinamicagenerale.com\\\/pl\\\/firma-dinamica-generale-wprowadza-feeding-forward-nowa-coroczna-impreze-poswiecona-przyszlosci-precyzyjnego-zywienia\\\/#primaryimage\"},\"thumbnailUrl\":\"https:\\\/\\\/www.dinamicagenerale.com\\\/wp-content\\\/uploads\\\/2026\\\/07\\\/Feeding-Forward-Dinamica-Generales-New-Precision-Feeding-Event.png\",\"datePublished\":\"2026-07-06T09:27:53+00:00\",\"dateModified\":\"2026-07-06T09:41:04+00:00\",\"author\":{\"@id\":\"https:\\\/\\\/www.dinamicagenerale.com\\\/pl\\\/#\\\/schema\\\/person\\\/a5c006ed54fc259d80e205e87334fd4e\"},\"description\":\"Firma Dinamica Generale organizuje \u201eFeeding Forward\u201d \u2013 now\u0105 coroczn\u0105 imprez\u0119, podczas kt\u00f3rej specjali\u015bci z bran\u017cy mleczarskiej zg\u0142\u0119biaj\u0105 zagadnienia zwi\u0105zane z precyzyjnym \u017cywieniem, zarz\u0105dzaniem opartym na danych oraz rentowno\u015bci\u0105 gospodarstw.\",\"breadcrumb\":{\"@id\":\"https:\\\/\\\/www.dinamicagenerale.com\\\/pl\\\/firma-dinamica-generale-wprowadza-feeding-forward-nowa-coroczna-impreze-poswiecona-przyszlosci-precyzyjnego-zywienia\\\/#breadcrumb\"},\"inLanguage\":\"pl-PL\",\"potentialAction\":[{\"@type\":\"ReadAction\",\"target\":[\"https:\\\/\\\/www.dinamicagenerale.com\\\/pl\\\/firma-dinamica-generale-wprowadza-feeding-forward-nowa-coroczna-impreze-poswiecona-przyszlosci-precyzyjnego-zywienia\\\/\"]}]},{\"@type\":\"ImageObject\",\"inLanguage\":\"pl-PL\",\"@id\":\"https:\\\/\\\/www.dinamicagenerale.com\\\/pl\\\/firma-dinamica-generale-wprowadza-feeding-forward-nowa-coroczna-impreze-poswiecona-przyszlosci-precyzyjnego-zywienia\\\/#primaryimage\",\"url\":\"https:\\\/\\\/www.dinamicagenerale.com\\\/wp-content\\\/uploads\\\/2026\\\/07\\\/Feeding-Forward-Dinamica-Generales-New-Precision-Feeding-Event.png\",\"contentUrl\":\"https:\\\/\\\/www.dinamicagenerale.com\\\/wp-content\\\/uploads\\\/2026\\\/07\\\/Feeding-Forward-Dinamica-Generales-New-Precision-Feeding-Event.png\",\"width\":2362,\"height\":1217},{\"@type\":\"BreadcrumbList\",\"@id\":\"https:\\\/\\\/www.dinamicagenerale.com\\\/pl\\\/firma-dinamica-generale-wprowadza-feeding-forward-nowa-coroczna-impreze-poswiecona-przyszlosci-precyzyjnego-zywienia\\\/#breadcrumb\",\"itemListElement\":[{\"@type\":\"ListItem\",\"position\":1,\"name\":\"Home\",\"item\":\"https:\\\/\\\/www.dinamicagenerale.com\\\/pl\\\/dywizje\\\/\"},{\"@type\":\"ListItem\",\"position\":2,\"name\":\"Firma Dinamica Generale wprowadza \u201eFeeding Forward\u201d \u2013 now\u0105 coroczn\u0105 imprez\u0119 po\u015bwi\u0119con\u0105 przysz\u0142o\u015bci precyzyjnego \u017cywienia\"}]},{\"@type\":\"WebSite\",\"@id\":\"https:\\\/\\\/www.dinamicagenerale.com\\\/pl\\\/#website\",\"url\":\"https:\\\/\\\/www.dinamicagenerale.com\\\/pl\\\/\",\"name\":\"Dinamica Generale\",\"description\":\"\",\"potentialAction\":[{\"@type\":\"SearchAction\",\"target\":{\"@type\":\"EntryPoint\",\"urlTemplate\":\"https:\\\/\\\/www.dinamicagenerale.com\\\/pl\\\/?s={search_term_string}\"},\"query-input\":{\"@type\":\"PropertyValueSpecification\",\"valueRequired\":true,\"valueName\":\"search_term_string\"}}],\"inLanguage\":\"pl-PL\"},{\"@type\":\"Person\",\"@id\":\"https:\\\/\\\/www.dinamicagenerale.com\\\/pl\\\/#\\\/schema\\\/person\\\/a5c006ed54fc259d80e205e87334fd4e\",\"name\":\"leonardoparmeggiani\",\"image\":{\"@type\":\"ImageObject\",\"inLanguage\":\"pl-PL\",\"@id\":\"https:\\\/\\\/secure.gravatar.com\\\/avatar\\\/35c1e41d17eff04f4dc47409276969d2f6a1822502e0fd6396ed7c623180ec0f?s=96&d=mm&r=g\",\"url\":\"https:\\\/\\\/secure.gravatar.com\\\/avatar\\\/35c1e41d17eff04f4dc47409276969d2f6a1822502e0fd6396ed7c623180ec0f?s=96&d=mm&r=g\",\"contentUrl\":\"https:\\\/\\\/secure.gravatar.com\\\/avatar\\\/35c1e41d17eff04f4dc47409276969d2f6a1822502e0fd6396ed7c623180ec0f?s=96&d=mm&r=g\",\"caption\":\"leonardoparmeggiani\"}}]}<\/script>\n<!-- \/ Yoast SEO plugin. -->","yoast_head_json":{"title":"\u201eFeeding Forward\u201d: nowe wydarzenie po\u015bwi\u0119cone precyzyjnemu podawaniu organizowane przez firm\u0119 Dinamica Generale","description":"Firma Dinamica Generale organizuje \u201eFeeding Forward\u201d \u2013 now\u0105 coroczn\u0105 imprez\u0119, podczas kt\u00f3rej specjali\u015bci z bran\u017cy mleczarskiej zg\u0142\u0119biaj\u0105 zagadnienia zwi\u0105zane z precyzyjnym \u017cywieniem, zarz\u0105dzaniem opartym na danych oraz rentowno\u015bci\u0105 gospodarstw.","robots":{"index":"index","follow":"follow","max-snippet":"max-snippet:-1","max-image-preview":"max-image-preview:large","max-video-preview":"max-video-preview:-1"},"canonical":"https:\/\/www.dinamicagenerale.com\/pl\/firma-dinamica-generale-wprowadza-feeding-forward-nowa-coroczna-impreze-poswiecona-przyszlosci-precyzyjnego-zywienia\/","og_locale":"pl_PL","og_type":"article","og_title":"\u201eFeeding Forward\u201d: nowe wydarzenie po\u015bwi\u0119cone precyzyjnemu podawaniu organizowane przez firm\u0119 Dinamica Generale","og_description":"Firma Dinamica Generale organizuje \u201eFeeding Forward\u201d \u2013 now\u0105 coroczn\u0105 imprez\u0119, podczas kt\u00f3rej specjali\u015bci z bran\u017cy mleczarskiej zg\u0142\u0119biaj\u0105 zagadnienia zwi\u0105zane z precyzyjnym \u017cywieniem, zarz\u0105dzaniem opartym na danych oraz rentowno\u015bci\u0105 gospodarstw.","og_url":"https:\/\/www.dinamicagenerale.com\/pl\/firma-dinamica-generale-wprowadza-feeding-forward-nowa-coroczna-impreze-poswiecona-przyszlosci-precyzyjnego-zywienia\/","og_site_name":"Dinamica Generale","article_published_time":"2026-07-06T09:27:53+00:00","article_modified_time":"2026-07-06T09:41:04+00:00","og_image":[{"width":1024,"height":528,"url":"https:\/\/www.dinamicagenerale.com\/wp-content\/uploads\/2026\/07\/Feeding-Forward-Dinamica-Generales-New-Precision-Feeding-Event-1024x528.png","type":"image\/png"}],"author":"leonardoparmeggiani","twitter_card":"summary_large_image","twitter_misc":{"Napisane przez":"leonardoparmeggiani","Szacowany czas czytania":"2 minuty"},"schema":{"@context":"https:\/\/schema.org","@graph":[{"@type":"Article","@id":"https:\/\/www.dinamicagenerale.com\/pl\/firma-dinamica-generale-wprowadza-feeding-forward-nowa-coroczna-impreze-poswiecona-przyszlosci-precyzyjnego-zywienia\/#article","isPartOf":{"@id":"https:\/\/www.dinamicagenerale.com\/pl\/firma-dinamica-generale-wprowadza-feeding-forward-nowa-coroczna-impreze-poswiecona-przyszlosci-precyzyjnego-zywienia\/"},"author":{"name":"leonardoparmeggiani","@id":"https:\/\/www.dinamicagenerale.com\/pl\/#\/schema\/person\/a5c006ed54fc259d80e205e87334fd4e"},"headline":"Firma Dinamica Generale wprowadza \u201eFeeding Forward\u201d \u2013 now\u0105 coroczn\u0105 imprez\u0119 po\u015bwi\u0119con\u0105 przysz\u0142o\u015bci precyzyjnego \u017cywienia","datePublished":"2026-07-06T09:27:53+00:00","dateModified":"2026-07-06T09:41:04+00:00","mainEntityOfPage":{"@id":"https:\/\/www.dinamicagenerale.com\/pl\/firma-dinamica-generale-wprowadza-feeding-forward-nowa-coroczna-impreze-poswiecona-przyszlosci-precyzyjnego-zywienia\/"},"wordCount":466,"image":{"@id":"https:\/\/www.dinamicagenerale.com\/pl\/firma-dinamica-generale-wprowadza-feeding-forward-nowa-coroczna-impreze-poswiecona-przyszlosci-precyzyjnego-zywienia\/#primaryimage"},"thumbnailUrl":"https:\/\/www.dinamicagenerale.com\/wp-content\/uploads\/2026\/07\/Feeding-Forward-Dinamica-Generales-New-Precision-Feeding-Event.png","articleSection":["Firma","Na farmie"],"inLanguage":"pl-PL"},{"@type":"WebPage","@id":"https:\/\/www.dinamicagenerale.com\/pl\/firma-dinamica-generale-wprowadza-feeding-forward-nowa-coroczna-impreze-poswiecona-przyszlosci-precyzyjnego-zywienia\/","url":"https:\/\/www.dinamicagenerale.com\/pl\/firma-dinamica-generale-wprowadza-feeding-forward-nowa-coroczna-impreze-poswiecona-przyszlosci-precyzyjnego-zywienia\/","name":"\u201eFeeding Forward\u201d: nowe wydarzenie po\u015bwi\u0119cone precyzyjnemu podawaniu organizowane przez firm\u0119 Dinamica Generale","isPartOf":{"@id":"https:\/\/www.dinamicagenerale.com\/pl\/#website"},"primaryImageOfPage":{"@id":"https:\/\/www.dinamicagenerale.com\/pl\/firma-dinamica-generale-wprowadza-feeding-forward-nowa-coroczna-impreze-poswiecona-przyszlosci-precyzyjnego-zywienia\/#primaryimage"},"image":{"@id":"https:\/\/www.dinamicagenerale.com\/pl\/firma-dinamica-generale-wprowadza-feeding-forward-nowa-coroczna-impreze-poswiecona-przyszlosci-precyzyjnego-zywienia\/#primaryimage"},"thumbnailUrl":"https:\/\/www.dinamicagenerale.com\/wp-content\/uploads\/2026\/07\/Feeding-Forward-Dinamica-Generales-New-Precision-Feeding-Event.png","datePublished":"2026-07-06T09:27:53+00:00","dateModified":"2026-07-06T09:41:04+00:00","author":{"@id":"https:\/\/www.dinamicagenerale.com\/pl\/#\/schema\/person\/a5c006ed54fc259d80e205e87334fd4e"},"description":"Firma Dinamica Generale organizuje \u201eFeeding Forward\u201d \u2013 now\u0105 coroczn\u0105 imprez\u0119, podczas kt\u00f3rej specjali\u015bci z bran\u017cy mleczarskiej zg\u0142\u0119biaj\u0105 zagadnienia zwi\u0105zane z precyzyjnym \u017cywieniem, zarz\u0105dzaniem opartym na danych oraz rentowno\u015bci\u0105 gospodarstw.","breadcrumb":{"@id":"https:\/\/www.dinamicagenerale.com\/pl\/firma-dinamica-generale-wprowadza-feeding-forward-nowa-coroczna-impreze-poswiecona-przyszlosci-precyzyjnego-zywienia\/#breadcrumb"},"inLanguage":"pl-PL","potentialAction":[{"@type":"ReadAction","target":["https:\/\/www.dinamicagenerale.com\/pl\/firma-dinamica-generale-wprowadza-feeding-forward-nowa-coroczna-impreze-poswiecona-przyszlosci-precyzyjnego-zywienia\/"]}]},{"@type":"ImageObject","inLanguage":"pl-PL","@id":"https:\/\/www.dinamicagenerale.com\/pl\/firma-dinamica-generale-wprowadza-feeding-forward-nowa-coroczna-impreze-poswiecona-przyszlosci-precyzyjnego-zywienia\/#primaryimage","url":"https:\/\/www.dinamicagenerale.com\/wp-content\/uploads\/2026\/07\/Feeding-Forward-Dinamica-Generales-New-Precision-Feeding-Event.png","contentUrl":"https:\/\/www.dinamicagenerale.com\/wp-content\/uploads\/2026\/07\/Feeding-Forward-Dinamica-Generales-New-Precision-Feeding-Event.png","width":2362,"height":1217},{"@type":"BreadcrumbList","@id":"https:\/\/www.dinamicagenerale.com\/pl\/firma-dinamica-generale-wprowadza-feeding-forward-nowa-coroczna-impreze-poswiecona-przyszlosci-precyzyjnego-zywienia\/#breadcrumb","itemListElement":[{"@type":"ListItem","position":1,"name":"Home","item":"https:\/\/www.dinamicagenerale.com\/pl\/dywizje\/"},{"@type":"ListItem","position":2,"name":"Firma Dinamica Generale wprowadza \u201eFeeding Forward\u201d \u2013 now\u0105 coroczn\u0105 imprez\u0119 po\u015bwi\u0119con\u0105 przysz\u0142o\u015bci precyzyjnego \u017cywienia"}]},{"@type":"WebSite","@id":"https:\/\/www.dinamicagenerale.com\/pl\/#website","url":"https:\/\/www.dinamicagenerale.com\/pl\/","name":"Dinamica Generale","description":"","potentialAction":[{"@type":"SearchAction","target":{"@type":"EntryPoint","urlTemplate":"https:\/\/www.dinamicagenerale.com\/pl\/?s={search_term_string}"},"query-input":{"@type":"PropertyValueSpecification","valueRequired":true,"valueName":"search_term_string"}}],"inLanguage":"pl-PL"},{"@type":"Person","@id":"https:\/\/www.dinamicagenerale.com\/pl\/#\/schema\/person\/a5c006ed54fc259d80e205e87334fd4e","name":"leonardoparmeggiani","image":{"@type":"ImageObject","inLanguage":"pl-PL","@id":"https:\/\/secure.gravatar.com\/avatar\/35c1e41d17eff04f4dc47409276969d2f6a1822502e0fd6396ed7c623180ec0f?s=96&d=mm&r=g","url":"https:\/\/secure.gravatar.com\/avatar\/35c1e41d17eff04f4dc47409276969d2f6a1822502e0fd6396ed7c623180ec0f?s=96&d=mm&r=g","contentUrl":"https:\/\/secure.gravatar.com\/avatar\/35c1e41d17eff04f4dc47409276969d2f6a1822502e0fd6396ed7c623180ec0f?s=96&d=mm&r=g","caption":"leonardoparmeggiani"}}]}},"_links":{"self":[{"href":"https:\/\/www.dinamicagenerale.com\/pl\/wp-json\/wp\/v2\/posts\/53099","targetHints":{"allow":["GET"]}}],"collection":[{"href":"https:\/\/www.dinamicagenerale.com\/pl\/wp-json\/wp\/v2\/posts"}],"about":[{"href":"https:\/\/www.dinamicagenerale.com\/pl\/wp-json\/wp\/v2\/types\/post"}],"author":[{"embeddable":true,"href":"https:\/\/www.dinamicagenerale.com\/pl\/wp-json\/wp\/v2\/users\/5"}],"replies":[{"embeddable":true,"href":"https:\/\/www.dinamicagenerale.com\/pl\/wp-json\/wp\/v2\/comments?post=53099"}],"version-history":[{"count":1,"href":"https:\/\/www.dinamicagenerale.com\/pl\/wp-json\/wp\/v2\/posts\/53099\/revisions"}],"predecessor-version":[{"id":53100,"href":"https:\/\/www.dinamicagenerale.com\/pl\/wp-json\/wp\/v2\/posts\/53099\/revisions\/53100"}],"wp:featuredmedia":[{"embeddable":true,"href":"https:\/\/www.dinamicagenerale.com\/pl\/wp-json\/wp\/v2\/media\/53084"}],"wp:attachment":[{"href":"https:\/\/www.dinamicagenerale.com\/pl\/wp-json\/wp\/v2\/media?parent=53099"}],"wp:term":[{"taxonomy":"category","embeddable":true,"href":"https:\/\/www.dinamicagenerale.com\/pl\/wp-json\/wp\/v2\/categories?post=53099"},{"taxonomy":"post_tag","embeddable":true,"href":"https:\/\/www.dinamicagenerale.com\/pl\/wp-json\/wp\/v2\/tags?post=53099"}],"curies":[{"name":"wp","href":"https:\/\/api.w.org\/{rel}","templated":true}]}}