{"id":54593,"date":"2026-09-02T09:25:00","date_gmt":"2026-09-02T07:25:00","guid":{"rendered":"https:\/\/www.dinamicagenerale.com\/?p=54593"},"modified":"2026-08-27T09:46:56","modified_gmt":"2026-08-27T07:46:56","slug":"dove-troverai-dinamica-generale-a-settembre-2026","status":"publish","type":"post","link":"https:\/\/www.dinamicagenerale.com\/it\/dove-troverai-dinamica-generale-a-settembre-2026\/","title":{"rendered":"Dove troverai Dinamica Generale a settembre 2026"},"content":{"rendered":"\n<p class=\"wp-block-paragraph\">Gli eventi di Dinamica Generale in programma a settembre 2026 porteranno il nostro team dall\u2019Europa al Nord America, con quattro appuntamenti importanti nei settori agricolo e zootecnico.  <\/p>\n\n<p class=\"wp-block-paragraph\">Questi eventi verteranno sull\u2019allevamento, sulle macchine agricole e sull\u2019agricoltura di precisione. Inoltre, saranno un\u2019ottima occasione per incontrare il nostro team e scoprire le nostre ultime tecnologie. <\/p>\n\n<p class=\"wp-block-paragraph\">Da Valencia a Rennes, passando per Bednary e Madison: ecco dove potrai incontrare Dinamica Generale questo settembre.<\/p>\n\n<h2 class=\"wp-block-heading\">ECPLF 2026 &#8211; Valencia, Spagna<\/h2>\n\n<p class=\"wp-block-paragraph\">Il nostro viaggio di settembre inizia a Valencia, in occasione della Conferenza europea sull\u2019allevamento di precisione \u2013 ECPLF 2026.<\/p>\n\n<p class=\"wp-block-paragraph\">L&#8217;evento riunisce ricercatori, fornitori di tecnologie e professionisti del settore zootecnico. Insieme discuteranno degli ultimi sviluppi nell&#8217;allevamento di precisione. <\/p>\n\n<p class=\"wp-block-paragraph\">Dinamica Generale presenter\u00e0 la propria esperienza nell&#8217;alimentazione di precisione, nell&#8217;analisi NIR e nella gestione digitale dell&#8217;alimentazione.<\/p>\n\n<p class=\"wp-block-paragraph\">Inoltre, il 14 settembre il nostro team parteciper\u00e0 all\u2019evento nazionale dell\u2019ECPLF. Prenderemo parte alla tavola rotonda dedicata ai progressi e alle sfide dell\u2019innovazione tecnologica nell\u2019allevamento. <\/p>\n\n<p class=\"wp-block-paragraph\"><strong>Date:<\/strong> 14-17 settembre 2026<br\/><strong>Sede:<\/strong> Universitat Polit\u00e8cnica de Val\u00e8ncia. Auditorium &#8211; Edificio Nexus (UPV) <br\/><strong>Sito web dell&#8217;evento:<\/strong> <a type=\"link\" href=\"https:\/\/www.ecplf2026.com\/\" id=\"https:\/\/www.ecplf2026.com\/\" target=\"_blank\" rel=\"noreferrer noopener\">ECPLF 2026<\/a><br\/><strong>Il nostro stand:<\/strong> 2<\/p>\n\n<p class=\"wp-block-paragraph\"><strong><a href=\"https:\/\/www.dinamicagenerale.com\/it\/evento\/ecplf-2026-scopri-le-nostre-soluzioni-per-lallevamento-di-precisione-dinamica-generale\/\" data-type=\"link\" data-id=\"https:\/\/www.dinamicagenerale.com\/event\/ecplf-2026-discover-our-precision-livestock-farming-solutions-dinamica-generale\/\" target=\"_blank\" rel=\"noreferrer noopener\">Scopri l\u2019ECPLF 2026<\/a><\/strong><\/p>\n\n<div class=\"wp-block-columns is-layout-flex wp-container-core-columns-is-layout-8f761849 wp-block-columns-is-layout-flex\">\n<div class=\"wp-block-column is-layout-flow wp-block-column-is-layout-flow\">\n<figure class=\"wp-block-image size-full\"><img loading=\"lazy\" decoding=\"async\" width=\"740\" height=\"380\" src=\"https:\/\/www.dinamicagenerale.com\/wp-content\/uploads\/2026\/03\/BATA-AGRO-2026-portable-nir-analyzer-dinamica-generale.png\" alt=\"\" class=\"wp-image-44097\" srcset=\"https:\/\/www.dinamicagenerale.com\/wp-content\/uploads\/2026\/03\/BATA-AGRO-2026-portable-nir-analyzer-dinamica-generale.png 740w, https:\/\/www.dinamicagenerale.com\/wp-content\/uploads\/2026\/03\/BATA-AGRO-2026-portable-nir-analyzer-dinamica-generale-300x154.png 300w\" sizes=\"auto, (max-width: 740px) 100vw, 740px\" \/><\/figure>\n<\/div>\n\n\n\n<div class=\"wp-block-column is-layout-flow wp-block-column-is-layout-flow\">\n<figure class=\"wp-block-image size-full\"><img decoding=\"async\" src=\"https:\/\/www.dinamicagenerale.com\/wp-content\/uploads\/2026\/03\/BATA-AGRO-2026-DTM-&#x2013;-Digital-Feeding-Management-dinamica-generale.png\" alt=\"\" class=\"wp-image-44107\"\/><\/figure>\n<\/div>\n<\/div>\n\n<h2 class=\"wp-block-heading\">SPACE 2026 &#8211; Rennes, Francia<\/h2>\n\n<p class=\"wp-block-paragraph\">Nel frattempo, anche il nostro team sar\u00e0 a Rennes per SPACE 2026.<\/p>\n\n<p class=\"wp-block-paragraph\">L&#8217;evento \u00e8 uno dei principali punti di incontro internazionali per il settore zootecnico. Rappresenta quindi un&#8217;importante occasione per incontrare allevatori, professionisti e fornitori di tecnologie provenienti da diversi mercati. <\/p>\n\n<p class=\"wp-block-paragraph\">A SPACE, Dinamica Generale presenter\u00e0 soluzioni pensate per rendere le operazioni di alimentazione pi\u00f9 precise, misurabili e con connettivit\u00e0.<\/p>\n\n<p class=\"wp-block-paragraph\">I visitatori potranno scoprire le nostre tecnologie per l\u2019alimentazione di precisione, l\u2019analisi NIR portatile e la gestione digitale dell\u2019alimentazione con DTM.<\/p>\n\n<p class=\"wp-block-paragraph\"><strong>Date:<\/strong> 15 \u2013 17 settembre 2026<br\/><strong>Luogo:<\/strong> Rennes, Francia<br\/><strong>Stand:<\/strong> Padiglione 2\/3 \u2013 Stand C42<br\/><strong>Orari:<\/strong> dalle 9:00 alle 19:00<br\/><strong>Sito web:<\/strong> <a href=\"https:\/\/www.space.fr\/en\">SPACE 2026<\/a><\/p>\n\n<p class=\"wp-block-paragraph\"><strong><a href=\"https:\/\/www.dinamicagenerale.com\/it\/evento\/space-2026-alimentazione-di-precisione-e-tecnologie-nir-dinamica-generale\/\" data-type=\"link\" data-id=\"https:\/\/www.dinamicagenerale.com\/event\/space-2026-precision-feeding-nir-technologies-dinamica-generale\/\" target=\"_blank\" rel=\"noreferrer noopener\">Vieni a trovarci allo SPACE 2026<\/a><\/strong><\/p>\n\n<h2 class=\"wp-block-heading\">AGRO SHOW 2026 &#8211; Bednary, Polonia<\/h2>\n\n<p class=\"wp-block-paragraph\">Prossimamente, Dinamica Generale si sposter\u00e0 in Polonia per l&#8217;AGRO SHOW 2026 a Bednary.<\/p>\n\n<p class=\"wp-block-paragraph\">L&#8217;evento \u00e8 un importante punto di riferimento per il settore delle macchine agricole nell&#8217;Europa centrale e orientale. Qui ci concentreremo sulle tecnologie che garantiscono una maggiore precisione direttamente sulle macchine agricole. <\/p>\n\n<p class=\"wp-block-paragraph\">In particolare, i visitatori potranno scoprire le nostre soluzioni per la pesatura, l&#8217;analisi NIR, l&#8217;agricoltura di precisione e la gestione dei dati.<\/p>\n\n<p class=\"wp-block-paragraph\">Queste tecnologie aiutano gli operatori a raccogliere informazioni utili direttamente durante le operazioni sul campo. Di conseguenza, consentono di migliorare il controllo, l&#8217;efficienza e la tracciabilit\u00e0. <\/p>\n\n<p class=\"wp-block-paragraph\"><strong>Date:<\/strong> 18 \u2013 20 settembre 2026<br\/><strong>Luogo:<\/strong> Bednary, Polonia<br\/><strong>Stand:<\/strong> Stand BIOMIX \u2013 n. 36, Settore B<br\/><strong>Orari:<\/strong> dalle 9:00 alle 19:00<br\/><strong>Sito web:<\/strong> <a href=\"https:\/\/agroshow.pl\/agroshow\/en\" target=\"_blank\" rel=\"noreferrer noopener\">AGRO SHOW<\/a><\/p>\n\n<p class=\"wp-block-paragraph\"><strong><a href=\"https:\/\/www.dinamicagenerale.com\/it\/evento\/agro-show-2026-alimentazione-di-precisione-e-soluzioni-nir-su-carro-miscelatore-dinamica-generale\/\" data-type=\"link\" data-id=\"https:\/\/www.dinamicagenerale.com\/event\/agro-show-2026-precision-feeding-on-mixer-nir-solutions-dinamica-generale\/\" target=\"_blank\" rel=\"noreferrer noopener\">Scopri AGRO SHOW 2026<\/a><\/strong><\/p>\n\n<div class=\"wp-block-columns is-layout-flex wp-container-core-columns-is-layout-8f761849 wp-block-columns-is-layout-flex\">\n<div class=\"wp-block-column is-layout-flow wp-block-column-is-layout-flow\">\n<figure class=\"wp-block-image size-full\"><img loading=\"lazy\" decoding=\"async\" width=\"740\" height=\"380\" src=\"https:\/\/www.dinamicagenerale.com\/wp-content\/uploads\/2026\/03\/space-2026-precision-feeding-reliable-weighing-systems-dinamica-generale.png\" alt=\"\" class=\"wp-image-43017\" srcset=\"https:\/\/www.dinamicagenerale.com\/wp-content\/uploads\/2026\/03\/space-2026-precision-feeding-reliable-weighing-systems-dinamica-generale.png 740w, https:\/\/www.dinamicagenerale.com\/wp-content\/uploads\/2026\/03\/space-2026-precision-feeding-reliable-weighing-systems-dinamica-generale-300x154.png 300w\" sizes=\"auto, (max-width: 740px) 100vw, 740px\" \/><\/figure>\n<\/div>\n\n\n\n<div class=\"wp-block-column is-layout-flow wp-block-column-is-layout-flow\">\n<figure class=\"wp-block-image size-full\"><img loading=\"lazy\" decoding=\"async\" width=\"740\" height=\"380\" src=\"https:\/\/www.dinamicagenerale.com\/wp-content\/uploads\/2026\/03\/space-2026-precision-feeding-nir-on-tank-dinamica-generale.png\" alt=\"\" class=\"wp-image-42996\" srcset=\"https:\/\/www.dinamicagenerale.com\/wp-content\/uploads\/2026\/03\/space-2026-precision-feeding-nir-on-tank-dinamica-generale.png 740w, https:\/\/www.dinamicagenerale.com\/wp-content\/uploads\/2026\/03\/space-2026-precision-feeding-nir-on-tank-dinamica-generale-300x154.png 300w\" sizes=\"auto, (max-width: 740px) 100vw, 740px\" \/><\/figure>\n<\/div>\n<\/div>\n\n<h2 class=\"wp-block-heading\">World Dairy Expo 2026 &#8211; Madison, Wisconsin, USA<\/h2>\n\n<p class=\"wp-block-paragraph\">Infine, a settembre Dinamica Generale attraverser\u00e0 l&#8217;Atlantico.<\/p>\n\n<p class=\"wp-block-paragraph\">Il nostro team sar\u00e0 a Madison, nel Wisconsin, per il World Dairy Expo 2026. L&#8217;evento \u00e8 uno dei pi\u00f9 importanti punti di incontro internazionali per il settore lattiero-caseario. <\/p>\n\n<p class=\"wp-block-paragraph\">Riunisce agricoltori, nutrizionisti, rivenditori, produttori OEM e professionisti del settore lattiero-caseario provenienti da tutto il mondo.<\/p>\n\n<p class=\"wp-block-paragraph\">Al World Dairy Expo, Dinamica Generale presenter\u00e0 le sue soluzioni per l\u2019alimentazione di precisione e la gestione degli allevamenti da latte.<\/p>\n\n<p class=\"wp-block-paragraph\">Le nostre tecnologie combinano sistemi di pesatura, analisi NIR e strumenti digitali. In questo modo, le aziende agricole possono migliorare l\u2019uniformit\u00e0 dell\u2019alimentazione, monitorare le prestazioni e sfruttare al meglio i propri dati. <\/p>\n\n<p class=\"wp-block-paragraph\"><strong>Date:<\/strong> 29 settembre \u2013 2 ottobre 2026<br\/><strong>Luogo:<\/strong> Madison, Wisconsin, USA<br\/><strong>Stand:<\/strong> n. 2009<br\/><strong>Orari:<\/strong> dalle 9:00 alle 19:00<br\/><strong>Sito web:<\/strong> <a href=\"https:\/\/worlddairyexpo.com\/\" target=\"_blank\" rel=\"noreferrer noopener\">World Dairy Expo<\/a><\/p>\n\n<p class=\"wp-block-paragraph\"><strong><a href=\"https:\/\/www.dinamicagenerale.com\/it\/evento\/world-dairy-expo-2026-alimentazione-di-precisione-per-aziende-ad-alte-prestazioni-dinamica-generale\/\" data-type=\"link\" data-id=\"https:\/\/www.dinamicagenerale.com\/event\/world-dairy-expo-2026-precision-feeding-for-high-performance-dairies-dinamica-generale\/\" target=\"_blank\" rel=\"noreferrer noopener\">Vieni a trovarci al World Dairy Expo<\/a><\/strong><\/p>\n\n<h3 class=\"wp-block-heading\">Quattro eventi. Un mese. Un obiettivo: rendere l&#8217;agricoltura pi\u00f9 precisa.  <\/h3>\n\n<p class=\"wp-block-paragraph\">A settembre i Dinamica Generale andranno dalla Spagna alla Francia, alla Polonia e agli Stati Uniti.<\/p>\n\n<p class=\"wp-block-paragraph\">Ogni evento verter\u00e0 su un aspetto diverso dell\u2019agricoltura moderna. Tuttavia, l\u2019obiettivo rimane lo stesso: usare la tecnologia e i dati per migliorare l\u2019efficienza e il controllo. <\/p>\n\n<p class=\"wp-block-paragraph\"><strong>Parteciperai a uno di questi eventi?<\/strong><\/p>\n\n<p class=\"wp-block-paragraph\">Vieni a conoscere il team di Dinamica Generale e scopri come le nostre tecnologie possono supportare il tuo prossimo progetto. Compila il modulo qui sotto! <\/p>\n","protected":false},"excerpt":{"rendered":"<p>Gli eventi di Dinamica Generale in programma a settembre 2026 porteranno il nostro team dall\u2019Europa al Nord America, con quattro [&hellip;]<\/p>\n","protected":false},"author":5,"featured_media":54580,"comment_status":"closed","ping_status":"closed","sticky":false,"template":"","format":"standard","meta":{"footnotes":""},"categories":[2],"tags":[],"class_list":["post-54593","post","type-post","status-publish","format-standard","has-post-thumbnail","hentry","category-azienda"],"yoast_head":"<!-- This site is optimized with the Yoast SEO plugin v28.0 - https:\/\/yoast.com\/product\/yoast-seo-wordpress\/ -->\n<title>Dove trovare Dinamica Generale a settembre 2026<\/title>\n<meta name=\"description\" content=\"Scopri dove potrai incontrare Dinamica Generale a settembre 2026: all\u2019ECPLF in Spagna, allo SPACE in Francia, all\u2019AGRO SHOW in Polonia e al World Dairy Expo negli Stati Uniti.\" \/>\n<meta name=\"robots\" content=\"index, follow, max-snippet:-1, max-image-preview:large, max-video-preview:-1\" \/>\n<link rel=\"canonical\" href=\"https:\/\/www.dinamicagenerale.com\/it\/dove-troverai-dinamica-generale-a-settembre-2026\/\" \/>\n<meta property=\"og:locale\" content=\"it_IT\" \/>\n<meta property=\"og:type\" content=\"article\" \/>\n<meta property=\"og:title\" content=\"Dove trovare Dinamica Generale a settembre 2026\" \/>\n<meta property=\"og:description\" content=\"Scopri dove potrai incontrare Dinamica Generale a settembre 2026: all\u2019ECPLF in Spagna, allo SPACE in Francia, all\u2019AGRO SHOW in Polonia e al World Dairy Expo negli Stati Uniti.\" \/>\n<meta property=\"og:url\" content=\"https:\/\/www.dinamicagenerale.com\/it\/dove-troverai-dinamica-generale-a-settembre-2026\/\" \/>\n<meta property=\"og:site_name\" content=\"Dinamica Generale\" \/>\n<meta property=\"article:published_time\" content=\"2026-09-02T07:25:00+00:00\" \/>\n<meta property=\"og:image\" content=\"https:\/\/www.dinamicagenerale.com\/wp-content\/uploads\/2026\/08\/Where-to-meet-Dinamica-Generale-in-September-2026-1024x528.png\" \/>\n\t<meta property=\"og:image:width\" content=\"1024\" \/>\n\t<meta property=\"og:image:height\" content=\"528\" \/>\n\t<meta property=\"og:image:type\" content=\"image\/png\" \/>\n<meta name=\"author\" content=\"leonardoparmeggiani\" \/>\n<meta name=\"twitter:card\" content=\"summary_large_image\" \/>\n<meta name=\"twitter:label1\" content=\"Scritto da\" \/>\n\t<meta name=\"twitter:data1\" content=\"leonardoparmeggiani\" \/>\n\t<meta name=\"twitter:label2\" content=\"Tempo di lettura stimato\" \/>\n\t<meta name=\"twitter:data2\" content=\"3 minuti\" \/>\n<script type=\"application\/ld+json\" class=\"yoast-schema-graph\">{\"@context\":\"https:\\\/\\\/schema.org\",\"@graph\":[{\"@type\":\"Article\",\"@id\":\"https:\\\/\\\/www.dinamicagenerale.com\\\/it\\\/dove-troverai-dinamica-generale-a-settembre-2026\\\/#article\",\"isPartOf\":{\"@id\":\"https:\\\/\\\/www.dinamicagenerale.com\\\/it\\\/dove-troverai-dinamica-generale-a-settembre-2026\\\/\"},\"author\":{\"name\":\"leonardoparmeggiani\",\"@id\":\"https:\\\/\\\/www.dinamicagenerale.com\\\/it\\\/#\\\/schema\\\/person\\\/a5c006ed54fc259d80e205e87334fd4e\"},\"headline\":\"Dove troverai Dinamica Generale a settembre 2026\",\"datePublished\":\"2026-09-02T07:25:00+00:00\",\"mainEntityOfPage\":{\"@id\":\"https:\\\/\\\/www.dinamicagenerale.com\\\/it\\\/dove-troverai-dinamica-generale-a-settembre-2026\\\/\"},\"wordCount\":650,\"image\":{\"@id\":\"https:\\\/\\\/www.dinamicagenerale.com\\\/it\\\/dove-troverai-dinamica-generale-a-settembre-2026\\\/#primaryimage\"},\"thumbnailUrl\":\"https:\\\/\\\/www.dinamicagenerale.com\\\/wp-content\\\/uploads\\\/2026\\\/08\\\/Where-to-meet-Dinamica-Generale-in-September-2026.png\",\"articleSection\":[\"Azienda\"],\"inLanguage\":\"it-IT\"},{\"@type\":\"WebPage\",\"@id\":\"https:\\\/\\\/www.dinamicagenerale.com\\\/it\\\/dove-troverai-dinamica-generale-a-settembre-2026\\\/\",\"url\":\"https:\\\/\\\/www.dinamicagenerale.com\\\/it\\\/dove-troverai-dinamica-generale-a-settembre-2026\\\/\",\"name\":\"Dove trovare Dinamica Generale a settembre 2026\",\"isPartOf\":{\"@id\":\"https:\\\/\\\/www.dinamicagenerale.com\\\/it\\\/#website\"},\"primaryImageOfPage\":{\"@id\":\"https:\\\/\\\/www.dinamicagenerale.com\\\/it\\\/dove-troverai-dinamica-generale-a-settembre-2026\\\/#primaryimage\"},\"image\":{\"@id\":\"https:\\\/\\\/www.dinamicagenerale.com\\\/it\\\/dove-troverai-dinamica-generale-a-settembre-2026\\\/#primaryimage\"},\"thumbnailUrl\":\"https:\\\/\\\/www.dinamicagenerale.com\\\/wp-content\\\/uploads\\\/2026\\\/08\\\/Where-to-meet-Dinamica-Generale-in-September-2026.png\",\"datePublished\":\"2026-09-02T07:25:00+00:00\",\"author\":{\"@id\":\"https:\\\/\\\/www.dinamicagenerale.com\\\/it\\\/#\\\/schema\\\/person\\\/a5c006ed54fc259d80e205e87334fd4e\"},\"description\":\"Scopri dove potrai incontrare Dinamica Generale a settembre 2026: all\u2019ECPLF in Spagna, allo SPACE in Francia, all\u2019AGRO SHOW in Polonia e al World Dairy Expo negli Stati Uniti.\",\"breadcrumb\":{\"@id\":\"https:\\\/\\\/www.dinamicagenerale.com\\\/it\\\/dove-troverai-dinamica-generale-a-settembre-2026\\\/#breadcrumb\"},\"inLanguage\":\"it-IT\",\"potentialAction\":[{\"@type\":\"ReadAction\",\"target\":[\"https:\\\/\\\/www.dinamicagenerale.com\\\/it\\\/dove-troverai-dinamica-generale-a-settembre-2026\\\/\"]}]},{\"@type\":\"ImageObject\",\"inLanguage\":\"it-IT\",\"@id\":\"https:\\\/\\\/www.dinamicagenerale.com\\\/it\\\/dove-troverai-dinamica-generale-a-settembre-2026\\\/#primaryimage\",\"url\":\"https:\\\/\\\/www.dinamicagenerale.com\\\/wp-content\\\/uploads\\\/2026\\\/08\\\/Where-to-meet-Dinamica-Generale-in-September-2026.png\",\"contentUrl\":\"https:\\\/\\\/www.dinamicagenerale.com\\\/wp-content\\\/uploads\\\/2026\\\/08\\\/Where-to-meet-Dinamica-Generale-in-September-2026.png\",\"width\":2362,\"height\":1217},{\"@type\":\"BreadcrumbList\",\"@id\":\"https:\\\/\\\/www.dinamicagenerale.com\\\/it\\\/dove-troverai-dinamica-generale-a-settembre-2026\\\/#breadcrumb\",\"itemListElement\":[{\"@type\":\"ListItem\",\"position\":1,\"name\":\"Home\",\"item\":\"https:\\\/\\\/www.dinamicagenerale.com\\\/it\\\/divisioni\\\/\"},{\"@type\":\"ListItem\",\"position\":2,\"name\":\"Dove troverai Dinamica Generale a settembre 2026\"}]},{\"@type\":\"WebSite\",\"@id\":\"https:\\\/\\\/www.dinamicagenerale.com\\\/it\\\/#website\",\"url\":\"https:\\\/\\\/www.dinamicagenerale.com\\\/it\\\/\",\"name\":\"Dinamica Generale\",\"description\":\"\",\"potentialAction\":[{\"@type\":\"SearchAction\",\"target\":{\"@type\":\"EntryPoint\",\"urlTemplate\":\"https:\\\/\\\/www.dinamicagenerale.com\\\/it\\\/?s={search_term_string}\"},\"query-input\":{\"@type\":\"PropertyValueSpecification\",\"valueRequired\":true,\"valueName\":\"search_term_string\"}}],\"inLanguage\":\"it-IT\"},{\"@type\":\"Person\",\"@id\":\"https:\\\/\\\/www.dinamicagenerale.com\\\/it\\\/#\\\/schema\\\/person\\\/a5c006ed54fc259d80e205e87334fd4e\",\"name\":\"leonardoparmeggiani\",\"image\":{\"@type\":\"ImageObject\",\"inLanguage\":\"it-IT\",\"@id\":\"https:\\\/\\\/secure.gravatar.com\\\/avatar\\\/35c1e41d17eff04f4dc47409276969d2f6a1822502e0fd6396ed7c623180ec0f?s=96&d=mm&r=g\",\"url\":\"https:\\\/\\\/secure.gravatar.com\\\/avatar\\\/35c1e41d17eff04f4dc47409276969d2f6a1822502e0fd6396ed7c623180ec0f?s=96&d=mm&r=g\",\"contentUrl\":\"https:\\\/\\\/secure.gravatar.com\\\/avatar\\\/35c1e41d17eff04f4dc47409276969d2f6a1822502e0fd6396ed7c623180ec0f?s=96&d=mm&r=g\",\"caption\":\"leonardoparmeggiani\"}}]}<\/script>\n<!-- \/ Yoast SEO plugin. -->","yoast_head_json":{"title":"Dove trovare Dinamica Generale a settembre 2026","description":"Scopri dove potrai incontrare Dinamica Generale a settembre 2026: all\u2019ECPLF in Spagna, allo SPACE in Francia, all\u2019AGRO SHOW in Polonia e al World Dairy Expo negli Stati Uniti.","robots":{"index":"index","follow":"follow","max-snippet":"max-snippet:-1","max-image-preview":"max-image-preview:large","max-video-preview":"max-video-preview:-1"},"canonical":"https:\/\/www.dinamicagenerale.com\/it\/dove-troverai-dinamica-generale-a-settembre-2026\/","og_locale":"it_IT","og_type":"article","og_title":"Dove trovare Dinamica Generale a settembre 2026","og_description":"Scopri dove potrai incontrare Dinamica Generale a settembre 2026: all\u2019ECPLF in Spagna, allo SPACE in Francia, all\u2019AGRO SHOW in Polonia e al World Dairy Expo negli Stati Uniti.","og_url":"https:\/\/www.dinamicagenerale.com\/it\/dove-troverai-dinamica-generale-a-settembre-2026\/","og_site_name":"Dinamica Generale","article_published_time":"2026-09-02T07:25:00+00:00","og_image":[{"width":1024,"height":528,"url":"https:\/\/www.dinamicagenerale.com\/wp-content\/uploads\/2026\/08\/Where-to-meet-Dinamica-Generale-in-September-2026-1024x528.png","type":"image\/png"}],"author":"leonardoparmeggiani","twitter_card":"summary_large_image","twitter_misc":{"Scritto da":"leonardoparmeggiani","Tempo di lettura stimato":"3 minuti"},"schema":{"@context":"https:\/\/schema.org","@graph":[{"@type":"Article","@id":"https:\/\/www.dinamicagenerale.com\/it\/dove-troverai-dinamica-generale-a-settembre-2026\/#article","isPartOf":{"@id":"https:\/\/www.dinamicagenerale.com\/it\/dove-troverai-dinamica-generale-a-settembre-2026\/"},"author":{"name":"leonardoparmeggiani","@id":"https:\/\/www.dinamicagenerale.com\/it\/#\/schema\/person\/a5c006ed54fc259d80e205e87334fd4e"},"headline":"Dove troverai Dinamica Generale a settembre 2026","datePublished":"2026-09-02T07:25:00+00:00","mainEntityOfPage":{"@id":"https:\/\/www.dinamicagenerale.com\/it\/dove-troverai-dinamica-generale-a-settembre-2026\/"},"wordCount":650,"image":{"@id":"https:\/\/www.dinamicagenerale.com\/it\/dove-troverai-dinamica-generale-a-settembre-2026\/#primaryimage"},"thumbnailUrl":"https:\/\/www.dinamicagenerale.com\/wp-content\/uploads\/2026\/08\/Where-to-meet-Dinamica-Generale-in-September-2026.png","articleSection":["Azienda"],"inLanguage":"it-IT"},{"@type":"WebPage","@id":"https:\/\/www.dinamicagenerale.com\/it\/dove-troverai-dinamica-generale-a-settembre-2026\/","url":"https:\/\/www.dinamicagenerale.com\/it\/dove-troverai-dinamica-generale-a-settembre-2026\/","name":"Dove trovare Dinamica Generale a settembre 2026","isPartOf":{"@id":"https:\/\/www.dinamicagenerale.com\/it\/#website"},"primaryImageOfPage":{"@id":"https:\/\/www.dinamicagenerale.com\/it\/dove-troverai-dinamica-generale-a-settembre-2026\/#primaryimage"},"image":{"@id":"https:\/\/www.dinamicagenerale.com\/it\/dove-troverai-dinamica-generale-a-settembre-2026\/#primaryimage"},"thumbnailUrl":"https:\/\/www.dinamicagenerale.com\/wp-content\/uploads\/2026\/08\/Where-to-meet-Dinamica-Generale-in-September-2026.png","datePublished":"2026-09-02T07:25:00+00:00","author":{"@id":"https:\/\/www.dinamicagenerale.com\/it\/#\/schema\/person\/a5c006ed54fc259d80e205e87334fd4e"},"description":"Scopri dove potrai incontrare Dinamica Generale a settembre 2026: all\u2019ECPLF in Spagna, allo SPACE in Francia, all\u2019AGRO SHOW in Polonia e al World Dairy Expo negli Stati Uniti.","breadcrumb":{"@id":"https:\/\/www.dinamicagenerale.com\/it\/dove-troverai-dinamica-generale-a-settembre-2026\/#breadcrumb"},"inLanguage":"it-IT","potentialAction":[{"@type":"ReadAction","target":["https:\/\/www.dinamicagenerale.com\/it\/dove-troverai-dinamica-generale-a-settembre-2026\/"]}]},{"@type":"ImageObject","inLanguage":"it-IT","@id":"https:\/\/www.dinamicagenerale.com\/it\/dove-troverai-dinamica-generale-a-settembre-2026\/#primaryimage","url":"https:\/\/www.dinamicagenerale.com\/wp-content\/uploads\/2026\/08\/Where-to-meet-Dinamica-Generale-in-September-2026.png","contentUrl":"https:\/\/www.dinamicagenerale.com\/wp-content\/uploads\/2026\/08\/Where-to-meet-Dinamica-Generale-in-September-2026.png","width":2362,"height":1217},{"@type":"BreadcrumbList","@id":"https:\/\/www.dinamicagenerale.com\/it\/dove-troverai-dinamica-generale-a-settembre-2026\/#breadcrumb","itemListElement":[{"@type":"ListItem","position":1,"name":"Home","item":"https:\/\/www.dinamicagenerale.com\/it\/divisioni\/"},{"@type":"ListItem","position":2,"name":"Dove troverai Dinamica Generale a settembre 2026"}]},{"@type":"WebSite","@id":"https:\/\/www.dinamicagenerale.com\/it\/#website","url":"https:\/\/www.dinamicagenerale.com\/it\/","name":"Dinamica Generale","description":"","potentialAction":[{"@type":"SearchAction","target":{"@type":"EntryPoint","urlTemplate":"https:\/\/www.dinamicagenerale.com\/it\/?s={search_term_string}"},"query-input":{"@type":"PropertyValueSpecification","valueRequired":true,"valueName":"search_term_string"}}],"inLanguage":"it-IT"},{"@type":"Person","@id":"https:\/\/www.dinamicagenerale.com\/it\/#\/schema\/person\/a5c006ed54fc259d80e205e87334fd4e","name":"leonardoparmeggiani","image":{"@type":"ImageObject","inLanguage":"it-IT","@id":"https:\/\/secure.gravatar.com\/avatar\/35c1e41d17eff04f4dc47409276969d2f6a1822502e0fd6396ed7c623180ec0f?s=96&d=mm&r=g","url":"https:\/\/secure.gravatar.com\/avatar\/35c1e41d17eff04f4dc47409276969d2f6a1822502e0fd6396ed7c623180ec0f?s=96&d=mm&r=g","contentUrl":"https:\/\/secure.gravatar.com\/avatar\/35c1e41d17eff04f4dc47409276969d2f6a1822502e0fd6396ed7c623180ec0f?s=96&d=mm&r=g","caption":"leonardoparmeggiani"}}]}},"_links":{"self":[{"href":"https:\/\/www.dinamicagenerale.com\/it\/wp-json\/wp\/v2\/posts\/54593","targetHints":{"allow":["GET"]}}],"collection":[{"href":"https:\/\/www.dinamicagenerale.com\/it\/wp-json\/wp\/v2\/posts"}],"about":[{"href":"https:\/\/www.dinamicagenerale.com\/it\/wp-json\/wp\/v2\/types\/post"}],"author":[{"embeddable":true,"href":"https:\/\/www.dinamicagenerale.com\/it\/wp-json\/wp\/v2\/users\/5"}],"replies":[{"embeddable":true,"href":"https:\/\/www.dinamicagenerale.com\/it\/wp-json\/wp\/v2\/comments?post=54593"}],"version-history":[{"count":2,"href":"https:\/\/www.dinamicagenerale.com\/it\/wp-json\/wp\/v2\/posts\/54593\/revisions"}],"predecessor-version":[{"id":54612,"href":"https:\/\/www.dinamicagenerale.com\/it\/wp-json\/wp\/v2\/posts\/54593\/revisions\/54612"}],"wp:featuredmedia":[{"embeddable":true,"href":"https:\/\/www.dinamicagenerale.com\/it\/wp-json\/wp\/v2\/media\/54580"}],"wp:attachment":[{"href":"https:\/\/www.dinamicagenerale.com\/it\/wp-json\/wp\/v2\/media?parent=54593"}],"wp:term":[{"taxonomy":"category","embeddable":true,"href":"https:\/\/www.dinamicagenerale.com\/it\/wp-json\/wp\/v2\/categories?post=54593"},{"taxonomy":"post_tag","embeddable":true,"href":"https:\/\/www.dinamicagenerale.com\/it\/wp-json\/wp\/v2\/tags?post=54593"}],"curies":[{"name":"wp","href":"https:\/\/api.w.org\/{rel}","templated":true}]}}