{"id":54589,"date":"2026-09-02T09:25:00","date_gmt":"2026-09-02T07:25:00","guid":{"rendered":"https:\/\/www.dinamicagenerale.com\/?p=54589"},"modified":"2026-08-27T09:45:44","modified_gmt":"2026-08-27T07:45:44","slug":"ou-retrouver-dinamica-generale-en-septembre-2026","status":"publish","type":"post","link":"https:\/\/www.dinamicagenerale.com\/fr\/ou-retrouver-dinamica-generale-en-septembre-2026\/","title":{"rendered":"O\u00f9 retrouver Dinamica Generale en septembre 2026 ?"},"content":{"rendered":"\n<p class=\"wp-block-paragraph\">Les \u0439v\u0439nements organis\u00e9s par Dinamica Generale en septembre 2026 m\u00e8neront notre \u00e9quipe de l&rsquo;Europe en Am\u00e9rique du Nord, avec quatre rendez-vous majeurs dans les secteurs de l&rsquo;agriculture et de l&rsquo;\u00e9levage.  <\/p>\n\n<p class=\"wp-block-paragraph\">Ces \u0439v\u0439nements seront consacr\u00e9s \u00e0 l&rsquo;\u00e9levage, aux machines agricoles et \u00e0 l&rsquo;agriculture de pr\u00e9cision. De plus, ils constitueront une excellente occasion de rencontrer notre \u00e9quipe et de d\u00e9couvrir nos derni\u00e8res technologies. <\/p>\n\n<p class=\"wp-block-paragraph\">De Valence \u00e0 Rennes, en passant par Bednary et Madison, voici o\u00f9 vous pourrez d\u00e9couvrir Dinamica Generale en septembre.<\/p>\n\n<h2 class=\"wp-block-heading\">ECPLF 2026 &#8211; Valence, Espagne<\/h2>\n\n<p class=\"wp-block-paragraph\">Notre p\u00e9riple de septembre d\u00e9bute \u00e0 Valence, \u00e0 l&rsquo;occasion de la Conf\u00e9rence europ\u00e9enne sur l&rsquo;\u00e9levage de pr\u00e9cision (ECPLF 2026).<\/p>\n\n<p class=\"wp-block-paragraph\">Cet \u00e9v\u00e9nement rassemble des chercheurs, des fournisseurs de technologies et des professionnels de l&rsquo;\u00e9levage. Ensemble, ils aborderont les derni\u00e8res avanc\u00e9es en mati\u00e8re d&rsquo;\u00e9levage de pr\u00e9cision. <\/p>\n\n<p class=\"wp-block-paragraph\">Dinamica Generale pr\u00e9sentera son expertise dans les domaines de l&rsquo;alimentation de pr\u00e9cision, de l&rsquo;analyse NIR et de la gestion num\u00e9rique de l&rsquo;alimentation.<\/p>\n\n<p class=\"wp-block-paragraph\">Par ailleurs, le 14 septembre, notre \u00e9quipe participera \u00e0 l&rsquo;\u00e9v\u00e9nement national de l&rsquo;ECPLF. Nous prendrons part \u00e0 la table ronde consacr\u00e9e aux avanc\u00e9es et aux d\u00e9fis de l&rsquo;innovation technologique dans le secteur de l&rsquo;\u00e9levage. <\/p>\n\n<p class=\"wp-block-paragraph\"><strong>Dates :<\/strong> 14-17 septembre 2026<br\/><strong>Lieu :<\/strong> Universitat Polit\u00e8cnica de Val\u00e8ncia. Auditorium &#8211; B\u00e2timent Nexus (UPV) <br\/><strong>Site web de l&rsquo;\u00e9v\u00e9nement :<\/strong> <a type=\"link\" href=\"https:\/\/www.ecplf2026.com\/\" id=\"https:\/\/www.ecplf2026.com\/\" target=\"_blank\" rel=\"noreferrer noopener\">ECPLF 2026<\/a><br\/><strong>Notre stand :<\/strong> 2<\/p>\n\n<p class=\"wp-block-paragraph\"><strong><a href=\"https:\/\/www.dinamicagenerale.com\/fr\/&#xE9;v&#xE9;nement\/ecplf-2026-decouvrez-nos-solutions-pour-lelevage-de-precision-dinamica-generale\/\" data-type=\"link\" data-id=\"https:\/\/www.dinamicagenerale.com\/event\/ecplf-2026-discover-our-precision-livestock-farming-solutions-dinamica-generale\/\" target=\"_blank\" rel=\"noreferrer noopener\">D\u00e9couvrez l&rsquo;ECPLF 2026<\/a><\/strong><\/p>\n\n<div class=\"wp-block-columns is-layout-flex wp-container-core-columns-is-layout-8f761849 wp-block-columns-is-layout-flex\">\n<div class=\"wp-block-column is-layout-flow wp-block-column-is-layout-flow\">\n<figure class=\"wp-block-image size-full\"><img loading=\"lazy\" decoding=\"async\" width=\"740\" height=\"380\" src=\"https:\/\/www.dinamicagenerale.com\/wp-content\/uploads\/2026\/03\/BATA-AGRO-2026-portable-nir-analyzer-dinamica-generale.png\" alt=\"\" class=\"wp-image-44097\" srcset=\"https:\/\/www.dinamicagenerale.com\/wp-content\/uploads\/2026\/03\/BATA-AGRO-2026-portable-nir-analyzer-dinamica-generale.png 740w, https:\/\/www.dinamicagenerale.com\/wp-content\/uploads\/2026\/03\/BATA-AGRO-2026-portable-nir-analyzer-dinamica-generale-300x154.png 300w\" sizes=\"auto, (max-width: 740px) 100vw, 740px\" \/><\/figure>\n<\/div>\n\n\n\n<div class=\"wp-block-column is-layout-flow wp-block-column-is-layout-flow\">\n<figure class=\"wp-block-image size-full\"><img decoding=\"async\" src=\"https:\/\/www.dinamicagenerale.com\/wp-content\/uploads\/2026\/03\/BATA-AGRO-2026-DTM-&#x2013;-Digital-Feeding-Management-dinamica-generale.png\" alt=\"\" class=\"wp-image-44107\"\/><\/figure>\n<\/div>\n<\/div>\n\n<h2 class=\"wp-block-heading\">SPACE 2026 &#8211; Rennes, France<\/h2>\n\n<p class=\"wp-block-paragraph\">Par ailleurs, notre \u00e9quipe sera \u00e9galement pr\u00e9sente \u00e0 Rennes \u00e0 l&rsquo;occasion du salon SPACE 2026.<\/p>\n\n<p class=\"wp-block-paragraph\">Cet \u00e9v\u00e9nement constitue l&rsquo;un des principaux rendez-vous internationaux du secteur de l&rsquo;\u00e9levage. Il repr\u00e9sente donc une occasion importante de rencontrer des \u00e9leveurs, des professionnels et des fournisseurs de technologies issus de diff\u00e9rents march\u00e9s. <\/p>\n\n<p class=\"wp-block-paragraph\">Au salon SPACE, Dinamica Generale pr\u00e9sentera des solutions con\u00e7ues pour rendre les op\u00e9rations d&rsquo;alimentation plus pr\u00e9cises, plus quantifiables et mieux connect\u00e9es.<\/p>\n\n<p class=\"wp-block-paragraph\">Les visiteurs pourront d\u00e9couvrir nos technologies en mati\u00e8re d&rsquo;alimentation de pr\u00e9cision, d&rsquo;analyse NIR portable et de gestion num\u00e9rique de l&rsquo;alimentation gr\u00e2ce \u00e0 DTM.<\/p>\n\n<p class=\"wp-block-paragraph\"><strong>Dates :<\/strong> du 15 au 17 septembre 2026<br\/><strong>Lieu :<\/strong> Rennes, France<br\/><strong>Stand :<\/strong> Hall 2\/3 \u2013 Stand C42<br\/><strong>Horaires :<\/strong> de 9 h \u00e0 19 h<br\/><strong>Site web :<\/strong> <a href=\"https:\/\/www.space.fr\/en\">SPACE 2026<\/a><\/p>\n\n<p class=\"wp-block-paragraph\"><strong><a href=\"https:\/\/www.dinamicagenerale.com\/fr\/&#xE9;v&#xE9;nement\/space-2026-alimentation-de-precision-et-technologies-nir-dinamica-generale\/\" data-type=\"link\" data-id=\"https:\/\/www.dinamicagenerale.com\/event\/space-2026-precision-feeding-nir-technologies-dinamica-generale\/\" target=\"_blank\" rel=\"noreferrer noopener\">Venez nous rencontrer au salon SPACE 2026<\/a><\/strong><\/p>\n\n<h2 class=\"wp-block-heading\">AGRO SHOW 2026 &#8211; Bednary, Pologne<\/h2>\n\n<p class=\"wp-block-paragraph\">Prochainement, Dinamica Generale se rendra en Pologne pour participer au salon AGRO SHOW 2026 \u00e0 Bednary.<\/p>\n\n<p class=\"wp-block-paragraph\">Ce salon constitue un rendez-vous incontournable du secteur des machines agricoles en Europe centrale et orientale. \u00c0 cette occasion, nous mettrons l&rsquo;accent sur les technologies qui apportent davantage de pr\u00e9cision directement aux machines agricoles. <\/p>\n\n<p class=\"wp-block-paragraph\">Les visiteurs pourront notamment d\u00e9couvrir nos solutions en mati\u00e8re de pesage, d&rsquo;analyse NIR, d&rsquo;agriculture de pr\u00e9cision et de gestion num\u00e9rique des donn\u0439es.<\/p>\n\n<p class=\"wp-block-paragraph\">Ces technologies aident les op\u00e9rateurs \u00e0 recueillir des informations utiles directement lors des interventions sur le terrain. Elles leur permettent ainsi d&rsquo;am\u00e9liorer le contr\u00f4le, l&rsquo;efficacit\u00e9 et la tra\u00e7abilit\u00e9. <\/p>\n\n<p class=\"wp-block-paragraph\"><strong>Dates :<\/strong> du 18 au 20 septembre 2026<br\/><strong>Lieu :<\/strong> Bednary, Pologne<br\/><strong>Stand :<\/strong> Stand BIOMIX \u2013 n\u00b0 36, secteur B<br\/><strong>Horaires :<\/strong> de 9 h \u00e0 19 h<br\/><strong>Site web :<\/strong> <a href=\"https:\/\/agroshow.pl\/agroshow\/en\" target=\"_blank\" rel=\"noreferrer noopener\">AGRO SHOW<\/a><\/p>\n\n<p class=\"wp-block-paragraph\"><strong><a href=\"https:\/\/www.dinamicagenerale.com\/fr\/&#xE9;v&#xE9;nement\/agro-show-2026-alimentation-de-precision-et-solutions-nir-sur-melangeur-dinamica-generale\/\" data-type=\"link\" data-id=\"https:\/\/www.dinamicagenerale.com\/event\/agro-show-2026-precision-feeding-on-mixer-nir-solutions-dinamica-generale\/\" target=\"_blank\" rel=\"noreferrer noopener\">D\u00e9couvrez AGRO SHOW 2026<\/a><\/strong><\/p>\n\n<div class=\"wp-block-columns is-layout-flex wp-container-core-columns-is-layout-8f761849 wp-block-columns-is-layout-flex\">\n<div class=\"wp-block-column is-layout-flow wp-block-column-is-layout-flow\">\n<figure class=\"wp-block-image size-full\"><img loading=\"lazy\" decoding=\"async\" width=\"740\" height=\"380\" src=\"https:\/\/www.dinamicagenerale.com\/wp-content\/uploads\/2026\/03\/space-2026-precision-feeding-reliable-weighing-systems-dinamica-generale.png\" alt=\"\" class=\"wp-image-43017\" srcset=\"https:\/\/www.dinamicagenerale.com\/wp-content\/uploads\/2026\/03\/space-2026-precision-feeding-reliable-weighing-systems-dinamica-generale.png 740w, https:\/\/www.dinamicagenerale.com\/wp-content\/uploads\/2026\/03\/space-2026-precision-feeding-reliable-weighing-systems-dinamica-generale-300x154.png 300w\" sizes=\"auto, (max-width: 740px) 100vw, 740px\" \/><\/figure>\n<\/div>\n\n\n\n<div class=\"wp-block-column is-layout-flow wp-block-column-is-layout-flow\">\n<figure class=\"wp-block-image size-full\"><img loading=\"lazy\" decoding=\"async\" width=\"740\" height=\"380\" src=\"https:\/\/www.dinamicagenerale.com\/wp-content\/uploads\/2026\/03\/space-2026-precision-feeding-nir-on-tank-dinamica-generale.png\" alt=\"\" class=\"wp-image-42996\" srcset=\"https:\/\/www.dinamicagenerale.com\/wp-content\/uploads\/2026\/03\/space-2026-precision-feeding-nir-on-tank-dinamica-generale.png 740w, https:\/\/www.dinamicagenerale.com\/wp-content\/uploads\/2026\/03\/space-2026-precision-feeding-nir-on-tank-dinamica-generale-300x154.png 300w\" sizes=\"auto, (max-width: 740px) 100vw, 740px\" \/><\/figure>\n<\/div>\n<\/div>\n\n<h2 class=\"wp-block-heading\">World Dairy Expo 2026 &#8211; Madison, Wisconsin, \u00c9tats-Unis<\/h2>\n\n<p class=\"wp-block-paragraph\">Enfin, en septembre, Dinamica Generale traversera l&rsquo;Atlantique.<\/p>\n\n<p class=\"wp-block-paragraph\">Notre \u00e9quipe se rendra \u00e0 Madison, dans le Wisconsin, \u00e0 l&rsquo;occasion du World Dairy Expo 2026. Cet \u00e9v\u00e9nement constitue l&rsquo;un des rendez-vous internationaux les plus importants du secteur laitier. <\/p>\n\n<p class=\"wp-block-paragraph\">Il rassemble des agriculteurs, des nutritionnistes, des distributeurs, des \u00e9quipementiers et des professionnels du secteur laitier du monde entier.<\/p>\n\n<p class=\"wp-block-paragraph\">Lors du salon World Dairy Expo, Dinamica Generale pr\u00e9sentera ses solutions en mati\u00e8re d&rsquo;alimentation de pr\u00e9cision et de gestion des exploitations laiti\u00e8res.<\/p>\n\n<p class=\"wp-block-paragraph\">Nos technologies associent des syst\u00e8mes de pesage, l&rsquo;analyse NIR et des outils num\u00e9riques. Les exploitations agricoles peuvent ainsi am\u00e9liorer la r\u00e9gularit\u00e9 de l&rsquo;alimentation, suivre les performances et exploiter au mieux leurs donn\u00e9es. <\/p>\n\n<p class=\"wp-block-paragraph\"><strong>Dates :<\/strong> du 29 septembre au 2 octobre 2026<br\/><strong>Lieu :<\/strong> Madison, Wisconsin, \u00c9tats-Unis<br\/><strong>Stand :<\/strong> n\u00b0 2009<br\/><strong>Horaires :<\/strong> de 9 h \u00e0 19 h<br\/><strong>Site web :<\/strong> <a href=\"https:\/\/worlddairyexpo.com\/\" target=\"_blank\" rel=\"noreferrer noopener\">World Dairy Expo<\/a><\/p>\n\n<p class=\"wp-block-paragraph\"><strong><a href=\"https:\/\/www.dinamicagenerale.com\/fr\/&#xE9;v&#xE9;nement\/world-dairy-expo-2026-lalimentation-de-precision-pour-des-laiteries-performantes-dinamica-generale\/\" data-type=\"link\" data-id=\"https:\/\/www.dinamicagenerale.com\/event\/world-dairy-expo-2026-precision-feeding-for-high-performance-dairies-dinamica-generale\/\" target=\"_blank\" rel=\"noreferrer noopener\">Venez nous rendre visite au salon World Dairy Expo<\/a><\/strong><\/p>\n\n<h3 class=\"wp-block-heading\">Quatre \u0439v\u0439nements. Un mois. Un objectif : rendre l&rsquo;agriculture plus pr\u00e9cise.  <\/h3>\n\n<p class=\"wp-block-paragraph\">En septembre, Dinamica Generale se produira en Espagne, en France, en Pologne et aux \u00c9tats-Unis.<\/p>\n\n<p class=\"wp-block-paragraph\">Chaque \u0439v\u00e8nement sera consacr\u00e9 \u00e0 un aspect diff\u00e9rent de l&rsquo;agriculture moderne. L&rsquo;objectif reste toutefois le m\u00eame : utiliser la technologie et les donn\u00e9es pour am\u00e9liorer l&rsquo;efficacit\u00e9 et le contr\u00f4le. <\/p>\n\n<p class=\"wp-block-paragraph\"><strong>Allez-vous participer \u00e0 l&rsquo;un de ces \u0439v\u0439nements ?<\/strong><\/p>\n\n<p class=\"wp-block-paragraph\">Venez rencontrer l&rsquo;\u00e9quipe de Dinamica Generale et d\u00e9couvrez comment nos technologies peuvent vous aider \u00e0 mener \u00e0 bien votre prochain projet. Remplissez le formulaire ci-dessous ! <\/p>\n","protected":false},"excerpt":{"rendered":"<p>Les \u0439v\u0439nements organis\u00e9s par Dinamica Generale en septembre 2026 m\u00e8neront notre \u00e9quipe de l&rsquo;Europe en Am\u00e9rique du Nord, avec quatre [&hellip;]<\/p>\n","protected":false},"author":5,"featured_media":54578,"comment_status":"closed","ping_status":"closed","sticky":false,"template":"","format":"standard","meta":{"footnotes":""},"categories":[1188],"tags":[],"class_list":["post-54589","post","type-post","status-publish","format-standard","has-post-thumbnail","hentry","category-entreprise"],"yoast_head":"<!-- This site is optimized with the Yoast SEO plugin v28.0 - https:\/\/yoast.com\/product\/yoast-seo-wordpress\/ -->\n<title>O\u00f9 rencontrer Dinamica Generale en septembre 2026 ?<\/title>\n<meta name=\"description\" content=\"D\u00e9couvrez o\u00f9 vous pourrez rencontrer Dinamica Generale en septembre 2026 : \u00e0 l&#039;ECPLF en Espagne, au SPACE en France, \u00e0 l&#039;AGRO SHOW en Pologne et au World Dairy Expo aux \u00c9tats-Unis.\" \/>\n<meta name=\"robots\" content=\"index, follow, max-snippet:-1, max-image-preview:large, max-video-preview:-1\" \/>\n<link rel=\"canonical\" href=\"https:\/\/www.dinamicagenerale.com\/fr\/ou-retrouver-dinamica-generale-en-septembre-2026\/\" \/>\n<meta property=\"og:locale\" content=\"fr_FR\" \/>\n<meta property=\"og:type\" content=\"article\" \/>\n<meta property=\"og:title\" content=\"O\u00f9 rencontrer Dinamica Generale en septembre 2026 ?\" \/>\n<meta property=\"og:description\" content=\"D\u00e9couvrez o\u00f9 vous pourrez rencontrer Dinamica Generale en septembre 2026 : \u00e0 l&#039;ECPLF en Espagne, au SPACE en France, \u00e0 l&#039;AGRO SHOW en Pologne et au World Dairy Expo aux \u00c9tats-Unis.\" \/>\n<meta property=\"og:url\" content=\"https:\/\/www.dinamicagenerale.com\/fr\/ou-retrouver-dinamica-generale-en-septembre-2026\/\" \/>\n<meta property=\"og:site_name\" content=\"Dinamica Generale\" \/>\n<meta property=\"article:published_time\" content=\"2026-09-02T07:25:00+00:00\" \/>\n<meta property=\"og:image\" content=\"https:\/\/www.dinamicagenerale.com\/wp-content\/uploads\/2026\/08\/Where-to-meet-Dinamica-Generale-in-September-2026-1024x528.png\" \/>\n\t<meta property=\"og:image:width\" content=\"1024\" \/>\n\t<meta property=\"og:image:height\" content=\"528\" \/>\n\t<meta property=\"og:image:type\" content=\"image\/png\" \/>\n<meta name=\"author\" content=\"leonardoparmeggiani\" \/>\n<meta name=\"twitter:card\" content=\"summary_large_image\" \/>\n<meta name=\"twitter:label1\" content=\"\u00c9crit par\" \/>\n\t<meta name=\"twitter:data1\" content=\"leonardoparmeggiani\" \/>\n\t<meta name=\"twitter:label2\" content=\"Dur\u00e9e de lecture estim\u00e9e\" \/>\n\t<meta name=\"twitter:data2\" content=\"4 minutes\" \/>\n<script type=\"application\/ld+json\" class=\"yoast-schema-graph\">{\"@context\":\"https:\\\/\\\/schema.org\",\"@graph\":[{\"@type\":\"Article\",\"@id\":\"https:\\\/\\\/www.dinamicagenerale.com\\\/fr\\\/ou-retrouver-dinamica-generale-en-septembre-2026\\\/#article\",\"isPartOf\":{\"@id\":\"https:\\\/\\\/www.dinamicagenerale.com\\\/fr\\\/ou-retrouver-dinamica-generale-en-septembre-2026\\\/\"},\"author\":{\"name\":\"leonardoparmeggiani\",\"@id\":\"https:\\\/\\\/www.dinamicagenerale.com\\\/fr\\\/#\\\/schema\\\/person\\\/a5c006ed54fc259d80e205e87334fd4e\"},\"headline\":\"O\u00f9 retrouver Dinamica Generale en septembre 2026 ?\",\"datePublished\":\"2026-09-02T07:25:00+00:00\",\"mainEntityOfPage\":{\"@id\":\"https:\\\/\\\/www.dinamicagenerale.com\\\/fr\\\/ou-retrouver-dinamica-generale-en-septembre-2026\\\/\"},\"wordCount\":781,\"image\":{\"@id\":\"https:\\\/\\\/www.dinamicagenerale.com\\\/fr\\\/ou-retrouver-dinamica-generale-en-septembre-2026\\\/#primaryimage\"},\"thumbnailUrl\":\"https:\\\/\\\/www.dinamicagenerale.com\\\/wp-content\\\/uploads\\\/2026\\\/08\\\/Where-to-meet-Dinamica-Generale-in-September-2026.png\",\"articleSection\":[\"Entreprise\"],\"inLanguage\":\"fr-FR\"},{\"@type\":\"WebPage\",\"@id\":\"https:\\\/\\\/www.dinamicagenerale.com\\\/fr\\\/ou-retrouver-dinamica-generale-en-septembre-2026\\\/\",\"url\":\"https:\\\/\\\/www.dinamicagenerale.com\\\/fr\\\/ou-retrouver-dinamica-generale-en-septembre-2026\\\/\",\"name\":\"O\u00f9 rencontrer Dinamica Generale en septembre 2026 ?\",\"isPartOf\":{\"@id\":\"https:\\\/\\\/www.dinamicagenerale.com\\\/fr\\\/#website\"},\"primaryImageOfPage\":{\"@id\":\"https:\\\/\\\/www.dinamicagenerale.com\\\/fr\\\/ou-retrouver-dinamica-generale-en-septembre-2026\\\/#primaryimage\"},\"image\":{\"@id\":\"https:\\\/\\\/www.dinamicagenerale.com\\\/fr\\\/ou-retrouver-dinamica-generale-en-septembre-2026\\\/#primaryimage\"},\"thumbnailUrl\":\"https:\\\/\\\/www.dinamicagenerale.com\\\/wp-content\\\/uploads\\\/2026\\\/08\\\/Where-to-meet-Dinamica-Generale-in-September-2026.png\",\"datePublished\":\"2026-09-02T07:25:00+00:00\",\"author\":{\"@id\":\"https:\\\/\\\/www.dinamicagenerale.com\\\/fr\\\/#\\\/schema\\\/person\\\/a5c006ed54fc259d80e205e87334fd4e\"},\"description\":\"D\u00e9couvrez o\u00f9 vous pourrez rencontrer Dinamica Generale en septembre 2026 : \u00e0 l'ECPLF en Espagne, au SPACE en France, \u00e0 l'AGRO SHOW en Pologne et au World Dairy Expo aux \u00c9tats-Unis.\",\"breadcrumb\":{\"@id\":\"https:\\\/\\\/www.dinamicagenerale.com\\\/fr\\\/ou-retrouver-dinamica-generale-en-septembre-2026\\\/#breadcrumb\"},\"inLanguage\":\"fr-FR\",\"potentialAction\":[{\"@type\":\"ReadAction\",\"target\":[\"https:\\\/\\\/www.dinamicagenerale.com\\\/fr\\\/ou-retrouver-dinamica-generale-en-septembre-2026\\\/\"]}]},{\"@type\":\"ImageObject\",\"inLanguage\":\"fr-FR\",\"@id\":\"https:\\\/\\\/www.dinamicagenerale.com\\\/fr\\\/ou-retrouver-dinamica-generale-en-septembre-2026\\\/#primaryimage\",\"url\":\"https:\\\/\\\/www.dinamicagenerale.com\\\/wp-content\\\/uploads\\\/2026\\\/08\\\/Where-to-meet-Dinamica-Generale-in-September-2026.png\",\"contentUrl\":\"https:\\\/\\\/www.dinamicagenerale.com\\\/wp-content\\\/uploads\\\/2026\\\/08\\\/Where-to-meet-Dinamica-Generale-in-September-2026.png\",\"width\":2362,\"height\":1217},{\"@type\":\"BreadcrumbList\",\"@id\":\"https:\\\/\\\/www.dinamicagenerale.com\\\/fr\\\/ou-retrouver-dinamica-generale-en-septembre-2026\\\/#breadcrumb\",\"itemListElement\":[{\"@type\":\"ListItem\",\"position\":1,\"name\":\"Home\",\"item\":\"https:\\\/\\\/www.dinamicagenerale.com\\\/fr\\\/divisions\\\/\"},{\"@type\":\"ListItem\",\"position\":2,\"name\":\"O\u00f9 retrouver Dinamica Generale en septembre 2026 ?\"}]},{\"@type\":\"WebSite\",\"@id\":\"https:\\\/\\\/www.dinamicagenerale.com\\\/fr\\\/#website\",\"url\":\"https:\\\/\\\/www.dinamicagenerale.com\\\/fr\\\/\",\"name\":\"Dinamica Generale\",\"description\":\"\",\"potentialAction\":[{\"@type\":\"SearchAction\",\"target\":{\"@type\":\"EntryPoint\",\"urlTemplate\":\"https:\\\/\\\/www.dinamicagenerale.com\\\/fr\\\/?s={search_term_string}\"},\"query-input\":{\"@type\":\"PropertyValueSpecification\",\"valueRequired\":true,\"valueName\":\"search_term_string\"}}],\"inLanguage\":\"fr-FR\"},{\"@type\":\"Person\",\"@id\":\"https:\\\/\\\/www.dinamicagenerale.com\\\/fr\\\/#\\\/schema\\\/person\\\/a5c006ed54fc259d80e205e87334fd4e\",\"name\":\"leonardoparmeggiani\",\"image\":{\"@type\":\"ImageObject\",\"inLanguage\":\"fr-FR\",\"@id\":\"https:\\\/\\\/secure.gravatar.com\\\/avatar\\\/35c1e41d17eff04f4dc47409276969d2f6a1822502e0fd6396ed7c623180ec0f?s=96&d=mm&r=g\",\"url\":\"https:\\\/\\\/secure.gravatar.com\\\/avatar\\\/35c1e41d17eff04f4dc47409276969d2f6a1822502e0fd6396ed7c623180ec0f?s=96&d=mm&r=g\",\"contentUrl\":\"https:\\\/\\\/secure.gravatar.com\\\/avatar\\\/35c1e41d17eff04f4dc47409276969d2f6a1822502e0fd6396ed7c623180ec0f?s=96&d=mm&r=g\",\"caption\":\"leonardoparmeggiani\"}}]}<\/script>\n<!-- \/ Yoast SEO plugin. -->","yoast_head_json":{"title":"O\u00f9 rencontrer Dinamica Generale en septembre 2026 ?","description":"D\u00e9couvrez o\u00f9 vous pourrez rencontrer Dinamica Generale en septembre 2026 : \u00e0 l'ECPLF en Espagne, au SPACE en France, \u00e0 l'AGRO SHOW en Pologne et au World Dairy Expo aux \u00c9tats-Unis.","robots":{"index":"index","follow":"follow","max-snippet":"max-snippet:-1","max-image-preview":"max-image-preview:large","max-video-preview":"max-video-preview:-1"},"canonical":"https:\/\/www.dinamicagenerale.com\/fr\/ou-retrouver-dinamica-generale-en-septembre-2026\/","og_locale":"fr_FR","og_type":"article","og_title":"O\u00f9 rencontrer Dinamica Generale en septembre 2026 ?","og_description":"D\u00e9couvrez o\u00f9 vous pourrez rencontrer Dinamica Generale en septembre 2026 : \u00e0 l'ECPLF en Espagne, au SPACE en France, \u00e0 l'AGRO SHOW en Pologne et au World Dairy Expo aux \u00c9tats-Unis.","og_url":"https:\/\/www.dinamicagenerale.com\/fr\/ou-retrouver-dinamica-generale-en-septembre-2026\/","og_site_name":"Dinamica Generale","article_published_time":"2026-09-02T07:25:00+00:00","og_image":[{"width":1024,"height":528,"url":"https:\/\/www.dinamicagenerale.com\/wp-content\/uploads\/2026\/08\/Where-to-meet-Dinamica-Generale-in-September-2026-1024x528.png","type":"image\/png"}],"author":"leonardoparmeggiani","twitter_card":"summary_large_image","twitter_misc":{"\u00c9crit par":"leonardoparmeggiani","Dur\u00e9e de lecture estim\u00e9e":"4 minutes"},"schema":{"@context":"https:\/\/schema.org","@graph":[{"@type":"Article","@id":"https:\/\/www.dinamicagenerale.com\/fr\/ou-retrouver-dinamica-generale-en-septembre-2026\/#article","isPartOf":{"@id":"https:\/\/www.dinamicagenerale.com\/fr\/ou-retrouver-dinamica-generale-en-septembre-2026\/"},"author":{"name":"leonardoparmeggiani","@id":"https:\/\/www.dinamicagenerale.com\/fr\/#\/schema\/person\/a5c006ed54fc259d80e205e87334fd4e"},"headline":"O\u00f9 retrouver Dinamica Generale en septembre 2026 ?","datePublished":"2026-09-02T07:25:00+00:00","mainEntityOfPage":{"@id":"https:\/\/www.dinamicagenerale.com\/fr\/ou-retrouver-dinamica-generale-en-septembre-2026\/"},"wordCount":781,"image":{"@id":"https:\/\/www.dinamicagenerale.com\/fr\/ou-retrouver-dinamica-generale-en-septembre-2026\/#primaryimage"},"thumbnailUrl":"https:\/\/www.dinamicagenerale.com\/wp-content\/uploads\/2026\/08\/Where-to-meet-Dinamica-Generale-in-September-2026.png","articleSection":["Entreprise"],"inLanguage":"fr-FR"},{"@type":"WebPage","@id":"https:\/\/www.dinamicagenerale.com\/fr\/ou-retrouver-dinamica-generale-en-septembre-2026\/","url":"https:\/\/www.dinamicagenerale.com\/fr\/ou-retrouver-dinamica-generale-en-septembre-2026\/","name":"O\u00f9 rencontrer Dinamica Generale en septembre 2026 ?","isPartOf":{"@id":"https:\/\/www.dinamicagenerale.com\/fr\/#website"},"primaryImageOfPage":{"@id":"https:\/\/www.dinamicagenerale.com\/fr\/ou-retrouver-dinamica-generale-en-septembre-2026\/#primaryimage"},"image":{"@id":"https:\/\/www.dinamicagenerale.com\/fr\/ou-retrouver-dinamica-generale-en-septembre-2026\/#primaryimage"},"thumbnailUrl":"https:\/\/www.dinamicagenerale.com\/wp-content\/uploads\/2026\/08\/Where-to-meet-Dinamica-Generale-in-September-2026.png","datePublished":"2026-09-02T07:25:00+00:00","author":{"@id":"https:\/\/www.dinamicagenerale.com\/fr\/#\/schema\/person\/a5c006ed54fc259d80e205e87334fd4e"},"description":"D\u00e9couvrez o\u00f9 vous pourrez rencontrer Dinamica Generale en septembre 2026 : \u00e0 l'ECPLF en Espagne, au SPACE en France, \u00e0 l'AGRO SHOW en Pologne et au World Dairy Expo aux \u00c9tats-Unis.","breadcrumb":{"@id":"https:\/\/www.dinamicagenerale.com\/fr\/ou-retrouver-dinamica-generale-en-septembre-2026\/#breadcrumb"},"inLanguage":"fr-FR","potentialAction":[{"@type":"ReadAction","target":["https:\/\/www.dinamicagenerale.com\/fr\/ou-retrouver-dinamica-generale-en-septembre-2026\/"]}]},{"@type":"ImageObject","inLanguage":"fr-FR","@id":"https:\/\/www.dinamicagenerale.com\/fr\/ou-retrouver-dinamica-generale-en-septembre-2026\/#primaryimage","url":"https:\/\/www.dinamicagenerale.com\/wp-content\/uploads\/2026\/08\/Where-to-meet-Dinamica-Generale-in-September-2026.png","contentUrl":"https:\/\/www.dinamicagenerale.com\/wp-content\/uploads\/2026\/08\/Where-to-meet-Dinamica-Generale-in-September-2026.png","width":2362,"height":1217},{"@type":"BreadcrumbList","@id":"https:\/\/www.dinamicagenerale.com\/fr\/ou-retrouver-dinamica-generale-en-septembre-2026\/#breadcrumb","itemListElement":[{"@type":"ListItem","position":1,"name":"Home","item":"https:\/\/www.dinamicagenerale.com\/fr\/divisions\/"},{"@type":"ListItem","position":2,"name":"O\u00f9 retrouver Dinamica Generale en septembre 2026 ?"}]},{"@type":"WebSite","@id":"https:\/\/www.dinamicagenerale.com\/fr\/#website","url":"https:\/\/www.dinamicagenerale.com\/fr\/","name":"Dinamica Generale","description":"","potentialAction":[{"@type":"SearchAction","target":{"@type":"EntryPoint","urlTemplate":"https:\/\/www.dinamicagenerale.com\/fr\/?s={search_term_string}"},"query-input":{"@type":"PropertyValueSpecification","valueRequired":true,"valueName":"search_term_string"}}],"inLanguage":"fr-FR"},{"@type":"Person","@id":"https:\/\/www.dinamicagenerale.com\/fr\/#\/schema\/person\/a5c006ed54fc259d80e205e87334fd4e","name":"leonardoparmeggiani","image":{"@type":"ImageObject","inLanguage":"fr-FR","@id":"https:\/\/secure.gravatar.com\/avatar\/35c1e41d17eff04f4dc47409276969d2f6a1822502e0fd6396ed7c623180ec0f?s=96&d=mm&r=g","url":"https:\/\/secure.gravatar.com\/avatar\/35c1e41d17eff04f4dc47409276969d2f6a1822502e0fd6396ed7c623180ec0f?s=96&d=mm&r=g","contentUrl":"https:\/\/secure.gravatar.com\/avatar\/35c1e41d17eff04f4dc47409276969d2f6a1822502e0fd6396ed7c623180ec0f?s=96&d=mm&r=g","caption":"leonardoparmeggiani"}}]}},"_links":{"self":[{"href":"https:\/\/www.dinamicagenerale.com\/fr\/wp-json\/wp\/v2\/posts\/54589","targetHints":{"allow":["GET"]}}],"collection":[{"href":"https:\/\/www.dinamicagenerale.com\/fr\/wp-json\/wp\/v2\/posts"}],"about":[{"href":"https:\/\/www.dinamicagenerale.com\/fr\/wp-json\/wp\/v2\/types\/post"}],"author":[{"embeddable":true,"href":"https:\/\/www.dinamicagenerale.com\/fr\/wp-json\/wp\/v2\/users\/5"}],"replies":[{"embeddable":true,"href":"https:\/\/www.dinamicagenerale.com\/fr\/wp-json\/wp\/v2\/comments?post=54589"}],"version-history":[{"count":2,"href":"https:\/\/www.dinamicagenerale.com\/fr\/wp-json\/wp\/v2\/posts\/54589\/revisions"}],"predecessor-version":[{"id":54610,"href":"https:\/\/www.dinamicagenerale.com\/fr\/wp-json\/wp\/v2\/posts\/54589\/revisions\/54610"}],"wp:featuredmedia":[{"embeddable":true,"href":"https:\/\/www.dinamicagenerale.com\/fr\/wp-json\/wp\/v2\/media\/54578"}],"wp:attachment":[{"href":"https:\/\/www.dinamicagenerale.com\/fr\/wp-json\/wp\/v2\/media?parent=54589"}],"wp:term":[{"taxonomy":"category","embeddable":true,"href":"https:\/\/www.dinamicagenerale.com\/fr\/wp-json\/wp\/v2\/categories?post=54589"},{"taxonomy":"post_tag","embeddable":true,"href":"https:\/\/www.dinamicagenerale.com\/fr\/wp-json\/wp\/v2\/tags?post=54589"}],"curies":[{"name":"wp","href":"https:\/\/api.w.org\/{rel}","templated":true}]}}