{"id":54147,"date":"2026-08-03T09:00:00","date_gmt":"2026-08-03T07:00:00","guid":{"rendered":"https:\/\/www.dinamicagenerale.com\/?p=54147"},"modified":"2026-07-31T11:07:18","modified_gmt":"2026-07-31T09:07:18","slug":"rapport-de-developpement-durable-2025-des-mesures-concretes-pour-une-entreprise-plus-responsable","status":"publish","type":"post","link":"https:\/\/www.dinamicagenerale.com\/fr\/rapport-de-developpement-durable-2025-des-mesures-concretes-pour-une-entreprise-plus-responsable\/","title":{"rendered":"Rapport de d\u00e9veloppement durable 2025 : des mesures concr\u00e8tes pour une entreprise plus responsable"},"content":{"rendered":"\n<p class=\"wp-block-paragraph\">Environnement, \u00e9nergie, ressources humaines, gouvernance, num\u00e9risation et s\u00e9curit\u00e9 : tout au long de l&rsquo;ann\u00e9e 2025, Dinamica Generale a franchi de nouvelles \u00e9tapes importantes dans le cadre de son parcours vers le d\u00e9veloppement durable.<\/p>\n\n<p class=\"wp-block-paragraph\">Un parcours articul\u00e9 autour d&rsquo;initiatives concr\u00e8tes visant \u00e0 am\u00e9liorer les espaces de l&rsquo;entreprise, \u00e0 favoriser le bien-\u00eatre des collaborateurs et \u00e0 renforcer la s\u00e9curit\u00e9, y compris sur le plan num\u00e9rique.<\/p>\n\n<h2 class=\"wp-block-heading\">De nouveaux espaces verts \u00e0 notre si\u00e8ge social<\/h2>\n\n<p class=\"wp-block-paragraph\">En 2025, un nouveau parking d&rsquo;entreprise a \u00e9t\u00e9 achev\u00e9, ainsi que la plantation de 30 arbres et l&rsquo;am\u00e9nagement de 500 m\u00b2 d&rsquo;espaces verts suppl\u00e9mentaires.<\/p>\n\n<p class=\"wp-block-paragraph\">Ce projet a contribu\u00e9 au r\u00e9am\u00e9nagement des espaces ext\u00e9rieurs entourant le si\u00e8ge social, en augmentant la part des rev\u00eatements perm\u00e9ables et en cr\u00e9ant un environnement plus agr\u00e9able et plus accueillant pour les collaborateurs et les visiteurs.<\/p>\n\n<figure class=\"wp-block-gallery has-nested-images columns-default is-cropped wp-block-gallery-1 is-layout-flex wp-block-gallery-is-layout-flex\">\n<figure class=\"wp-block-image size-full\"><img loading=\"lazy\" decoding=\"async\" width=\"586\" height=\"600\" data-id=\"54068\" src=\"https:\/\/www.dinamicagenerale.com\/wp-content\/uploads\/2026\/07\/New-Green-Spaces-at-Our-Headquarters-dinamica-generale-1.png\" alt=\"\" class=\"wp-image-54068\" srcset=\"https:\/\/www.dinamicagenerale.com\/wp-content\/uploads\/2026\/07\/New-Green-Spaces-at-Our-Headquarters-dinamica-generale-1.png 586w, https:\/\/www.dinamicagenerale.com\/wp-content\/uploads\/2026\/07\/New-Green-Spaces-at-Our-Headquarters-dinamica-generale-1-293x300.png 293w\" sizes=\"auto, (max-width: 586px) 100vw, 586px\" \/><\/figure>\n\n\n\n<figure class=\"wp-block-image size-large\"><img loading=\"lazy\" decoding=\"async\" width=\"586\" height=\"600\" data-id=\"54070\" src=\"https:\/\/www.dinamicagenerale.com\/wp-content\/uploads\/2026\/07\/New-Green-Spaces-at-Our-Headquarters-dinamica-generale-2.png\" alt=\"\" class=\"wp-image-54070\" srcset=\"https:\/\/www.dinamicagenerale.com\/wp-content\/uploads\/2026\/07\/New-Green-Spaces-at-Our-Headquarters-dinamica-generale-2.png 586w, https:\/\/www.dinamicagenerale.com\/wp-content\/uploads\/2026\/07\/New-Green-Spaces-at-Our-Headquarters-dinamica-generale-2-293x300.png 293w\" sizes=\"auto, (max-width: 586px) 100vw, 586px\" \/><\/figure>\n\n\n\n<figure class=\"wp-block-image size-large\"><img loading=\"lazy\" decoding=\"async\" width=\"586\" height=\"600\" data-id=\"54069\" src=\"https:\/\/www.dinamicagenerale.com\/wp-content\/uploads\/2026\/07\/New-Green-Spaces-at-Our-Headquarters-dinamica-generale-3.png\" alt=\"\" class=\"wp-image-54069\" srcset=\"https:\/\/www.dinamicagenerale.com\/wp-content\/uploads\/2026\/07\/New-Green-Spaces-at-Our-Headquarters-dinamica-generale-3.png 586w, https:\/\/www.dinamicagenerale.com\/wp-content\/uploads\/2026\/07\/New-Green-Spaces-at-Our-Headquarters-dinamica-generale-3-293x300.png 293w\" sizes=\"auto, (max-width: 586px) 100vw, 586px\" \/><\/figure>\n<\/figure>\n\n<h2 class=\"wp-block-heading\">Une nouvelle installation photovolta\u00efque de 60 kWc<\/h2>\n\n<p class=\"wp-block-paragraph\">Parmi les initiatives les plus importantes en mati\u00e8re d&rsquo;\u00e9nergie figure l&rsquo;installation d&rsquo;un nouveau syst\u00e8me photovolta\u00efque de 60 kWc, mise en place dans le cadre du programme de financement d\u00e9di\u00e9 aux \u00ab communaut\u00e9s d&rsquo;\u00e9nergie renouvelable \u00bb, connues en Italie sous le nom de CER.<\/p>\n\n<p class=\"wp-block-paragraph\">Ce nouveau syst\u00e8me constitue une nouvelle avanc\u00e9e vers un partage plus responsable de l&rsquo;\u00e9nergie et une production accrue \u00e0 partir de sources renouvelables, contribuant ainsi \u00e0 r\u00e9duire l&rsquo;impact environnemental des activit\u00e9s de l&rsquo;Entreprise.<\/p>\n<div class=\"wp-block-image\">\n<figure class=\"aligncenter size-large\"><img loading=\"lazy\" decoding=\"async\" width=\"1024\" height=\"528\" src=\"https:\/\/www.dinamicagenerale.com\/wp-content\/uploads\/2026\/07\/A-New-60-kWp-Photovoltaic-System-1024x528.png\" alt=\"\" class=\"wp-image-54089\" srcset=\"https:\/\/www.dinamicagenerale.com\/wp-content\/uploads\/2026\/07\/A-New-60-kWp-Photovoltaic-System-1024x528.png 1024w, https:\/\/www.dinamicagenerale.com\/wp-content\/uploads\/2026\/07\/A-New-60-kWp-Photovoltaic-System-300x155.png 300w, https:\/\/www.dinamicagenerale.com\/wp-content\/uploads\/2026\/07\/A-New-60-kWp-Photovoltaic-System-768x396.png 768w, https:\/\/www.dinamicagenerale.com\/wp-content\/uploads\/2026\/07\/A-New-60-kWp-Photovoltaic-System-1536x791.png 1536w, https:\/\/www.dinamicagenerale.com\/wp-content\/uploads\/2026\/07\/A-New-60-kWp-Photovoltaic-System-2048x1055.png 2048w\" sizes=\"auto, (max-width: 1024px) 100vw, 1024px\" \/><\/figure>\n<\/div>\n<h2 class=\"wp-block-heading\">Un espace sportif d\u00e9di\u00e9 au bien-\u00eatre des salari\u00e9s<\/h2>\n\n<p class=\"wp-block-paragraph\">Un nouvel espace d\u00e9di\u00e9 \u00e0 la gymnastique en plein air a \u00e9galement \u00e9t\u00e9 am\u00e9nag\u00e9 au sein de l&rsquo;espace vert de l&rsquo;entreprise.<\/p>\n\n<p class=\"wp-block-paragraph\">Cet espace a \u00e9t\u00e9 con\u00e7u pour favoriser l&rsquo;activit\u00e9 physique, le bien-\u00eatre et les interactions entre les employ\u00e9s, renfor\u00e7ant ainsi le lien entre la qualit\u00e9 de l&rsquo;environnement de travail et le souci de la sant\u00e9 personnelle.<\/p>\n\n<figure class=\"wp-block-gallery has-nested-images columns-default is-cropped wp-block-gallery-2 is-layout-flex wp-block-gallery-is-layout-flex\">\n<figure class=\"wp-block-image size-large\"><img loading=\"lazy\" decoding=\"async\" width=\"586\" height=\"600\" data-id=\"54099\" src=\"https:\/\/www.dinamicagenerale.com\/wp-content\/uploads\/2026\/07\/A-Sports-Area-Dedicated-to-Employee-Wellbeing-DINAMICA-GENERALE-2.png\" alt=\"\" class=\"wp-image-54099\" srcset=\"https:\/\/www.dinamicagenerale.com\/wp-content\/uploads\/2026\/07\/A-Sports-Area-Dedicated-to-Employee-Wellbeing-DINAMICA-GENERALE-2.png 586w, https:\/\/www.dinamicagenerale.com\/wp-content\/uploads\/2026\/07\/A-Sports-Area-Dedicated-to-Employee-Wellbeing-DINAMICA-GENERALE-2-293x300.png 293w\" sizes=\"auto, (max-width: 586px) 100vw, 586px\" \/><\/figure>\n\n\n\n<figure class=\"wp-block-image size-large\"><img loading=\"lazy\" decoding=\"async\" width=\"586\" height=\"600\" data-id=\"54109\" src=\"https:\/\/www.dinamicagenerale.com\/wp-content\/uploads\/2026\/07\/A-Sports-Area-Dedicated-to-Employee-Wellbeing-DINAMICA-GENERALE-1.png\" alt=\"\" class=\"wp-image-54109\" srcset=\"https:\/\/www.dinamicagenerale.com\/wp-content\/uploads\/2026\/07\/A-Sports-Area-Dedicated-to-Employee-Wellbeing-DINAMICA-GENERALE-1.png 586w, https:\/\/www.dinamicagenerale.com\/wp-content\/uploads\/2026\/07\/A-Sports-Area-Dedicated-to-Employee-Wellbeing-DINAMICA-GENERALE-1-293x300.png 293w\" sizes=\"auto, (max-width: 586px) 100vw, 586px\" \/><\/figure>\n<\/figure>\n\n<h2 class=\"wp-block-heading\">Les femmes aux postes de direction et au sein du conseil d&rsquo;administration<\/h2>\n\n<p class=\"wp-block-paragraph\">En 2025, les femmes repr\u00e9sentaient 54 % des cadres de premier \u00e9chelon de Dinamica Generale relevant directement de la direction g\u00e9n\u00e9rale.<\/p>\n\n<p class=\"wp-block-paragraph\">La repr\u00e9sentation des femmes est \u00e9galement importante au niveau de la gouvernance, celles-ci repr\u00e9sentant 66 % du conseil d&rsquo;administration de l&rsquo;Entreprise.<\/p>\n\n<p class=\"wp-block-paragraph\">Ces chiffres t\u00e9moignent de l&rsquo;engagement de l&rsquo;entreprise \u00e0 valoriser les comp\u00e9tences, l&rsquo;exp\u00e9rience et la diversit\u00e9 des points de vue au sein des processus de gestion et de prise de d\u00e9cision.<\/p>\n\n<h2 class=\"wp-block-heading\">Certification ISO\/IEC 27001:2022 relative \u00e0 la s\u00e9curit\u00e9 de l&rsquo;information<\/h2>\n\n<div class=\"wp-block-columns is-layout-flex wp-container-core-columns-is-layout-8f761849 wp-block-columns-is-layout-flex\">\n<div class=\"wp-block-column is-layout-flow wp-block-column-is-layout-flow\"><div class=\"wp-block-image\">\n<figure class=\"aligncenter size-large\"><img loading=\"lazy\" decoding=\"async\" width=\"1024\" height=\"528\" src=\"https:\/\/www.dinamicagenerale.com\/wp-content\/uploads\/2025\/12\/ISO-IEC-27001-certification-1024x528.png\" alt=\"\" class=\"wp-image-34485\" srcset=\"https:\/\/www.dinamicagenerale.com\/wp-content\/uploads\/2025\/12\/ISO-IEC-27001-certification-1024x528.png 1024w, https:\/\/www.dinamicagenerale.com\/wp-content\/uploads\/2025\/12\/ISO-IEC-27001-certification-300x155.png 300w, https:\/\/www.dinamicagenerale.com\/wp-content\/uploads\/2025\/12\/ISO-IEC-27001-certification-768x396.png 768w, https:\/\/www.dinamicagenerale.com\/wp-content\/uploads\/2025\/12\/ISO-IEC-27001-certification-1536x791.png 1536w, https:\/\/www.dinamicagenerale.com\/wp-content\/uploads\/2025\/12\/ISO-IEC-27001-certification-2048x1055.png 2048w\" sizes=\"auto, (max-width: 1024px) 100vw, 1024px\" \/><\/figure>\n<\/div><\/div>\n\n\n\n<div class=\"wp-block-column is-vertically-aligned-center is-layout-flow wp-block-column-is-layout-flow\">\n<p class=\"wp-block-paragraph\">La transformation num\u00e9rique ouvre de nouvelles perspectives, mais elle renforce \u00e9galement la n\u00e9cessit\u00e9 de prot\u00e9ger les informations, les syst\u00e8mes et les processus m\u00e9tier.<\/p>\n\n\n\n<p class=\"wp-block-paragraph\">En 2025, Dinamica Generale a obtenu la certification ISO\/IEC 27001:2022, la norme internationale relative aux syst\u00e8mes de gestion de la s\u00e9curit\u00e9 de l&rsquo;information.<\/p>\n\n\n\n<p class=\"wp-block-paragraph\">Cette certification atteste de l&rsquo;engagement de l&rsquo;entreprise en mati\u00e8re de protection des donn\u00e9es, de gestion des risques li\u00e9s \u00e0 la cybers\u00e9curit\u00e9 et de mise en place de processus structur\u00e9s visant \u00e0 garantir la s\u00e9curit\u00e9, la fiabilit\u00e9 et la continuit\u00e9 des activit\u00e9s.<\/p>\n<\/div>\n<\/div>\n\n<h2 class=\"wp-block-heading\">Journ\u00e9e de la s\u00e9curit\u00e9 : apprendre par la participation<\/h2>\n\n<p class=\"wp-block-paragraph\">La sant\u00e9 et la s\u00e9curit\u00e9 au travail restent une priorit\u00e9 pour Dinamica Generale.<\/p>\n\n<p class=\"wp-block-paragraph\">Au cours de l&rsquo;ann\u00e9e 2025, l&rsquo;entreprise a organis\u00e9 une \u00ab Journ\u00e9e de la s\u00e9curit\u00e9 \u00bb consacr\u00e9e \u00e0 la formation et \u00e0 la sensibilisation en mati\u00e8re de s\u00e9curit\u00e9 au travail.<\/p>\n\n<p class=\"wp-block-paragraph\">Cette initiative a permis d&rsquo;impliquer les collaborateurs gr\u00e2ce \u00e0 des activit\u00e9s interactives, captivantes et innovantes, dans le but de rendre la formation plus efficace, plus concr\u00e8te et plus \u00e9troitement li\u00e9e aux situations susceptibles de se pr\u00e9senter dans le quotidien professionnel.<\/p>\n\n<h3 class=\"wp-block-heading\">Le d\u00e9veloppement durable au c\u0153ur de notre mod\u00e8le \u00e9conomique<\/h3>\n\n<p class=\"wp-block-paragraph\">Pour Dinamica Generale, le d\u00e9veloppement durable ne se r\u00e9sume pas \u00e0 une initiative ponctuelle, mais constitue un parcours continu qui influence la mani\u00e8re dont l&rsquo;entreprise se d\u00e9veloppe, investit, fonctionne et prend ses d\u00e9cisions.<\/p>\n\n<p class=\"wp-block-paragraph\">L&rsquo;environnement, l&rsquo;\u00e9nergie, le bien-\u00eatre, l&rsquo;inclusion, la gouvernance et la s\u00e9curit\u00e9 s&rsquo;inscrivent donc dans le cadre d&rsquo;un m\u00eame engagement : cr\u00e9er de la valeur pour les personnes, la communaut\u00e9 locale et l&rsquo;\u00e9cosyst\u00e8me au sens large dans lequel l&rsquo;entreprise exerce ses activit\u00e9s.<\/p>\n\n<p class=\"wp-block-paragraph\"><strong>D\u00e9couvrez l&rsquo;ensemble des r\u00e9alisations et des engagements de Dinamica Generale dans le <a href=\"https:\/\/www.dinamicagenerale.com\/wp-content\/uploads\/2026\/07\/Dinamica-Generale-Report-2025_20260727.pdf\" data-type=\"link\" data-id=\"https:\/\/www.dinamicagenerale.com\/wp-content\/uploads\/2026\/07\/Dinamica-Generale-Report-2025_20260727.pdf\" target=\"_blank\" rel=\"noreferrer noopener\">Rapport de d\u00e9veloppement durable 2025.<\/a><\/strong><\/p>\n","protected":false},"excerpt":{"rendered":"<p>Environnement, \u00e9nergie, ressources humaines, gouvernance, num\u00e9risation et s\u00e9curit\u00e9 : tout au long de l&rsquo;ann\u00e9e 2025, Dinamica Generale a franchi de [&hellip;]<\/p>\n","protected":false},"author":5,"featured_media":54135,"comment_status":"closed","ping_status":"closed","sticky":false,"template":"","format":"standard","meta":{"footnotes":""},"categories":[1188],"tags":[],"class_list":["post-54147","post","type-post","status-publish","format-standard","has-post-thumbnail","hentry","category-entreprise"],"yoast_head":"<!-- This site is optimized with the Yoast SEO plugin v28.0 - https:\/\/yoast.com\/product\/yoast-seo-wordpress\/ -->\n<title>Rapport de d\u00e9veloppement durable 2025 de Dinamica Generale. Principales r\u00e9alisations<\/title>\n<meta name=\"description\" content=\"Consultez le rapport de d\u00e9veloppement durable 2025 de Dinamica Generale et d\u00e9couvrez nos r\u00e9alisations dans les domaines de l&#039;\u00e9nergie, de l&#039;environnement, des ressources humaines, de la gouvernance, de la cybers\u00e9curit\u00e9 et de la s\u00e9curit\u00e9.\" \/>\n<meta name=\"robots\" content=\"index, follow, max-snippet:-1, max-image-preview:large, max-video-preview:-1\" \/>\n<link rel=\"canonical\" href=\"https:\/\/www.dinamicagenerale.com\/fr\/rapport-de-developpement-durable-2025-des-mesures-concretes-pour-une-entreprise-plus-responsable\/\" \/>\n<meta property=\"og:locale\" content=\"fr_FR\" \/>\n<meta property=\"og:type\" content=\"article\" \/>\n<meta property=\"og:title\" content=\"Rapport de d\u00e9veloppement durable 2025 de Dinamica Generale. Principales r\u00e9alisations\" \/>\n<meta property=\"og:description\" content=\"Consultez le rapport de d\u00e9veloppement durable 2025 de Dinamica Generale et d\u00e9couvrez nos r\u00e9alisations dans les domaines de l&#039;\u00e9nergie, de l&#039;environnement, des ressources humaines, de la gouvernance, de la cybers\u00e9curit\u00e9 et de la s\u00e9curit\u00e9.\" \/>\n<meta property=\"og:url\" content=\"https:\/\/www.dinamicagenerale.com\/fr\/rapport-de-developpement-durable-2025-des-mesures-concretes-pour-une-entreprise-plus-responsable\/\" \/>\n<meta property=\"og:site_name\" content=\"Dinamica Generale\" \/>\n<meta property=\"article:published_time\" content=\"2026-08-03T07:00:00+00:00\" \/>\n<meta property=\"og:image\" content=\"https:\/\/www.dinamicagenerale.com\/wp-content\/uploads\/2026\/07\/Sustainability-Report-2025.-Dinamica-Generale-Achievements-1024x528.png\" \/>\n\t<meta property=\"og:image:width\" content=\"1024\" \/>\n\t<meta property=\"og:image:height\" content=\"528\" \/>\n\t<meta property=\"og:image:type\" content=\"image\/png\" \/>\n<meta name=\"author\" content=\"leonardoparmeggiani\" \/>\n<meta name=\"twitter:card\" content=\"summary_large_image\" \/>\n<meta name=\"twitter:label1\" content=\"\u00c9crit par\" \/>\n\t<meta name=\"twitter:data1\" content=\"leonardoparmeggiani\" \/>\n\t<meta name=\"twitter:label2\" content=\"Dur\u00e9e de lecture estim\u00e9e\" \/>\n\t<meta name=\"twitter:data2\" content=\"4 minutes\" \/>\n<script type=\"application\/ld+json\" class=\"yoast-schema-graph\">{\"@context\":\"https:\\\/\\\/schema.org\",\"@graph\":[{\"@type\":\"Article\",\"@id\":\"https:\\\/\\\/www.dinamicagenerale.com\\\/fr\\\/rapport-de-developpement-durable-2025-des-mesures-concretes-pour-une-entreprise-plus-responsable\\\/#article\",\"isPartOf\":{\"@id\":\"https:\\\/\\\/www.dinamicagenerale.com\\\/fr\\\/rapport-de-developpement-durable-2025-des-mesures-concretes-pour-une-entreprise-plus-responsable\\\/\"},\"author\":{\"name\":\"leonardoparmeggiani\",\"@id\":\"https:\\\/\\\/www.dinamicagenerale.com\\\/fr\\\/#\\\/schema\\\/person\\\/a5c006ed54fc259d80e205e87334fd4e\"},\"headline\":\"Rapport de d\u00e9veloppement durable 2025 : des mesures concr\u00e8tes pour une entreprise plus responsable\",\"datePublished\":\"2026-08-03T07:00:00+00:00\",\"mainEntityOfPage\":{\"@id\":\"https:\\\/\\\/www.dinamicagenerale.com\\\/fr\\\/rapport-de-developpement-durable-2025-des-mesures-concretes-pour-une-entreprise-plus-responsable\\\/\"},\"wordCount\":759,\"image\":{\"@id\":\"https:\\\/\\\/www.dinamicagenerale.com\\\/fr\\\/rapport-de-developpement-durable-2025-des-mesures-concretes-pour-une-entreprise-plus-responsable\\\/#primaryimage\"},\"thumbnailUrl\":\"https:\\\/\\\/www.dinamicagenerale.com\\\/wp-content\\\/uploads\\\/2026\\\/07\\\/Sustainability-Report-2025.-Dinamica-Generale-Achievements.png\",\"articleSection\":[\"Entreprise\"],\"inLanguage\":\"fr-FR\"},{\"@type\":\"WebPage\",\"@id\":\"https:\\\/\\\/www.dinamicagenerale.com\\\/fr\\\/rapport-de-developpement-durable-2025-des-mesures-concretes-pour-une-entreprise-plus-responsable\\\/\",\"url\":\"https:\\\/\\\/www.dinamicagenerale.com\\\/fr\\\/rapport-de-developpement-durable-2025-des-mesures-concretes-pour-une-entreprise-plus-responsable\\\/\",\"name\":\"Rapport de d\u00e9veloppement durable 2025 de Dinamica Generale. Principales r\u00e9alisations\",\"isPartOf\":{\"@id\":\"https:\\\/\\\/www.dinamicagenerale.com\\\/fr\\\/#website\"},\"primaryImageOfPage\":{\"@id\":\"https:\\\/\\\/www.dinamicagenerale.com\\\/fr\\\/rapport-de-developpement-durable-2025-des-mesures-concretes-pour-une-entreprise-plus-responsable\\\/#primaryimage\"},\"image\":{\"@id\":\"https:\\\/\\\/www.dinamicagenerale.com\\\/fr\\\/rapport-de-developpement-durable-2025-des-mesures-concretes-pour-une-entreprise-plus-responsable\\\/#primaryimage\"},\"thumbnailUrl\":\"https:\\\/\\\/www.dinamicagenerale.com\\\/wp-content\\\/uploads\\\/2026\\\/07\\\/Sustainability-Report-2025.-Dinamica-Generale-Achievements.png\",\"datePublished\":\"2026-08-03T07:00:00+00:00\",\"author\":{\"@id\":\"https:\\\/\\\/www.dinamicagenerale.com\\\/fr\\\/#\\\/schema\\\/person\\\/a5c006ed54fc259d80e205e87334fd4e\"},\"description\":\"Consultez le rapport de d\u00e9veloppement durable 2025 de Dinamica Generale et d\u00e9couvrez nos r\u00e9alisations dans les domaines de l'\u00e9nergie, de l'environnement, des ressources humaines, de la gouvernance, de la cybers\u00e9curit\u00e9 et de la s\u00e9curit\u00e9.\",\"breadcrumb\":{\"@id\":\"https:\\\/\\\/www.dinamicagenerale.com\\\/fr\\\/rapport-de-developpement-durable-2025-des-mesures-concretes-pour-une-entreprise-plus-responsable\\\/#breadcrumb\"},\"inLanguage\":\"fr-FR\",\"potentialAction\":[{\"@type\":\"ReadAction\",\"target\":[\"https:\\\/\\\/www.dinamicagenerale.com\\\/fr\\\/rapport-de-developpement-durable-2025-des-mesures-concretes-pour-une-entreprise-plus-responsable\\\/\"]}]},{\"@type\":\"ImageObject\",\"inLanguage\":\"fr-FR\",\"@id\":\"https:\\\/\\\/www.dinamicagenerale.com\\\/fr\\\/rapport-de-developpement-durable-2025-des-mesures-concretes-pour-une-entreprise-plus-responsable\\\/#primaryimage\",\"url\":\"https:\\\/\\\/www.dinamicagenerale.com\\\/wp-content\\\/uploads\\\/2026\\\/07\\\/Sustainability-Report-2025.-Dinamica-Generale-Achievements.png\",\"contentUrl\":\"https:\\\/\\\/www.dinamicagenerale.com\\\/wp-content\\\/uploads\\\/2026\\\/07\\\/Sustainability-Report-2025.-Dinamica-Generale-Achievements.png\",\"width\":2362,\"height\":1217},{\"@type\":\"BreadcrumbList\",\"@id\":\"https:\\\/\\\/www.dinamicagenerale.com\\\/fr\\\/rapport-de-developpement-durable-2025-des-mesures-concretes-pour-une-entreprise-plus-responsable\\\/#breadcrumb\",\"itemListElement\":[{\"@type\":\"ListItem\",\"position\":1,\"name\":\"Home\",\"item\":\"https:\\\/\\\/www.dinamicagenerale.com\\\/fr\\\/divisions\\\/\"},{\"@type\":\"ListItem\",\"position\":2,\"name\":\"Rapport de d\u00e9veloppement durable 2025 : des mesures concr\u00e8tes pour une entreprise plus responsable\"}]},{\"@type\":\"WebSite\",\"@id\":\"https:\\\/\\\/www.dinamicagenerale.com\\\/fr\\\/#website\",\"url\":\"https:\\\/\\\/www.dinamicagenerale.com\\\/fr\\\/\",\"name\":\"Dinamica Generale\",\"description\":\"\",\"potentialAction\":[{\"@type\":\"SearchAction\",\"target\":{\"@type\":\"EntryPoint\",\"urlTemplate\":\"https:\\\/\\\/www.dinamicagenerale.com\\\/fr\\\/?s={search_term_string}\"},\"query-input\":{\"@type\":\"PropertyValueSpecification\",\"valueRequired\":true,\"valueName\":\"search_term_string\"}}],\"inLanguage\":\"fr-FR\"},{\"@type\":\"Person\",\"@id\":\"https:\\\/\\\/www.dinamicagenerale.com\\\/fr\\\/#\\\/schema\\\/person\\\/a5c006ed54fc259d80e205e87334fd4e\",\"name\":\"leonardoparmeggiani\",\"image\":{\"@type\":\"ImageObject\",\"inLanguage\":\"fr-FR\",\"@id\":\"https:\\\/\\\/secure.gravatar.com\\\/avatar\\\/35c1e41d17eff04f4dc47409276969d2f6a1822502e0fd6396ed7c623180ec0f?s=96&d=mm&r=g\",\"url\":\"https:\\\/\\\/secure.gravatar.com\\\/avatar\\\/35c1e41d17eff04f4dc47409276969d2f6a1822502e0fd6396ed7c623180ec0f?s=96&d=mm&r=g\",\"contentUrl\":\"https:\\\/\\\/secure.gravatar.com\\\/avatar\\\/35c1e41d17eff04f4dc47409276969d2f6a1822502e0fd6396ed7c623180ec0f?s=96&d=mm&r=g\",\"caption\":\"leonardoparmeggiani\"}}]}<\/script>\n<!-- \/ Yoast SEO plugin. -->","yoast_head_json":{"title":"Rapport de d\u00e9veloppement durable 2025 de Dinamica Generale. Principales r\u00e9alisations","description":"Consultez le rapport de d\u00e9veloppement durable 2025 de Dinamica Generale et d\u00e9couvrez nos r\u00e9alisations dans les domaines de l'\u00e9nergie, de l'environnement, des ressources humaines, de la gouvernance, de la cybers\u00e9curit\u00e9 et de la s\u00e9curit\u00e9.","robots":{"index":"index","follow":"follow","max-snippet":"max-snippet:-1","max-image-preview":"max-image-preview:large","max-video-preview":"max-video-preview:-1"},"canonical":"https:\/\/www.dinamicagenerale.com\/fr\/rapport-de-developpement-durable-2025-des-mesures-concretes-pour-une-entreprise-plus-responsable\/","og_locale":"fr_FR","og_type":"article","og_title":"Rapport de d\u00e9veloppement durable 2025 de Dinamica Generale. Principales r\u00e9alisations","og_description":"Consultez le rapport de d\u00e9veloppement durable 2025 de Dinamica Generale et d\u00e9couvrez nos r\u00e9alisations dans les domaines de l'\u00e9nergie, de l'environnement, des ressources humaines, de la gouvernance, de la cybers\u00e9curit\u00e9 et de la s\u00e9curit\u00e9.","og_url":"https:\/\/www.dinamicagenerale.com\/fr\/rapport-de-developpement-durable-2025-des-mesures-concretes-pour-une-entreprise-plus-responsable\/","og_site_name":"Dinamica Generale","article_published_time":"2026-08-03T07:00:00+00:00","og_image":[{"width":1024,"height":528,"url":"https:\/\/www.dinamicagenerale.com\/wp-content\/uploads\/2026\/07\/Sustainability-Report-2025.-Dinamica-Generale-Achievements-1024x528.png","type":"image\/png"}],"author":"leonardoparmeggiani","twitter_card":"summary_large_image","twitter_misc":{"\u00c9crit par":"leonardoparmeggiani","Dur\u00e9e de lecture estim\u00e9e":"4 minutes"},"schema":{"@context":"https:\/\/schema.org","@graph":[{"@type":"Article","@id":"https:\/\/www.dinamicagenerale.com\/fr\/rapport-de-developpement-durable-2025-des-mesures-concretes-pour-une-entreprise-plus-responsable\/#article","isPartOf":{"@id":"https:\/\/www.dinamicagenerale.com\/fr\/rapport-de-developpement-durable-2025-des-mesures-concretes-pour-une-entreprise-plus-responsable\/"},"author":{"name":"leonardoparmeggiani","@id":"https:\/\/www.dinamicagenerale.com\/fr\/#\/schema\/person\/a5c006ed54fc259d80e205e87334fd4e"},"headline":"Rapport de d\u00e9veloppement durable 2025 : des mesures concr\u00e8tes pour une entreprise plus responsable","datePublished":"2026-08-03T07:00:00+00:00","mainEntityOfPage":{"@id":"https:\/\/www.dinamicagenerale.com\/fr\/rapport-de-developpement-durable-2025-des-mesures-concretes-pour-une-entreprise-plus-responsable\/"},"wordCount":759,"image":{"@id":"https:\/\/www.dinamicagenerale.com\/fr\/rapport-de-developpement-durable-2025-des-mesures-concretes-pour-une-entreprise-plus-responsable\/#primaryimage"},"thumbnailUrl":"https:\/\/www.dinamicagenerale.com\/wp-content\/uploads\/2026\/07\/Sustainability-Report-2025.-Dinamica-Generale-Achievements.png","articleSection":["Entreprise"],"inLanguage":"fr-FR"},{"@type":"WebPage","@id":"https:\/\/www.dinamicagenerale.com\/fr\/rapport-de-developpement-durable-2025-des-mesures-concretes-pour-une-entreprise-plus-responsable\/","url":"https:\/\/www.dinamicagenerale.com\/fr\/rapport-de-developpement-durable-2025-des-mesures-concretes-pour-une-entreprise-plus-responsable\/","name":"Rapport de d\u00e9veloppement durable 2025 de Dinamica Generale. Principales r\u00e9alisations","isPartOf":{"@id":"https:\/\/www.dinamicagenerale.com\/fr\/#website"},"primaryImageOfPage":{"@id":"https:\/\/www.dinamicagenerale.com\/fr\/rapport-de-developpement-durable-2025-des-mesures-concretes-pour-une-entreprise-plus-responsable\/#primaryimage"},"image":{"@id":"https:\/\/www.dinamicagenerale.com\/fr\/rapport-de-developpement-durable-2025-des-mesures-concretes-pour-une-entreprise-plus-responsable\/#primaryimage"},"thumbnailUrl":"https:\/\/www.dinamicagenerale.com\/wp-content\/uploads\/2026\/07\/Sustainability-Report-2025.-Dinamica-Generale-Achievements.png","datePublished":"2026-08-03T07:00:00+00:00","author":{"@id":"https:\/\/www.dinamicagenerale.com\/fr\/#\/schema\/person\/a5c006ed54fc259d80e205e87334fd4e"},"description":"Consultez le rapport de d\u00e9veloppement durable 2025 de Dinamica Generale et d\u00e9couvrez nos r\u00e9alisations dans les domaines de l'\u00e9nergie, de l'environnement, des ressources humaines, de la gouvernance, de la cybers\u00e9curit\u00e9 et de la s\u00e9curit\u00e9.","breadcrumb":{"@id":"https:\/\/www.dinamicagenerale.com\/fr\/rapport-de-developpement-durable-2025-des-mesures-concretes-pour-une-entreprise-plus-responsable\/#breadcrumb"},"inLanguage":"fr-FR","potentialAction":[{"@type":"ReadAction","target":["https:\/\/www.dinamicagenerale.com\/fr\/rapport-de-developpement-durable-2025-des-mesures-concretes-pour-une-entreprise-plus-responsable\/"]}]},{"@type":"ImageObject","inLanguage":"fr-FR","@id":"https:\/\/www.dinamicagenerale.com\/fr\/rapport-de-developpement-durable-2025-des-mesures-concretes-pour-une-entreprise-plus-responsable\/#primaryimage","url":"https:\/\/www.dinamicagenerale.com\/wp-content\/uploads\/2026\/07\/Sustainability-Report-2025.-Dinamica-Generale-Achievements.png","contentUrl":"https:\/\/www.dinamicagenerale.com\/wp-content\/uploads\/2026\/07\/Sustainability-Report-2025.-Dinamica-Generale-Achievements.png","width":2362,"height":1217},{"@type":"BreadcrumbList","@id":"https:\/\/www.dinamicagenerale.com\/fr\/rapport-de-developpement-durable-2025-des-mesures-concretes-pour-une-entreprise-plus-responsable\/#breadcrumb","itemListElement":[{"@type":"ListItem","position":1,"name":"Home","item":"https:\/\/www.dinamicagenerale.com\/fr\/divisions\/"},{"@type":"ListItem","position":2,"name":"Rapport de d\u00e9veloppement durable 2025 : des mesures concr\u00e8tes pour une entreprise plus responsable"}]},{"@type":"WebSite","@id":"https:\/\/www.dinamicagenerale.com\/fr\/#website","url":"https:\/\/www.dinamicagenerale.com\/fr\/","name":"Dinamica Generale","description":"","potentialAction":[{"@type":"SearchAction","target":{"@type":"EntryPoint","urlTemplate":"https:\/\/www.dinamicagenerale.com\/fr\/?s={search_term_string}"},"query-input":{"@type":"PropertyValueSpecification","valueRequired":true,"valueName":"search_term_string"}}],"inLanguage":"fr-FR"},{"@type":"Person","@id":"https:\/\/www.dinamicagenerale.com\/fr\/#\/schema\/person\/a5c006ed54fc259d80e205e87334fd4e","name":"leonardoparmeggiani","image":{"@type":"ImageObject","inLanguage":"fr-FR","@id":"https:\/\/secure.gravatar.com\/avatar\/35c1e41d17eff04f4dc47409276969d2f6a1822502e0fd6396ed7c623180ec0f?s=96&d=mm&r=g","url":"https:\/\/secure.gravatar.com\/avatar\/35c1e41d17eff04f4dc47409276969d2f6a1822502e0fd6396ed7c623180ec0f?s=96&d=mm&r=g","contentUrl":"https:\/\/secure.gravatar.com\/avatar\/35c1e41d17eff04f4dc47409276969d2f6a1822502e0fd6396ed7c623180ec0f?s=96&d=mm&r=g","caption":"leonardoparmeggiani"}}]}},"_links":{"self":[{"href":"https:\/\/www.dinamicagenerale.com\/fr\/wp-json\/wp\/v2\/posts\/54147","targetHints":{"allow":["GET"]}}],"collection":[{"href":"https:\/\/www.dinamicagenerale.com\/fr\/wp-json\/wp\/v2\/posts"}],"about":[{"href":"https:\/\/www.dinamicagenerale.com\/fr\/wp-json\/wp\/v2\/types\/post"}],"author":[{"embeddable":true,"href":"https:\/\/www.dinamicagenerale.com\/fr\/wp-json\/wp\/v2\/users\/5"}],"replies":[{"embeddable":true,"href":"https:\/\/www.dinamicagenerale.com\/fr\/wp-json\/wp\/v2\/comments?post=54147"}],"version-history":[{"count":1,"href":"https:\/\/www.dinamicagenerale.com\/fr\/wp-json\/wp\/v2\/posts\/54147\/revisions"}],"predecessor-version":[{"id":54148,"href":"https:\/\/www.dinamicagenerale.com\/fr\/wp-json\/wp\/v2\/posts\/54147\/revisions\/54148"}],"wp:featuredmedia":[{"embeddable":true,"href":"https:\/\/www.dinamicagenerale.com\/fr\/wp-json\/wp\/v2\/media\/54135"}],"wp:attachment":[{"href":"https:\/\/www.dinamicagenerale.com\/fr\/wp-json\/wp\/v2\/media?parent=54147"}],"wp:term":[{"taxonomy":"category","embeddable":true,"href":"https:\/\/www.dinamicagenerale.com\/fr\/wp-json\/wp\/v2\/categories?post=54147"},{"taxonomy":"post_tag","embeddable":true,"href":"https:\/\/www.dinamicagenerale.com\/fr\/wp-json\/wp\/v2\/tags?post=54147"}],"curies":[{"name":"wp","href":"https:\/\/api.w.org\/{rel}","templated":true}]}}