{"id":53307,"date":"2026-07-07T13:01:45","date_gmt":"2026-07-07T11:01:45","guid":{"rendered":"https:\/\/www.dinamicagenerale.com\/presentation-generale-lors-du-roadshow-culture-dentreprise-2026-la-securite-dentreprise-a-lere-de-lia\/"},"modified":"2026-07-07T14:12:58","modified_gmt":"2026-07-07T12:12:58","slug":"presentation-generale-lors-du-roadshow-culture-dentreprise-2026-la-securite-dentreprise-a-lere-de-lia","status":"publish","type":"post","link":"https:\/\/www.dinamicagenerale.com\/fr\/presentation-generale-lors-du-roadshow-culture-dentreprise-2026-la-securite-dentreprise-a-lere-de-lia\/","title":{"rendered":"Pr\u00e9sentation g\u00e9n\u00e9rale lors du roadshow \u00ab Culture d&rsquo;entreprise 2026 \u00bb : la s\u00e9curit\u00e9 d&rsquo;entreprise \u00e0 l&rsquo;\u00e8re de l&rsquo;IA"},"content":{"rendered":"\n<p class=\"wp-block-paragraph\">Le 8 juillet 2026, Dinamica Generale participera \u00e0 Turin au roadshow \u00ab <strong>Cultura di Impresa 2026 &#8211; Des valeurs qui cr\u00e9ent de la valeur<\/strong> \u00bb, organis\u00e9 par 4.Manager en collaboration avec Il Sole 24 Ore.<\/p>\n\n<p class=\"wp-block-paragraph\">Cet \u00e9v\u00e9nement, consacr\u00e9 au th\u00e8me <em>\u00ab La s\u00e9curit\u00e9 d&rsquo;entreprise \u00e0 l&rsquo;\u00e8re de l&rsquo;IA \u00bb<\/em>, sera l&rsquo;occasion d&rsquo;un \u00e9change entre entreprises, dirigeants et experts sur les nouveaux d\u00e9fis qui accompagnent l&rsquo;\u00e9volution des mod\u00e8les de production et d&rsquo;organisation.<\/p>\n\n<div class=\"wp-block-columns is-layout-flex wp-container-core-columns-is-layout-8f761849 wp-block-columns-is-layout-flex\">\n<div class=\"wp-block-column is-layout-flow wp-block-column-is-layout-flow\"><div class=\"wp-block-image\">\n<figure class=\"aligncenter size-full\"><img loading=\"lazy\" decoding=\"async\" width=\"800\" height=\"1000\" src=\"https:\/\/www.dinamicagenerale.com\/wp-content\/uploads\/2026\/07\/Cultura-di-Impresa-2026-Valori-che-creano-valore.png\" alt=\"\" class=\"wp-image-53279\" srcset=\"https:\/\/www.dinamicagenerale.com\/wp-content\/uploads\/2026\/07\/Cultura-di-Impresa-2026-Valori-che-creano-valore.png 800w, https:\/\/www.dinamicagenerale.com\/wp-content\/uploads\/2026\/07\/Cultura-di-Impresa-2026-Valori-che-creano-valore-240x300.png 240w, https:\/\/www.dinamicagenerale.com\/wp-content\/uploads\/2026\/07\/Cultura-di-Impresa-2026-Valori-che-creano-valore-768x960.png 768w\" sizes=\"auto, (max-width: 800px) 100vw, 800px\" \/><\/figure>\n<\/div><\/div>\n\n\n\n<div class=\"wp-block-column is-layout-flow wp-block-column-is-layout-flow\">\n<p class=\"wp-block-paragraph\">La transformation num\u00e9rique \u00e9largit consid\u00e9rablement les possibilit\u00e9s en mati\u00e8re de pr\u00e9vention, de surveillance et de protection des personnes dans les environnements industriels. Des technologies telles que l&rsquo;intelligence artificielle, les syst\u00e8mes connect\u00e9s et les outils d&rsquo;analyse des donn\u00e9es peuvent contribuer \u00e0 rendre les processus et les environnements de travail plus efficaces, mieux inform\u00e9s et plus s\u00fbrs. <\/p>\n\n\n\n<p class=\"wp-block-paragraph\">Dans le m\u00eame temps, l&rsquo;innovation s&rsquo;accompagne de nouvelles responsabilit\u00e9s. La s\u00e9curit\u00e9 des donn\u00e9es, la cybers\u00e9curit\u00e9, la gouvernance de l&rsquo;information et la continuit\u00e9 des activit\u00e9s sont aujourd&rsquo;hui <strong>des aspects de plus en plus \u00e9troitement li\u00e9s \u00e0 la s\u00e9curit\u00e9 au travail et \u00e0 la protection des personnes<\/strong>. <\/p>\n\n\n\n<p class=\"wp-block-paragraph\">Dans ce contexte, la s\u00e9curit\u00e9 ne peut plus \u00eatre abord\u00e9e de mani\u00e8re cloisonn\u00e9e. Elle n\u00e9cessite une vision int\u00e9gr\u00e9e, capable de relier les comp\u00e9tences en mati\u00e8re de HSE, les technologies, les processus, l&rsquo;organisation et les responsabilit\u00e9s de l&rsquo;entreprise. <\/p>\n\n\n\n<p class=\"wp-block-paragraph\">Dinamica Generale participera \u00e0 la rencontre avec <strong>Andrea Boni, responsable de la s\u00e9curit\u00e9 au travail (RSPP) et responsable HSE<\/strong>, qui interviendra lors de la session consacr\u00e9e au <strong>lien entre la s\u00e9curit\u00e9 au travail et l&rsquo;innovation technologique<\/strong>.<\/p>\n\n\n\n<p class=\"wp-block-paragraph\">La participation \u00e0 cette tourn\u00e9e de pr\u00e9sentation constitue une occasion importante de partager des exp\u00e9riences concr\u00e8tes et de contribuer \u00e0 un dialogue ouvert sur la mani\u00e8re dont les entreprises peuvent aborder la num\u00e9risation de mani\u00e8re responsable, tout en renfor\u00e7ant la pr\u00e9vention, la r\u00e9silience et la culture de la s\u00e9curit\u00e9.<\/p>\n<\/div>\n<\/div>\n\n<p class=\"wp-block-paragraph\">Cet \u00e9v\u00e9nement s&rsquo;inscrit dans le cadre du programme national \u00ab Cultura di Impresa 2026 \u00bb, consacr\u00e9 aux valeurs, aux comp\u00e9tences et aux mod\u00e8les organisationnels qui favorisent une croissance comp\u00e9titive et durable des entreprises italiennes.<\/p>\n\n<p class=\"wp-block-paragraph\"><a href=\"https:\/\/24oreventi.ilsole24ore.com\/sicurezza-impresa-ai\/\" type=\"link\" id=\"https:\/\/24oreventi.ilsole24ore.com\/sicurezza-impresa-ai\/\" target=\"_blank\" rel=\"noreferrer noopener\">En savoir plus<\/a><\/p>\n\n<p class=\"wp-block-paragraph\"><strong>\u00c9v\u00e9nement<\/strong> \u00ab<br\/>\u00bb : Culture d\u2019entreprise 2026 \u2013 Des valeurs qui cr\u00e9ent de la valeur<br\/>La s\u00e9curit\u00e9 d\u2019entreprise \u00e0 l\u2019\u00e8re de l\u2019IA<br\/>8 juillet 2026<br\/>Centre des congr\u00e8s de l\u2019Union des industriels de Turin<br\/>Via Vincenzo Vela 17, Turin<\/p>\n","protected":false},"excerpt":{"rendered":"<p>Le 8 juillet 2026, Dinamica Generale participera \u00e0 Turin au roadshow \u00ab Cultura di Impresa 2026 &#8211; Des valeurs qui [&hellip;]<\/p>\n","protected":false},"author":5,"featured_media":53294,"comment_status":"closed","ping_status":"closed","sticky":false,"template":"","format":"standard","meta":{"footnotes":""},"categories":[1188],"tags":[],"class_list":["post-53307","post","type-post","status-publish","format-standard","has-post-thumbnail","hentry","category-entreprise"],"yoast_head":"<!-- This site is optimized with the Yoast SEO plugin v28.0 - https:\/\/yoast.com\/product\/yoast-seo-wordpress\/ -->\n<title>S\u00e9curit\u00e9 d&#039;entreprise et IA : Dinamica Generale \u00e0 Turin<\/title>\n<meta name=\"description\" content=\"Dinamica Generale participe \u00e0 Turin au roadshow consacr\u00e9 \u00e0 la s\u00e9curit\u00e9 d&#039;entreprise et \u00e0 l&#039;IA, entre innovation, cybers\u00e9curit\u00e9 et protection des personnes.\" \/>\n<meta name=\"robots\" content=\"index, follow, max-snippet:-1, max-image-preview:large, max-video-preview:-1\" \/>\n<link rel=\"canonical\" href=\"https:\/\/www.dinamicagenerale.com\/fr\/presentation-generale-lors-du-roadshow-culture-dentreprise-2026-la-securite-dentreprise-a-lere-de-lia\/\" \/>\n<meta property=\"og:locale\" content=\"fr_FR\" \/>\n<meta property=\"og:type\" content=\"article\" \/>\n<meta property=\"og:title\" content=\"S\u00e9curit\u00e9 d&#039;entreprise et IA : Dinamica Generale \u00e0 Turin\" \/>\n<meta property=\"og:description\" content=\"Dinamica Generale participe \u00e0 Turin au roadshow consacr\u00e9 \u00e0 la s\u00e9curit\u00e9 d&#039;entreprise et \u00e0 l&#039;IA, entre innovation, cybers\u00e9curit\u00e9 et protection des personnes.\" \/>\n<meta property=\"og:url\" content=\"https:\/\/www.dinamicagenerale.com\/fr\/presentation-generale-lors-du-roadshow-culture-dentreprise-2026-la-securite-dentreprise-a-lere-de-lia\/\" \/>\n<meta property=\"og:site_name\" content=\"Dinamica Generale\" \/>\n<meta property=\"article:published_time\" content=\"2026-07-07T11:01:45+00:00\" \/>\n<meta property=\"article:modified_time\" content=\"2026-07-07T12:12:58+00:00\" \/>\n<meta property=\"og:image\" content=\"https:\/\/www.dinamicagenerale.com\/wp-content\/uploads\/2026\/07\/Sicurezza-dimpresa-e-AI-Dinamica-Generale-a-Torino.png\" \/>\n\t<meta property=\"og:image:width\" content=\"2362\" \/>\n\t<meta property=\"og:image:height\" content=\"1217\" \/>\n\t<meta property=\"og:image:type\" content=\"image\/png\" \/>\n<meta name=\"author\" content=\"leonardoparmeggiani\" \/>\n<meta name=\"twitter:card\" content=\"summary_large_image\" \/>\n<meta name=\"twitter:label1\" content=\"\u00c9crit par\" \/>\n\t<meta name=\"twitter:data1\" content=\"leonardoparmeggiani\" \/>\n\t<meta name=\"twitter:label2\" content=\"Dur\u00e9e de lecture estim\u00e9e\" \/>\n\t<meta name=\"twitter:data2\" content=\"2 minutes\" \/>\n<script type=\"application\/ld+json\" class=\"yoast-schema-graph\">{\"@context\":\"https:\\\/\\\/schema.org\",\"@graph\":[{\"@type\":\"Article\",\"@id\":\"https:\\\/\\\/www.dinamicagenerale.com\\\/fr\\\/presentation-generale-lors-du-roadshow-culture-dentreprise-2026-la-securite-dentreprise-a-lere-de-lia\\\/#article\",\"isPartOf\":{\"@id\":\"https:\\\/\\\/www.dinamicagenerale.com\\\/fr\\\/presentation-generale-lors-du-roadshow-culture-dentreprise-2026-la-securite-dentreprise-a-lere-de-lia\\\/\"},\"author\":{\"name\":\"leonardoparmeggiani\",\"@id\":\"https:\\\/\\\/www.dinamicagenerale.com\\\/fr\\\/#\\\/schema\\\/person\\\/a5c006ed54fc259d80e205e87334fd4e\"},\"headline\":\"Pr\u00e9sentation g\u00e9n\u00e9rale lors du roadshow \u00ab Culture d&rsquo;entreprise 2026 \u00bb : la s\u00e9curit\u00e9 d&rsquo;entreprise \u00e0 l&rsquo;\u00e8re de l&rsquo;IA\",\"datePublished\":\"2026-07-07T11:01:45+00:00\",\"dateModified\":\"2026-07-07T12:12:58+00:00\",\"mainEntityOfPage\":{\"@id\":\"https:\\\/\\\/www.dinamicagenerale.com\\\/fr\\\/presentation-generale-lors-du-roadshow-culture-dentreprise-2026-la-securite-dentreprise-a-lere-de-lia\\\/\"},\"wordCount\":438,\"image\":{\"@id\":\"https:\\\/\\\/www.dinamicagenerale.com\\\/fr\\\/presentation-generale-lors-du-roadshow-culture-dentreprise-2026-la-securite-dentreprise-a-lere-de-lia\\\/#primaryimage\"},\"thumbnailUrl\":\"https:\\\/\\\/www.dinamicagenerale.com\\\/wp-content\\\/uploads\\\/2026\\\/07\\\/Sicurezza-dimpresa-e-AI-Dinamica-Generale-a-Torino.png\",\"articleSection\":[\"Entreprise\"],\"inLanguage\":\"fr-FR\"},{\"@type\":\"WebPage\",\"@id\":\"https:\\\/\\\/www.dinamicagenerale.com\\\/fr\\\/presentation-generale-lors-du-roadshow-culture-dentreprise-2026-la-securite-dentreprise-a-lere-de-lia\\\/\",\"url\":\"https:\\\/\\\/www.dinamicagenerale.com\\\/fr\\\/presentation-generale-lors-du-roadshow-culture-dentreprise-2026-la-securite-dentreprise-a-lere-de-lia\\\/\",\"name\":\"S\u00e9curit\u00e9 d'entreprise et IA : Dinamica Generale \u00e0 Turin\",\"isPartOf\":{\"@id\":\"https:\\\/\\\/www.dinamicagenerale.com\\\/fr\\\/#website\"},\"primaryImageOfPage\":{\"@id\":\"https:\\\/\\\/www.dinamicagenerale.com\\\/fr\\\/presentation-generale-lors-du-roadshow-culture-dentreprise-2026-la-securite-dentreprise-a-lere-de-lia\\\/#primaryimage\"},\"image\":{\"@id\":\"https:\\\/\\\/www.dinamicagenerale.com\\\/fr\\\/presentation-generale-lors-du-roadshow-culture-dentreprise-2026-la-securite-dentreprise-a-lere-de-lia\\\/#primaryimage\"},\"thumbnailUrl\":\"https:\\\/\\\/www.dinamicagenerale.com\\\/wp-content\\\/uploads\\\/2026\\\/07\\\/Sicurezza-dimpresa-e-AI-Dinamica-Generale-a-Torino.png\",\"datePublished\":\"2026-07-07T11:01:45+00:00\",\"dateModified\":\"2026-07-07T12:12:58+00:00\",\"author\":{\"@id\":\"https:\\\/\\\/www.dinamicagenerale.com\\\/fr\\\/#\\\/schema\\\/person\\\/a5c006ed54fc259d80e205e87334fd4e\"},\"description\":\"Dinamica Generale participe \u00e0 Turin au roadshow consacr\u00e9 \u00e0 la s\u00e9curit\u00e9 d'entreprise et \u00e0 l'IA, entre innovation, cybers\u00e9curit\u00e9 et protection des personnes.\",\"breadcrumb\":{\"@id\":\"https:\\\/\\\/www.dinamicagenerale.com\\\/fr\\\/presentation-generale-lors-du-roadshow-culture-dentreprise-2026-la-securite-dentreprise-a-lere-de-lia\\\/#breadcrumb\"},\"inLanguage\":\"fr-FR\",\"potentialAction\":[{\"@type\":\"ReadAction\",\"target\":[\"https:\\\/\\\/www.dinamicagenerale.com\\\/fr\\\/presentation-generale-lors-du-roadshow-culture-dentreprise-2026-la-securite-dentreprise-a-lere-de-lia\\\/\"]}]},{\"@type\":\"ImageObject\",\"inLanguage\":\"fr-FR\",\"@id\":\"https:\\\/\\\/www.dinamicagenerale.com\\\/fr\\\/presentation-generale-lors-du-roadshow-culture-dentreprise-2026-la-securite-dentreprise-a-lere-de-lia\\\/#primaryimage\",\"url\":\"https:\\\/\\\/www.dinamicagenerale.com\\\/wp-content\\\/uploads\\\/2026\\\/07\\\/Sicurezza-dimpresa-e-AI-Dinamica-Generale-a-Torino.png\",\"contentUrl\":\"https:\\\/\\\/www.dinamicagenerale.com\\\/wp-content\\\/uploads\\\/2026\\\/07\\\/Sicurezza-dimpresa-e-AI-Dinamica-Generale-a-Torino.png\",\"width\":2362,\"height\":1217},{\"@type\":\"BreadcrumbList\",\"@id\":\"https:\\\/\\\/www.dinamicagenerale.com\\\/fr\\\/presentation-generale-lors-du-roadshow-culture-dentreprise-2026-la-securite-dentreprise-a-lere-de-lia\\\/#breadcrumb\",\"itemListElement\":[{\"@type\":\"ListItem\",\"position\":1,\"name\":\"Home\",\"item\":\"https:\\\/\\\/www.dinamicagenerale.com\\\/fr\\\/divisions\\\/\"},{\"@type\":\"ListItem\",\"position\":2,\"name\":\"Pr\u00e9sentation g\u00e9n\u00e9rale lors du roadshow \u00ab Culture d&#8217;entreprise 2026 \u00bb : la s\u00e9curit\u00e9 d&#8217;entreprise \u00e0 l&#8217;\u00e8re de l&#8217;IA\"}]},{\"@type\":\"WebSite\",\"@id\":\"https:\\\/\\\/www.dinamicagenerale.com\\\/fr\\\/#website\",\"url\":\"https:\\\/\\\/www.dinamicagenerale.com\\\/fr\\\/\",\"name\":\"Dinamica Generale\",\"description\":\"\",\"potentialAction\":[{\"@type\":\"SearchAction\",\"target\":{\"@type\":\"EntryPoint\",\"urlTemplate\":\"https:\\\/\\\/www.dinamicagenerale.com\\\/fr\\\/?s={search_term_string}\"},\"query-input\":{\"@type\":\"PropertyValueSpecification\",\"valueRequired\":true,\"valueName\":\"search_term_string\"}}],\"inLanguage\":\"fr-FR\"},{\"@type\":\"Person\",\"@id\":\"https:\\\/\\\/www.dinamicagenerale.com\\\/fr\\\/#\\\/schema\\\/person\\\/a5c006ed54fc259d80e205e87334fd4e\",\"name\":\"leonardoparmeggiani\",\"image\":{\"@type\":\"ImageObject\",\"inLanguage\":\"fr-FR\",\"@id\":\"https:\\\/\\\/secure.gravatar.com\\\/avatar\\\/35c1e41d17eff04f4dc47409276969d2f6a1822502e0fd6396ed7c623180ec0f?s=96&d=mm&r=g\",\"url\":\"https:\\\/\\\/secure.gravatar.com\\\/avatar\\\/35c1e41d17eff04f4dc47409276969d2f6a1822502e0fd6396ed7c623180ec0f?s=96&d=mm&r=g\",\"contentUrl\":\"https:\\\/\\\/secure.gravatar.com\\\/avatar\\\/35c1e41d17eff04f4dc47409276969d2f6a1822502e0fd6396ed7c623180ec0f?s=96&d=mm&r=g\",\"caption\":\"leonardoparmeggiani\"}}]}<\/script>\n<!-- \/ Yoast SEO plugin. -->","yoast_head_json":{"title":"S\u00e9curit\u00e9 d'entreprise et IA : Dinamica Generale \u00e0 Turin","description":"Dinamica Generale participe \u00e0 Turin au roadshow consacr\u00e9 \u00e0 la s\u00e9curit\u00e9 d'entreprise et \u00e0 l'IA, entre innovation, cybers\u00e9curit\u00e9 et protection des personnes.","robots":{"index":"index","follow":"follow","max-snippet":"max-snippet:-1","max-image-preview":"max-image-preview:large","max-video-preview":"max-video-preview:-1"},"canonical":"https:\/\/www.dinamicagenerale.com\/fr\/presentation-generale-lors-du-roadshow-culture-dentreprise-2026-la-securite-dentreprise-a-lere-de-lia\/","og_locale":"fr_FR","og_type":"article","og_title":"S\u00e9curit\u00e9 d'entreprise et IA : Dinamica Generale \u00e0 Turin","og_description":"Dinamica Generale participe \u00e0 Turin au roadshow consacr\u00e9 \u00e0 la s\u00e9curit\u00e9 d'entreprise et \u00e0 l'IA, entre innovation, cybers\u00e9curit\u00e9 et protection des personnes.","og_url":"https:\/\/www.dinamicagenerale.com\/fr\/presentation-generale-lors-du-roadshow-culture-dentreprise-2026-la-securite-dentreprise-a-lere-de-lia\/","og_site_name":"Dinamica Generale","article_published_time":"2026-07-07T11:01:45+00:00","article_modified_time":"2026-07-07T12:12:58+00:00","og_image":[{"width":2362,"height":1217,"url":"https:\/\/www.dinamicagenerale.com\/wp-content\/uploads\/2026\/07\/Sicurezza-dimpresa-e-AI-Dinamica-Generale-a-Torino.png","type":"image\/png"}],"author":"leonardoparmeggiani","twitter_card":"summary_large_image","twitter_misc":{"\u00c9crit par":"leonardoparmeggiani","Dur\u00e9e de lecture estim\u00e9e":"2 minutes"},"schema":{"@context":"https:\/\/schema.org","@graph":[{"@type":"Article","@id":"https:\/\/www.dinamicagenerale.com\/fr\/presentation-generale-lors-du-roadshow-culture-dentreprise-2026-la-securite-dentreprise-a-lere-de-lia\/#article","isPartOf":{"@id":"https:\/\/www.dinamicagenerale.com\/fr\/presentation-generale-lors-du-roadshow-culture-dentreprise-2026-la-securite-dentreprise-a-lere-de-lia\/"},"author":{"name":"leonardoparmeggiani","@id":"https:\/\/www.dinamicagenerale.com\/fr\/#\/schema\/person\/a5c006ed54fc259d80e205e87334fd4e"},"headline":"Pr\u00e9sentation g\u00e9n\u00e9rale lors du roadshow \u00ab Culture d&rsquo;entreprise 2026 \u00bb : la s\u00e9curit\u00e9 d&rsquo;entreprise \u00e0 l&rsquo;\u00e8re de l&rsquo;IA","datePublished":"2026-07-07T11:01:45+00:00","dateModified":"2026-07-07T12:12:58+00:00","mainEntityOfPage":{"@id":"https:\/\/www.dinamicagenerale.com\/fr\/presentation-generale-lors-du-roadshow-culture-dentreprise-2026-la-securite-dentreprise-a-lere-de-lia\/"},"wordCount":438,"image":{"@id":"https:\/\/www.dinamicagenerale.com\/fr\/presentation-generale-lors-du-roadshow-culture-dentreprise-2026-la-securite-dentreprise-a-lere-de-lia\/#primaryimage"},"thumbnailUrl":"https:\/\/www.dinamicagenerale.com\/wp-content\/uploads\/2026\/07\/Sicurezza-dimpresa-e-AI-Dinamica-Generale-a-Torino.png","articleSection":["Entreprise"],"inLanguage":"fr-FR"},{"@type":"WebPage","@id":"https:\/\/www.dinamicagenerale.com\/fr\/presentation-generale-lors-du-roadshow-culture-dentreprise-2026-la-securite-dentreprise-a-lere-de-lia\/","url":"https:\/\/www.dinamicagenerale.com\/fr\/presentation-generale-lors-du-roadshow-culture-dentreprise-2026-la-securite-dentreprise-a-lere-de-lia\/","name":"S\u00e9curit\u00e9 d'entreprise et IA : Dinamica Generale \u00e0 Turin","isPartOf":{"@id":"https:\/\/www.dinamicagenerale.com\/fr\/#website"},"primaryImageOfPage":{"@id":"https:\/\/www.dinamicagenerale.com\/fr\/presentation-generale-lors-du-roadshow-culture-dentreprise-2026-la-securite-dentreprise-a-lere-de-lia\/#primaryimage"},"image":{"@id":"https:\/\/www.dinamicagenerale.com\/fr\/presentation-generale-lors-du-roadshow-culture-dentreprise-2026-la-securite-dentreprise-a-lere-de-lia\/#primaryimage"},"thumbnailUrl":"https:\/\/www.dinamicagenerale.com\/wp-content\/uploads\/2026\/07\/Sicurezza-dimpresa-e-AI-Dinamica-Generale-a-Torino.png","datePublished":"2026-07-07T11:01:45+00:00","dateModified":"2026-07-07T12:12:58+00:00","author":{"@id":"https:\/\/www.dinamicagenerale.com\/fr\/#\/schema\/person\/a5c006ed54fc259d80e205e87334fd4e"},"description":"Dinamica Generale participe \u00e0 Turin au roadshow consacr\u00e9 \u00e0 la s\u00e9curit\u00e9 d'entreprise et \u00e0 l'IA, entre innovation, cybers\u00e9curit\u00e9 et protection des personnes.","breadcrumb":{"@id":"https:\/\/www.dinamicagenerale.com\/fr\/presentation-generale-lors-du-roadshow-culture-dentreprise-2026-la-securite-dentreprise-a-lere-de-lia\/#breadcrumb"},"inLanguage":"fr-FR","potentialAction":[{"@type":"ReadAction","target":["https:\/\/www.dinamicagenerale.com\/fr\/presentation-generale-lors-du-roadshow-culture-dentreprise-2026-la-securite-dentreprise-a-lere-de-lia\/"]}]},{"@type":"ImageObject","inLanguage":"fr-FR","@id":"https:\/\/www.dinamicagenerale.com\/fr\/presentation-generale-lors-du-roadshow-culture-dentreprise-2026-la-securite-dentreprise-a-lere-de-lia\/#primaryimage","url":"https:\/\/www.dinamicagenerale.com\/wp-content\/uploads\/2026\/07\/Sicurezza-dimpresa-e-AI-Dinamica-Generale-a-Torino.png","contentUrl":"https:\/\/www.dinamicagenerale.com\/wp-content\/uploads\/2026\/07\/Sicurezza-dimpresa-e-AI-Dinamica-Generale-a-Torino.png","width":2362,"height":1217},{"@type":"BreadcrumbList","@id":"https:\/\/www.dinamicagenerale.com\/fr\/presentation-generale-lors-du-roadshow-culture-dentreprise-2026-la-securite-dentreprise-a-lere-de-lia\/#breadcrumb","itemListElement":[{"@type":"ListItem","position":1,"name":"Home","item":"https:\/\/www.dinamicagenerale.com\/fr\/divisions\/"},{"@type":"ListItem","position":2,"name":"Pr\u00e9sentation g\u00e9n\u00e9rale lors du roadshow \u00ab Culture d&#8217;entreprise 2026 \u00bb : la s\u00e9curit\u00e9 d&#8217;entreprise \u00e0 l&#8217;\u00e8re de l&#8217;IA"}]},{"@type":"WebSite","@id":"https:\/\/www.dinamicagenerale.com\/fr\/#website","url":"https:\/\/www.dinamicagenerale.com\/fr\/","name":"Dinamica Generale","description":"","potentialAction":[{"@type":"SearchAction","target":{"@type":"EntryPoint","urlTemplate":"https:\/\/www.dinamicagenerale.com\/fr\/?s={search_term_string}"},"query-input":{"@type":"PropertyValueSpecification","valueRequired":true,"valueName":"search_term_string"}}],"inLanguage":"fr-FR"},{"@type":"Person","@id":"https:\/\/www.dinamicagenerale.com\/fr\/#\/schema\/person\/a5c006ed54fc259d80e205e87334fd4e","name":"leonardoparmeggiani","image":{"@type":"ImageObject","inLanguage":"fr-FR","@id":"https:\/\/secure.gravatar.com\/avatar\/35c1e41d17eff04f4dc47409276969d2f6a1822502e0fd6396ed7c623180ec0f?s=96&d=mm&r=g","url":"https:\/\/secure.gravatar.com\/avatar\/35c1e41d17eff04f4dc47409276969d2f6a1822502e0fd6396ed7c623180ec0f?s=96&d=mm&r=g","contentUrl":"https:\/\/secure.gravatar.com\/avatar\/35c1e41d17eff04f4dc47409276969d2f6a1822502e0fd6396ed7c623180ec0f?s=96&d=mm&r=g","caption":"leonardoparmeggiani"}}]}},"_links":{"self":[{"href":"https:\/\/www.dinamicagenerale.com\/fr\/wp-json\/wp\/v2\/posts\/53307","targetHints":{"allow":["GET"]}}],"collection":[{"href":"https:\/\/www.dinamicagenerale.com\/fr\/wp-json\/wp\/v2\/posts"}],"about":[{"href":"https:\/\/www.dinamicagenerale.com\/fr\/wp-json\/wp\/v2\/types\/post"}],"author":[{"embeddable":true,"href":"https:\/\/www.dinamicagenerale.com\/fr\/wp-json\/wp\/v2\/users\/5"}],"replies":[{"embeddable":true,"href":"https:\/\/www.dinamicagenerale.com\/fr\/wp-json\/wp\/v2\/comments?post=53307"}],"version-history":[{"count":1,"href":"https:\/\/www.dinamicagenerale.com\/fr\/wp-json\/wp\/v2\/posts\/53307\/revisions"}],"predecessor-version":[{"id":53308,"href":"https:\/\/www.dinamicagenerale.com\/fr\/wp-json\/wp\/v2\/posts\/53307\/revisions\/53308"}],"wp:featuredmedia":[{"embeddable":true,"href":"https:\/\/www.dinamicagenerale.com\/fr\/wp-json\/wp\/v2\/media\/53294"}],"wp:attachment":[{"href":"https:\/\/www.dinamicagenerale.com\/fr\/wp-json\/wp\/v2\/media?parent=53307"}],"wp:term":[{"taxonomy":"category","embeddable":true,"href":"https:\/\/www.dinamicagenerale.com\/fr\/wp-json\/wp\/v2\/categories?post=53307"},{"taxonomy":"post_tag","embeddable":true,"href":"https:\/\/www.dinamicagenerale.com\/fr\/wp-json\/wp\/v2\/tags?post=53307"}],"curies":[{"name":"wp","href":"https:\/\/api.w.org\/{rel}","templated":true}]}}