{"id":53093,"date":"2026-07-06T11:27:53","date_gmt":"2026-07-06T09:27:53","guid":{"rendered":"https:\/\/www.dinamicagenerale.com\/dinamica-generale-lance-feeding-forward-un-nouvel-evenement-annuel-consacre-a-lavenir-de-lalimentation-de-precision\/"},"modified":"2026-07-06T11:33:31","modified_gmt":"2026-07-06T09:33:31","slug":"dinamica-generale-lance-feeding-forward-un-nouvel-evenement-annuel-consacre-a-lavenir-de-lalimentation-de-precision","status":"publish","type":"post","link":"https:\/\/www.dinamicagenerale.com\/fr\/dinamica-generale-lance-feeding-forward-un-nouvel-evenement-annuel-consacre-a-lavenir-de-lalimentation-de-precision\/","title":{"rendered":"Dinamica Generale lance \u00ab Feeding Forward \u00bb, un nouvel \u00e9v\u00e9nement annuel consacr\u00e9 \u00e0 l&rsquo;avenir de l&rsquo;alimentation de pr\u00e9cision"},"content":{"rendered":"\n<p class=\"wp-block-paragraph\"><strong>Poggio Rusco, Italie \u2013 1er juillet 2026 \u2013<\/strong> Dinamica Generale a organis\u00e9 la <strong>premi\u00e8re \u00e9dition de \u00ab Feeding Forward \u00bb<\/strong>, un nouvel \u00e9v\u00e9nement annuel consacr\u00e9 \u00e0 l&rsquo;avenir de l&rsquo;alimentation de pr\u00e9cision et de la gestion moderne des exploitations laiti\u00e8res.<\/p>\n\n<p class=\"wp-block-paragraph\">Cet \u00e9v\u00e9nement a r\u00e9uni des \u00e9leveurs laitiers, des Nutritionnistes, des professionnels des secteurs et des chercheurs. Ils ont \u00e9chang\u00e9 leurs exp\u00e9riences, leurs strat\u00e9gies de gestion et leurs connaissances pratiques issues d&rsquo;exploitations laiti\u00e8res du monde entier. <\/p>\n\n<h2 class=\"wp-block-heading\">Un nouvel espace d\u00e9di\u00e9 au partage des connaissances<\/h2>\n\n<p class=\"wp-block-paragraph\">Bien plus qu\u2019une conf\u00e9rence traditionnelle, \u00ab Feeding Forward \u00bb a \u00e9t\u00e9 con\u00e7ue comme une plateforme de partage d\u2019exp\u00e9riences concr\u00e8tes, de strat\u00e9gies de gestion et d\u2019enseignements pratiques issus des principales exploitations laiti\u00e8res du monde entier. Cette initiative t\u00e9moigne de l\u2019engagement de Dinamica Generale \u00e0 soutenir l\u2019innovation, non seulement par le biais de la technologie, mais aussi en favorisant l\u2019\u00e9change de connaissances au sein de l\u2019ensemble du secteur laitier. <\/p>\n\n<h2 class=\"wp-block-heading\">Perspectives de la ferme laiti\u00e8re High Plains Ponderosa<\/h2>\n\n<p class=\"wp-block-paragraph\">La premi\u00e8re \u00e9dition a accueilli<strong> Greg Bethard<\/strong>, PDG et associ\u00e9 g\u00e9rant de High Plains Ponderosa Dairy, l&rsquo;une des plus grandes exploitations laiti\u00e8res des \u00c9tats-Unis, qui compte plus de <strong>40 000 vaches laiti\u00e8res<\/strong>. S&rsquo;appuyant sur plusieurs d\u00e9cennies d&rsquo;exp\u00e9rience dans la gestion d&rsquo;exploitations laiti\u00e8res \u00e0 grande \u00e9chelle, M. Bethard a pr\u00e9sent\u00e9 son approche visant \u00e0 am\u00e9liorer la rentabilit\u00e9 gr\u00e2ce \u00e0 une prise de d\u00e9cision fond\u00e9e sur les donn\u00e9es, \u00e0 des processus standardis\u00e9s et \u00e0 une attention particuli\u00e8re port\u00e9e aux performances \u00e9conomiques. <\/p>\n\n<p class=\"wp-block-paragraph\">Tout au long de l&rsquo;\u00e9v\u00e9nement, les participants ont abord\u00e9 des th\u00e8mes cl\u00e9s, notamment :<\/p>\n\n<ul class=\"wp-block-list\">\n<li>L&rsquo;impact des co\u00fbts d&rsquo;alimentation sur la rentabilit\u00e9 des exploitations laiti\u00e8res<\/li>\n\n\n\n<li>Pourquoi le rapport \u00ab <strong>revenus sur co\u00fbt de l&rsquo;alimentation \u00bb ( <\/strong>IOFC) est un indicateur de performance plus pertinent que la seule efficacit\u00e9 alimentaire<\/li>\n\n\n\n<li>L&rsquo;importance des donn\u00e9es dans l&rsquo;appui aux d\u00e9cisions de gestion quotidiennes<\/li>\n\n\n\n<li>Bonnes pratiques pour la conception et la gestion d&rsquo;exploitations laiti\u00e8res de grande envergure<\/li>\n\n\n\n<li>L&rsquo;\u00e9volution de l&rsquo;alimentation de pr\u00e9cision vers une approche plus large de gestion de pr\u00e9cision<\/li>\n<\/ul>\n\n<div class=\"wp-block-columns is-layout-flex wp-container-core-columns-is-layout-8f761849 wp-block-columns-is-layout-flex\">\n<div class=\"wp-block-column is-layout-flow wp-block-column-is-layout-flow\">\n<figure class=\"wp-block-image size-large\"><img loading=\"lazy\" decoding=\"async\" width=\"1024\" height=\"689\" src=\"https:\/\/www.dinamicagenerale.com\/wp-content\/uploads\/2026\/07\/feeding-forward-1-luglio-dinamica-generale-1024x689.png\" alt=\"\" class=\"wp-image-53058\" srcset=\"https:\/\/www.dinamicagenerale.com\/wp-content\/uploads\/2026\/07\/feeding-forward-1-luglio-dinamica-generale-1024x689.png 1024w, https:\/\/www.dinamicagenerale.com\/wp-content\/uploads\/2026\/07\/feeding-forward-1-luglio-dinamica-generale-300x202.png 300w, https:\/\/www.dinamicagenerale.com\/wp-content\/uploads\/2026\/07\/feeding-forward-1-luglio-dinamica-generale-768x517.png 768w, https:\/\/www.dinamicagenerale.com\/wp-content\/uploads\/2026\/07\/feeding-forward-1-luglio-dinamica-generale-1536x1034.png 1536w, https:\/\/www.dinamicagenerale.com\/wp-content\/uploads\/2026\/07\/feeding-forward-1-luglio-dinamica-generale.png 1605w\" sizes=\"auto, (max-width: 1024px) 100vw, 1024px\" \/><\/figure>\n<\/div>\n\n\n\n<div class=\"wp-block-column is-layout-flow wp-block-column-is-layout-flow\">\n<figure class=\"wp-block-image size-large\"><img loading=\"lazy\" decoding=\"async\" width=\"1024\" height=\"689\" src=\"https:\/\/www.dinamicagenerale.com\/wp-content\/uploads\/2026\/07\/feeding-forward-1-luglio-dinamica-generale-greg-1024x689.png\" alt=\"\" class=\"wp-image-53068\" srcset=\"https:\/\/www.dinamicagenerale.com\/wp-content\/uploads\/2026\/07\/feeding-forward-1-luglio-dinamica-generale-greg-1024x689.png 1024w, https:\/\/www.dinamicagenerale.com\/wp-content\/uploads\/2026\/07\/feeding-forward-1-luglio-dinamica-generale-greg-300x202.png 300w, https:\/\/www.dinamicagenerale.com\/wp-content\/uploads\/2026\/07\/feeding-forward-1-luglio-dinamica-generale-greg-768x517.png 768w, https:\/\/www.dinamicagenerale.com\/wp-content\/uploads\/2026\/07\/feeding-forward-1-luglio-dinamica-generale-greg-1536x1034.png 1536w, https:\/\/www.dinamicagenerale.com\/wp-content\/uploads\/2026\/07\/feeding-forward-1-luglio-dinamica-generale-greg.png 1605w\" sizes=\"auto, (max-width: 1024px) 100vw, 1024px\" \/><\/figure>\n<\/div>\n<\/div>\n\n<p class=\"wp-block-paragraph\">Au-del\u00e0 des pr\u00e9sentations, Feeding Forward a offert de pr\u00e9cieuses occasions de discussion et de mise en r\u00e9seau entre des professionnels partageant un objectif commun : cr\u00e9er des exploitations laiti\u00e8res plus efficaces, plus rentables et plus durables.<\/p>\n\n<h2 class=\"wp-block-heading\">Un \u00e9v\u00e9nement annuel d\u00e9di\u00e9 au secteur laitier<\/h2>\n\n<p class=\"wp-block-paragraph\">La premi\u00e8re \u00e9dition de \u00ab Feeding Forward \u00bb a \u00e9galement \u00e9t\u00e9 l&rsquo;occasion de discussions et de rencontres fructueuses. Les participants ont \u00e9chang\u00e9 des id\u00e9es, des exp\u00e9riences et des points de vue sur l&rsquo;avenir de l&rsquo;\u00e9levage laitier. <\/p>\n\n<p class=\"wp-block-paragraph\">Dinamica Generale fera de \u00ab Feeding Forward \u00bb un \u00e9v\u00e9nement annuel. Chaque \u00e9dition accueillera des experts de renomm\u00e9e internationale qui partageront leurs connaissances issues de la pratique, leurs pratiques de gestion et de nouvelles perspectives. <\/p>\n\n<p class=\"wp-block-paragraph\">Chez Dinamica Generale, l&rsquo;innovation se nourrit de la technologie, de l&rsquo;expertise et de l&rsquo;\u00e9change d&rsquo;id\u00e9es.<\/p>\n\n<p class=\"wp-block-paragraph\"><strong>\u00ab Feeding Forward \u00bb : l\u00e0 o\u00f9 le savoir fa\u00e7onne l&rsquo;avenir de l&rsquo;\u00e9levage laitier.<\/strong><\/p>\n\n<p class=\"wp-block-paragraph\"><a href=\"https:\/\/www.dinamicagenerale.com\/fr\/machine\/melangeuse-tractee\/\" type=\"link\" id=\"https:\/\/www.dinamicagenerale.com\/machine\/trailed-feed-mixer\/\" target=\"_blank\" rel=\"noreferrer noopener\">D\u00e9couvrez nos solutions d&rsquo;alimentation de pr\u00e9cision<\/a><\/p>\n\n<p class=\"wp-block-paragraph\"><\/p>\n","protected":false},"excerpt":{"rendered":"<p>Dinamica Generale a organis\u00e9 la premi\u00e8re \u00e9dition de \u00ab Feeding Forward \u00bb, un nouvel \u00e9v\u00e9nement annuel consacr\u00e9 \u00e0 l&rsquo;alimentation de pr\u00e9cision, \u00e0 la rentabilit\u00e9 des exploitations laiti\u00e8res et \u00e0 la gestion agricole fond\u00e9e sur les donn\u00e9es.<\/p>\n","protected":false},"author":5,"featured_media":53081,"comment_status":"closed","ping_status":"closed","sticky":false,"template":"","format":"standard","meta":{"footnotes":""},"categories":[1188,3400],"tags":[],"class_list":["post-53093","post","type-post","status-publish","format-standard","has-post-thumbnail","hentry","category-entreprise","category-on-farm-fr"],"yoast_head":"<!-- This site is optimized with the Yoast SEO plugin v28.0 - https:\/\/yoast.com\/product\/yoast-seo-wordpress\/ -->\n<title>\u00ab Feeding Forward \u00bb : le nouvel \u00e9v\u00e9nement de Dinamica Generale consacr\u00e9 \u00e0 l&#039;alimentation de pr\u00e9cision<\/title>\n<meta name=\"description\" content=\"Dinamica Generale lance \u00ab Feeding Forward \u00bb, un nouvel \u00e9v\u00e9nement annuel au cours duquel les professionnels du secteur laitier abordent les th\u00e8mes de l&#039;alimentation de pr\u00e9cision, de la gestion fond\u00e9e sur les donn\u00e9es et de la rentabilit\u00e9 des exploitations.\" \/>\n<meta name=\"robots\" content=\"index, follow, max-snippet:-1, max-image-preview:large, max-video-preview:-1\" \/>\n<link rel=\"canonical\" href=\"https:\/\/www.dinamicagenerale.com\/fr\/dinamica-generale-lance-feeding-forward-un-nouvel-evenement-annuel-consacre-a-lavenir-de-lalimentation-de-precision\/\" \/>\n<meta property=\"og:locale\" content=\"fr_FR\" \/>\n<meta property=\"og:type\" content=\"article\" \/>\n<meta property=\"og:title\" content=\"\u00ab Feeding Forward \u00bb : le nouvel \u00e9v\u00e9nement de Dinamica Generale consacr\u00e9 \u00e0 l&#039;alimentation de pr\u00e9cision\" \/>\n<meta property=\"og:description\" content=\"Dinamica Generale lance \u00ab Feeding Forward \u00bb, un nouvel \u00e9v\u00e9nement annuel au cours duquel les professionnels du secteur laitier abordent les th\u00e8mes de l&#039;alimentation de pr\u00e9cision, de la gestion fond\u00e9e sur les donn\u00e9es et de la rentabilit\u00e9 des exploitations.\" \/>\n<meta property=\"og:url\" content=\"https:\/\/www.dinamicagenerale.com\/fr\/dinamica-generale-lance-feeding-forward-un-nouvel-evenement-annuel-consacre-a-lavenir-de-lalimentation-de-precision\/\" \/>\n<meta property=\"og:site_name\" content=\"Dinamica Generale\" \/>\n<meta property=\"article:published_time\" content=\"2026-07-06T09:27:53+00:00\" \/>\n<meta property=\"article:modified_time\" content=\"2026-07-06T09:33:31+00:00\" \/>\n<meta property=\"og:image\" content=\"https:\/\/www.dinamicagenerale.com\/wp-content\/uploads\/2026\/07\/Feeding-Forward-Dinamica-Generales-New-Precision-Feeding-Event-1024x528.png\" \/>\n\t<meta property=\"og:image:width\" content=\"1024\" \/>\n\t<meta property=\"og:image:height\" content=\"528\" \/>\n\t<meta property=\"og:image:type\" content=\"image\/png\" \/>\n<meta name=\"author\" content=\"leonardoparmeggiani\" \/>\n<meta name=\"twitter:card\" content=\"summary_large_image\" \/>\n<meta name=\"twitter:label1\" content=\"\u00c9crit par\" \/>\n\t<meta name=\"twitter:data1\" content=\"leonardoparmeggiani\" \/>\n\t<meta name=\"twitter:label2\" content=\"Dur\u00e9e de lecture estim\u00e9e\" \/>\n\t<meta name=\"twitter:data2\" content=\"3 minutes\" \/>\n<script type=\"application\/ld+json\" class=\"yoast-schema-graph\">{\"@context\":\"https:\\\/\\\/schema.org\",\"@graph\":[{\"@type\":\"Article\",\"@id\":\"https:\\\/\\\/www.dinamicagenerale.com\\\/fr\\\/dinamica-generale-lance-feeding-forward-un-nouvel-evenement-annuel-consacre-a-lavenir-de-lalimentation-de-precision\\\/#article\",\"isPartOf\":{\"@id\":\"https:\\\/\\\/www.dinamicagenerale.com\\\/fr\\\/dinamica-generale-lance-feeding-forward-un-nouvel-evenement-annuel-consacre-a-lavenir-de-lalimentation-de-precision\\\/\"},\"author\":{\"name\":\"leonardoparmeggiani\",\"@id\":\"https:\\\/\\\/www.dinamicagenerale.com\\\/fr\\\/#\\\/schema\\\/person\\\/a5c006ed54fc259d80e205e87334fd4e\"},\"headline\":\"Dinamica Generale lance \u00ab Feeding Forward \u00bb, un nouvel \u00e9v\u00e9nement annuel consacr\u00e9 \u00e0 l&rsquo;avenir de l&rsquo;alimentation de pr\u00e9cision\",\"datePublished\":\"2026-07-06T09:27:53+00:00\",\"dateModified\":\"2026-07-06T09:33:31+00:00\",\"mainEntityOfPage\":{\"@id\":\"https:\\\/\\\/www.dinamicagenerale.com\\\/fr\\\/dinamica-generale-lance-feeding-forward-un-nouvel-evenement-annuel-consacre-a-lavenir-de-lalimentation-de-precision\\\/\"},\"wordCount\":555,\"image\":{\"@id\":\"https:\\\/\\\/www.dinamicagenerale.com\\\/fr\\\/dinamica-generale-lance-feeding-forward-un-nouvel-evenement-annuel-consacre-a-lavenir-de-lalimentation-de-precision\\\/#primaryimage\"},\"thumbnailUrl\":\"https:\\\/\\\/www.dinamicagenerale.com\\\/wp-content\\\/uploads\\\/2026\\\/07\\\/Feeding-Forward-Dinamica-Generales-New-Precision-Feeding-Event.png\",\"articleSection\":[\"Entreprise\",\"On Farm\"],\"inLanguage\":\"fr-FR\"},{\"@type\":\"WebPage\",\"@id\":\"https:\\\/\\\/www.dinamicagenerale.com\\\/fr\\\/dinamica-generale-lance-feeding-forward-un-nouvel-evenement-annuel-consacre-a-lavenir-de-lalimentation-de-precision\\\/\",\"url\":\"https:\\\/\\\/www.dinamicagenerale.com\\\/fr\\\/dinamica-generale-lance-feeding-forward-un-nouvel-evenement-annuel-consacre-a-lavenir-de-lalimentation-de-precision\\\/\",\"name\":\"\u00ab Feeding Forward \u00bb : le nouvel \u00e9v\u00e9nement de Dinamica Generale consacr\u00e9 \u00e0 l'alimentation de pr\u00e9cision\",\"isPartOf\":{\"@id\":\"https:\\\/\\\/www.dinamicagenerale.com\\\/fr\\\/#website\"},\"primaryImageOfPage\":{\"@id\":\"https:\\\/\\\/www.dinamicagenerale.com\\\/fr\\\/dinamica-generale-lance-feeding-forward-un-nouvel-evenement-annuel-consacre-a-lavenir-de-lalimentation-de-precision\\\/#primaryimage\"},\"image\":{\"@id\":\"https:\\\/\\\/www.dinamicagenerale.com\\\/fr\\\/dinamica-generale-lance-feeding-forward-un-nouvel-evenement-annuel-consacre-a-lavenir-de-lalimentation-de-precision\\\/#primaryimage\"},\"thumbnailUrl\":\"https:\\\/\\\/www.dinamicagenerale.com\\\/wp-content\\\/uploads\\\/2026\\\/07\\\/Feeding-Forward-Dinamica-Generales-New-Precision-Feeding-Event.png\",\"datePublished\":\"2026-07-06T09:27:53+00:00\",\"dateModified\":\"2026-07-06T09:33:31+00:00\",\"author\":{\"@id\":\"https:\\\/\\\/www.dinamicagenerale.com\\\/fr\\\/#\\\/schema\\\/person\\\/a5c006ed54fc259d80e205e87334fd4e\"},\"description\":\"Dinamica Generale lance \u00ab Feeding Forward \u00bb, un nouvel \u00e9v\u00e9nement annuel au cours duquel les professionnels du secteur laitier abordent les th\u00e8mes de l'alimentation de pr\u00e9cision, de la gestion fond\u00e9e sur les donn\u00e9es et de la rentabilit\u00e9 des exploitations.\",\"breadcrumb\":{\"@id\":\"https:\\\/\\\/www.dinamicagenerale.com\\\/fr\\\/dinamica-generale-lance-feeding-forward-un-nouvel-evenement-annuel-consacre-a-lavenir-de-lalimentation-de-precision\\\/#breadcrumb\"},\"inLanguage\":\"fr-FR\",\"potentialAction\":[{\"@type\":\"ReadAction\",\"target\":[\"https:\\\/\\\/www.dinamicagenerale.com\\\/fr\\\/dinamica-generale-lance-feeding-forward-un-nouvel-evenement-annuel-consacre-a-lavenir-de-lalimentation-de-precision\\\/\"]}]},{\"@type\":\"ImageObject\",\"inLanguage\":\"fr-FR\",\"@id\":\"https:\\\/\\\/www.dinamicagenerale.com\\\/fr\\\/dinamica-generale-lance-feeding-forward-un-nouvel-evenement-annuel-consacre-a-lavenir-de-lalimentation-de-precision\\\/#primaryimage\",\"url\":\"https:\\\/\\\/www.dinamicagenerale.com\\\/wp-content\\\/uploads\\\/2026\\\/07\\\/Feeding-Forward-Dinamica-Generales-New-Precision-Feeding-Event.png\",\"contentUrl\":\"https:\\\/\\\/www.dinamicagenerale.com\\\/wp-content\\\/uploads\\\/2026\\\/07\\\/Feeding-Forward-Dinamica-Generales-New-Precision-Feeding-Event.png\",\"width\":2362,\"height\":1217},{\"@type\":\"BreadcrumbList\",\"@id\":\"https:\\\/\\\/www.dinamicagenerale.com\\\/fr\\\/dinamica-generale-lance-feeding-forward-un-nouvel-evenement-annuel-consacre-a-lavenir-de-lalimentation-de-precision\\\/#breadcrumb\",\"itemListElement\":[{\"@type\":\"ListItem\",\"position\":1,\"name\":\"Home\",\"item\":\"https:\\\/\\\/www.dinamicagenerale.com\\\/fr\\\/divisions\\\/\"},{\"@type\":\"ListItem\",\"position\":2,\"name\":\"Dinamica Generale lance \u00ab Feeding Forward \u00bb, un nouvel \u00e9v\u00e9nement annuel consacr\u00e9 \u00e0 l&#8217;avenir de l&#8217;alimentation de pr\u00e9cision\"}]},{\"@type\":\"WebSite\",\"@id\":\"https:\\\/\\\/www.dinamicagenerale.com\\\/fr\\\/#website\",\"url\":\"https:\\\/\\\/www.dinamicagenerale.com\\\/fr\\\/\",\"name\":\"Dinamica Generale\",\"description\":\"\",\"potentialAction\":[{\"@type\":\"SearchAction\",\"target\":{\"@type\":\"EntryPoint\",\"urlTemplate\":\"https:\\\/\\\/www.dinamicagenerale.com\\\/fr\\\/?s={search_term_string}\"},\"query-input\":{\"@type\":\"PropertyValueSpecification\",\"valueRequired\":true,\"valueName\":\"search_term_string\"}}],\"inLanguage\":\"fr-FR\"},{\"@type\":\"Person\",\"@id\":\"https:\\\/\\\/www.dinamicagenerale.com\\\/fr\\\/#\\\/schema\\\/person\\\/a5c006ed54fc259d80e205e87334fd4e\",\"name\":\"leonardoparmeggiani\",\"image\":{\"@type\":\"ImageObject\",\"inLanguage\":\"fr-FR\",\"@id\":\"https:\\\/\\\/secure.gravatar.com\\\/avatar\\\/35c1e41d17eff04f4dc47409276969d2f6a1822502e0fd6396ed7c623180ec0f?s=96&d=mm&r=g\",\"url\":\"https:\\\/\\\/secure.gravatar.com\\\/avatar\\\/35c1e41d17eff04f4dc47409276969d2f6a1822502e0fd6396ed7c623180ec0f?s=96&d=mm&r=g\",\"contentUrl\":\"https:\\\/\\\/secure.gravatar.com\\\/avatar\\\/35c1e41d17eff04f4dc47409276969d2f6a1822502e0fd6396ed7c623180ec0f?s=96&d=mm&r=g\",\"caption\":\"leonardoparmeggiani\"}}]}<\/script>\n<!-- \/ Yoast SEO plugin. -->","yoast_head_json":{"title":"\u00ab Feeding Forward \u00bb : le nouvel \u00e9v\u00e9nement de Dinamica Generale consacr\u00e9 \u00e0 l'alimentation de pr\u00e9cision","description":"Dinamica Generale lance \u00ab Feeding Forward \u00bb, un nouvel \u00e9v\u00e9nement annuel au cours duquel les professionnels du secteur laitier abordent les th\u00e8mes de l'alimentation de pr\u00e9cision, de la gestion fond\u00e9e sur les donn\u00e9es et de la rentabilit\u00e9 des exploitations.","robots":{"index":"index","follow":"follow","max-snippet":"max-snippet:-1","max-image-preview":"max-image-preview:large","max-video-preview":"max-video-preview:-1"},"canonical":"https:\/\/www.dinamicagenerale.com\/fr\/dinamica-generale-lance-feeding-forward-un-nouvel-evenement-annuel-consacre-a-lavenir-de-lalimentation-de-precision\/","og_locale":"fr_FR","og_type":"article","og_title":"\u00ab Feeding Forward \u00bb : le nouvel \u00e9v\u00e9nement de Dinamica Generale consacr\u00e9 \u00e0 l'alimentation de pr\u00e9cision","og_description":"Dinamica Generale lance \u00ab Feeding Forward \u00bb, un nouvel \u00e9v\u00e9nement annuel au cours duquel les professionnels du secteur laitier abordent les th\u00e8mes de l'alimentation de pr\u00e9cision, de la gestion fond\u00e9e sur les donn\u00e9es et de la rentabilit\u00e9 des exploitations.","og_url":"https:\/\/www.dinamicagenerale.com\/fr\/dinamica-generale-lance-feeding-forward-un-nouvel-evenement-annuel-consacre-a-lavenir-de-lalimentation-de-precision\/","og_site_name":"Dinamica Generale","article_published_time":"2026-07-06T09:27:53+00:00","article_modified_time":"2026-07-06T09:33:31+00:00","og_image":[{"width":1024,"height":528,"url":"https:\/\/www.dinamicagenerale.com\/wp-content\/uploads\/2026\/07\/Feeding-Forward-Dinamica-Generales-New-Precision-Feeding-Event-1024x528.png","type":"image\/png"}],"author":"leonardoparmeggiani","twitter_card":"summary_large_image","twitter_misc":{"\u00c9crit par":"leonardoparmeggiani","Dur\u00e9e de lecture estim\u00e9e":"3 minutes"},"schema":{"@context":"https:\/\/schema.org","@graph":[{"@type":"Article","@id":"https:\/\/www.dinamicagenerale.com\/fr\/dinamica-generale-lance-feeding-forward-un-nouvel-evenement-annuel-consacre-a-lavenir-de-lalimentation-de-precision\/#article","isPartOf":{"@id":"https:\/\/www.dinamicagenerale.com\/fr\/dinamica-generale-lance-feeding-forward-un-nouvel-evenement-annuel-consacre-a-lavenir-de-lalimentation-de-precision\/"},"author":{"name":"leonardoparmeggiani","@id":"https:\/\/www.dinamicagenerale.com\/fr\/#\/schema\/person\/a5c006ed54fc259d80e205e87334fd4e"},"headline":"Dinamica Generale lance \u00ab Feeding Forward \u00bb, un nouvel \u00e9v\u00e9nement annuel consacr\u00e9 \u00e0 l&rsquo;avenir de l&rsquo;alimentation de pr\u00e9cision","datePublished":"2026-07-06T09:27:53+00:00","dateModified":"2026-07-06T09:33:31+00:00","mainEntityOfPage":{"@id":"https:\/\/www.dinamicagenerale.com\/fr\/dinamica-generale-lance-feeding-forward-un-nouvel-evenement-annuel-consacre-a-lavenir-de-lalimentation-de-precision\/"},"wordCount":555,"image":{"@id":"https:\/\/www.dinamicagenerale.com\/fr\/dinamica-generale-lance-feeding-forward-un-nouvel-evenement-annuel-consacre-a-lavenir-de-lalimentation-de-precision\/#primaryimage"},"thumbnailUrl":"https:\/\/www.dinamicagenerale.com\/wp-content\/uploads\/2026\/07\/Feeding-Forward-Dinamica-Generales-New-Precision-Feeding-Event.png","articleSection":["Entreprise","On Farm"],"inLanguage":"fr-FR"},{"@type":"WebPage","@id":"https:\/\/www.dinamicagenerale.com\/fr\/dinamica-generale-lance-feeding-forward-un-nouvel-evenement-annuel-consacre-a-lavenir-de-lalimentation-de-precision\/","url":"https:\/\/www.dinamicagenerale.com\/fr\/dinamica-generale-lance-feeding-forward-un-nouvel-evenement-annuel-consacre-a-lavenir-de-lalimentation-de-precision\/","name":"\u00ab Feeding Forward \u00bb : le nouvel \u00e9v\u00e9nement de Dinamica Generale consacr\u00e9 \u00e0 l'alimentation de pr\u00e9cision","isPartOf":{"@id":"https:\/\/www.dinamicagenerale.com\/fr\/#website"},"primaryImageOfPage":{"@id":"https:\/\/www.dinamicagenerale.com\/fr\/dinamica-generale-lance-feeding-forward-un-nouvel-evenement-annuel-consacre-a-lavenir-de-lalimentation-de-precision\/#primaryimage"},"image":{"@id":"https:\/\/www.dinamicagenerale.com\/fr\/dinamica-generale-lance-feeding-forward-un-nouvel-evenement-annuel-consacre-a-lavenir-de-lalimentation-de-precision\/#primaryimage"},"thumbnailUrl":"https:\/\/www.dinamicagenerale.com\/wp-content\/uploads\/2026\/07\/Feeding-Forward-Dinamica-Generales-New-Precision-Feeding-Event.png","datePublished":"2026-07-06T09:27:53+00:00","dateModified":"2026-07-06T09:33:31+00:00","author":{"@id":"https:\/\/www.dinamicagenerale.com\/fr\/#\/schema\/person\/a5c006ed54fc259d80e205e87334fd4e"},"description":"Dinamica Generale lance \u00ab Feeding Forward \u00bb, un nouvel \u00e9v\u00e9nement annuel au cours duquel les professionnels du secteur laitier abordent les th\u00e8mes de l'alimentation de pr\u00e9cision, de la gestion fond\u00e9e sur les donn\u00e9es et de la rentabilit\u00e9 des exploitations.","breadcrumb":{"@id":"https:\/\/www.dinamicagenerale.com\/fr\/dinamica-generale-lance-feeding-forward-un-nouvel-evenement-annuel-consacre-a-lavenir-de-lalimentation-de-precision\/#breadcrumb"},"inLanguage":"fr-FR","potentialAction":[{"@type":"ReadAction","target":["https:\/\/www.dinamicagenerale.com\/fr\/dinamica-generale-lance-feeding-forward-un-nouvel-evenement-annuel-consacre-a-lavenir-de-lalimentation-de-precision\/"]}]},{"@type":"ImageObject","inLanguage":"fr-FR","@id":"https:\/\/www.dinamicagenerale.com\/fr\/dinamica-generale-lance-feeding-forward-un-nouvel-evenement-annuel-consacre-a-lavenir-de-lalimentation-de-precision\/#primaryimage","url":"https:\/\/www.dinamicagenerale.com\/wp-content\/uploads\/2026\/07\/Feeding-Forward-Dinamica-Generales-New-Precision-Feeding-Event.png","contentUrl":"https:\/\/www.dinamicagenerale.com\/wp-content\/uploads\/2026\/07\/Feeding-Forward-Dinamica-Generales-New-Precision-Feeding-Event.png","width":2362,"height":1217},{"@type":"BreadcrumbList","@id":"https:\/\/www.dinamicagenerale.com\/fr\/dinamica-generale-lance-feeding-forward-un-nouvel-evenement-annuel-consacre-a-lavenir-de-lalimentation-de-precision\/#breadcrumb","itemListElement":[{"@type":"ListItem","position":1,"name":"Home","item":"https:\/\/www.dinamicagenerale.com\/fr\/divisions\/"},{"@type":"ListItem","position":2,"name":"Dinamica Generale lance \u00ab Feeding Forward \u00bb, un nouvel \u00e9v\u00e9nement annuel consacr\u00e9 \u00e0 l&#8217;avenir de l&#8217;alimentation de pr\u00e9cision"}]},{"@type":"WebSite","@id":"https:\/\/www.dinamicagenerale.com\/fr\/#website","url":"https:\/\/www.dinamicagenerale.com\/fr\/","name":"Dinamica Generale","description":"","potentialAction":[{"@type":"SearchAction","target":{"@type":"EntryPoint","urlTemplate":"https:\/\/www.dinamicagenerale.com\/fr\/?s={search_term_string}"},"query-input":{"@type":"PropertyValueSpecification","valueRequired":true,"valueName":"search_term_string"}}],"inLanguage":"fr-FR"},{"@type":"Person","@id":"https:\/\/www.dinamicagenerale.com\/fr\/#\/schema\/person\/a5c006ed54fc259d80e205e87334fd4e","name":"leonardoparmeggiani","image":{"@type":"ImageObject","inLanguage":"fr-FR","@id":"https:\/\/secure.gravatar.com\/avatar\/35c1e41d17eff04f4dc47409276969d2f6a1822502e0fd6396ed7c623180ec0f?s=96&d=mm&r=g","url":"https:\/\/secure.gravatar.com\/avatar\/35c1e41d17eff04f4dc47409276969d2f6a1822502e0fd6396ed7c623180ec0f?s=96&d=mm&r=g","contentUrl":"https:\/\/secure.gravatar.com\/avatar\/35c1e41d17eff04f4dc47409276969d2f6a1822502e0fd6396ed7c623180ec0f?s=96&d=mm&r=g","caption":"leonardoparmeggiani"}}]}},"_links":{"self":[{"href":"https:\/\/www.dinamicagenerale.com\/fr\/wp-json\/wp\/v2\/posts\/53093","targetHints":{"allow":["GET"]}}],"collection":[{"href":"https:\/\/www.dinamicagenerale.com\/fr\/wp-json\/wp\/v2\/posts"}],"about":[{"href":"https:\/\/www.dinamicagenerale.com\/fr\/wp-json\/wp\/v2\/types\/post"}],"author":[{"embeddable":true,"href":"https:\/\/www.dinamicagenerale.com\/fr\/wp-json\/wp\/v2\/users\/5"}],"replies":[{"embeddable":true,"href":"https:\/\/www.dinamicagenerale.com\/fr\/wp-json\/wp\/v2\/comments?post=53093"}],"version-history":[{"count":1,"href":"https:\/\/www.dinamicagenerale.com\/fr\/wp-json\/wp\/v2\/posts\/53093\/revisions"}],"predecessor-version":[{"id":53094,"href":"https:\/\/www.dinamicagenerale.com\/fr\/wp-json\/wp\/v2\/posts\/53093\/revisions\/53094"}],"wp:featuredmedia":[{"embeddable":true,"href":"https:\/\/www.dinamicagenerale.com\/fr\/wp-json\/wp\/v2\/media\/53081"}],"wp:attachment":[{"href":"https:\/\/www.dinamicagenerale.com\/fr\/wp-json\/wp\/v2\/media?parent=53093"}],"wp:term":[{"taxonomy":"category","embeddable":true,"href":"https:\/\/www.dinamicagenerale.com\/fr\/wp-json\/wp\/v2\/categories?post=53093"},{"taxonomy":"post_tag","embeddable":true,"href":"https:\/\/www.dinamicagenerale.com\/fr\/wp-json\/wp\/v2\/tags?post=53093"}],"curies":[{"name":"wp","href":"https:\/\/api.w.org\/{rel}","templated":true}]}}