{"id":54599,"date":"2026-09-02T09:25:00","date_gmt":"2026-09-02T07:25:00","guid":{"rendered":"https:\/\/www.dinamicagenerale.com\/?p=54599"},"modified":"2026-08-27T09:48:43","modified_gmt":"2026-08-27T07:48:43","slug":"donde-puedes-encontrarte-con-dinamica-general-en-septiembre-de-2026","status":"publish","type":"post","link":"https:\/\/www.dinamicagenerale.com\/es\/donde-puedes-encontrarte-con-dinamica-general-en-septiembre-de-2026\/","title":{"rendered":"\u00bfD\u00f3nde puedes encontrarte con Dinamica GENERAL en septiembre de 2026?"},"content":{"rendered":"\n<p class=\"wp-block-paragraph\">Los eventos de Dinamica GENERAL en septiembre de 2026 llevar\u00e1n a nuestro equipo de Europa a Norteam\u00e9rica, con cuatro citas importantes en los sectores agr\u00edcola y ganadero.  <\/p>\n\n<p class=\"wp-block-paragraph\">Estos eventos se centrar\u00e1n en la ganader\u00eda, la maquinaria agr\u00edcola y la agricultura de precisi\u00f3n. Adem\u00e1s, ser\u00e1n una gran oportunidad para conocer a nuestro equipo y descubrir nuestras \u00faltimas tecnolog\u00edas. <\/p>\n\n<p class=\"wp-block-paragraph\">Desde Valencia hasta Rennes, pasando por Bednary y Madison, aqu\u00ed es donde podr\u00e1s ver a Dinamica GENERAL este septiembre.<\/p>\n\n<h2 class=\"wp-block-heading\">ECPLF 2026 &#8211; Valencia, Espa\u00f1a<\/h2>\n\n<p class=\"wp-block-paragraph\">Nuestro viaje de septiembre empieza en Valencia, en la Conferencia Europea sobre Ganader\u00eda de Precisi\u00f3n (ECPLF 2026).<\/p>\n\n<p class=\"wp-block-paragraph\">El evento re\u00fane a investigadores, proveedores de tecnolog\u00eda y profesionales del sector ganadero. Juntos, hablar\u00e1n sobre las \u00faltimas novedades en ganader\u00eda de precisi\u00f3n. <\/p>\n\n<p class=\"wp-block-paragraph\">Dinamica GENERAL presentar\u00e1 su experiencia en alimentaci\u00f3n de precisi\u00f3n, an\u00e1lisis NIR y gesti\u00f3n digital de la alimentaci\u00f3n.<\/p>\n\n<p class=\"wp-block-paragraph\">Adem\u00e1s, el 14 de septiembre, nuestro equipo participar\u00e1 en el evento nacional de la ECPLF. Estaremos en la mesa redonda dedicada a los avances y retos de la innovaci\u00f3n tecnol\u00f3gica en la ganader\u00eda. <\/p>\n\n<p class=\"wp-block-paragraph\"><strong>Fechas:<\/strong> 14-17 de septiembre de 2026<br\/><strong>Localizaci\u00f3n:<\/strong> Universitat Polit\u00e8cnica de Val\u00e8ncia. Paraninfo &#8211; Edificio Nexus (UPV) <br\/><strong>Sitio web del evento:<\/strong> <a type=\"link\" href=\"https:\/\/www.ecplf2026.com\/\" id=\"https:\/\/www.ecplf2026.com\/\" target=\"_blank\" rel=\"noreferrer noopener\">ECPLF 2026<\/a><br\/><strong>Nuestro stand:<\/strong> 2<\/p>\n\n<p class=\"wp-block-paragraph\"><strong><a href=\"https:\/\/www.dinamicagenerale.com\/es\/evento\/ecplf-2026-descubre-nuestras-soluciones-de-ganaderia-de-precision-dinamica-generale\/\" data-type=\"link\" data-id=\"https:\/\/www.dinamicagenerale.com\/event\/ecplf-2026-discover-our-precision-livestock-farming-solutions-dinamica-generale\/\" target=\"_blank\" rel=\"noreferrer noopener\">Descubre el ECPLF 2026<\/a><\/strong><\/p>\n\n<div class=\"wp-block-columns is-layout-flex wp-container-core-columns-is-layout-8f761849 wp-block-columns-is-layout-flex\">\n<div class=\"wp-block-column is-layout-flow wp-block-column-is-layout-flow\">\n<figure class=\"wp-block-image size-full\"><img loading=\"lazy\" decoding=\"async\" width=\"740\" height=\"380\" src=\"https:\/\/www.dinamicagenerale.com\/wp-content\/uploads\/2026\/03\/BATA-AGRO-2026-portable-nir-analyzer-dinamica-generale.png\" alt=\"\" class=\"wp-image-44097\" srcset=\"https:\/\/www.dinamicagenerale.com\/wp-content\/uploads\/2026\/03\/BATA-AGRO-2026-portable-nir-analyzer-dinamica-generale.png 740w, https:\/\/www.dinamicagenerale.com\/wp-content\/uploads\/2026\/03\/BATA-AGRO-2026-portable-nir-analyzer-dinamica-generale-300x154.png 300w\" sizes=\"auto, (max-width: 740px) 100vw, 740px\" \/><\/figure>\n<\/div>\n\n\n\n<div class=\"wp-block-column is-layout-flow wp-block-column-is-layout-flow\">\n<figure class=\"wp-block-image size-full\"><img decoding=\"async\" src=\"https:\/\/www.dinamicagenerale.com\/wp-content\/uploads\/2026\/03\/BATA-AGRO-2026-DTM-&#x2013;-Digital-Feeding-Management-dinamica-generale.png\" alt=\"\" class=\"wp-image-44107\"\/><\/figure>\n<\/div>\n<\/div>\n\n<h2 class=\"wp-block-heading\">SPACE 2026 &#8211; Rennes, Francia<\/h2>\n\n<p class=\"wp-block-paragraph\">Mientras tanto, nuestro equipo tambi\u00e9n estar\u00e1 en Rennes para la feria SPACE 2026.<\/p>\n\n<p class=\"wp-block-paragraph\">Este evento es uno de los principales puntos de encuentro internacionales del sector ganadero. Por eso, supone una oportunidad importante para conocer a ganaderos, profesionales y proveedores de tecnolog\u00eda de distintos mercados. <\/p>\n\n<p class=\"wp-block-paragraph\">En SPACE, Dinamica GENERAL presentar\u00e1 soluciones dise\u00f1adas para que las operaciones de alimentaci\u00f3n sean m\u00e1s precisas, cuantificables y conectadas.<\/p>\n\n<p class=\"wp-block-paragraph\">Los visitantes podr\u00e1n conocer nuestras tecnolog\u00edas de alimentaci\u00f3n de precisi\u00f3n, an\u00e1lisis NIR port\u00e1til y gesti\u00f3n digital de la alimentaci\u00f3n con DTM.<\/p>\n\n<p class=\"wp-block-paragraph\"><strong>Fechas:<\/strong> del 15 al 17 de septiembre de 2026<br\/><strong>Lugar:<\/strong> Rennes, Francia<br\/><strong>Stand:<\/strong> Pabell\u00f3n 2\/3 \u2013 Stand C42<br\/><strong>Horario:<\/strong> de 9:00 a 19:00<br\/><strong>P\u00e1gina web:<\/strong> <a href=\"https:\/\/worlddairyexpo.com\/\">SPACE 2026<\/a><\/p>\n\n<p class=\"wp-block-paragraph\"><strong><a href=\"https:\/\/www.dinamicagenerale.com\/es\/evento\/space-2026-alimentacion-de-precision-y-tecnologias-nir-dinamica-generale\/\" data-type=\"link\" data-id=\"https:\/\/www.dinamicagenerale.com\/event\/space-2026-precision-feeding-nir-technologies-dinamica-generale\/\" target=\"_blank\" rel=\"noreferrer noopener\">Ven a vernos a SPACE 2026<\/a><\/strong><\/p>\n\n<h2 class=\"wp-block-heading\">AGRO SHOW 2026 &#8211; Bednary, Polonia<\/h2>\n\n<p class=\"wp-block-paragraph\">A continuaci\u00f3n, Dinamica GENERAL se trasladar\u00e1 a Polonia para asistir a la feria AGRO SHOW 2026 en Bednary.<\/p>\n\n<p class=\"wp-block-paragraph\">Este evento es un importante punto de encuentro para la maquinaria agr\u00edcola en Europa Central y del Este. Aqu\u00ed nos centraremos en las tecnolog\u00edas que aportan m\u00e1s precisi\u00f3n directamente a las m\u00e1quinas agr\u00edcolas. <\/p>\n\n<p class=\"wp-block-paragraph\">En concreto, los visitantes podr\u00e1n descubrir nuestras soluciones para el pesaje, el an\u00e1lisis NIR, la agricultura de precisi\u00f3n y la Gesti\u00f3n de datos.<\/p>\n\n<p class=\"wp-block-paragraph\">Estas tecnolog\u00edas ayudan a los operadores a recopilar informaci\u00f3n \u00fatil directamente durante las operaciones sobre el terreno. Gracias a ello, pueden mejorar el control, la eficiencia y la trazabilidad. <\/p>\n\n<p class=\"wp-block-paragraph\"><strong>Fechas:<\/strong> del 18 al 20 de septiembre de 2026<br\/><strong>Lugar:<\/strong> Bednary, Polonia<br\/><strong>Stand:<\/strong> Stand de BIOMIX \u2013 n.\u00ba 36, Sector B<br\/><strong>Horario:<\/strong> de 9:00 a 19:00<br\/><strong>P\u00e1gina web:<\/strong> <a href=\"https:\/\/agroshow.pl\/agroshow\/en\" target=\"_blank\" rel=\"noreferrer noopener\">AGRO SHOW<\/a><\/p>\n\n<p class=\"wp-block-paragraph\"><strong><a href=\"https:\/\/www.dinamicagenerale.com\/es\/evento\/agro-show-2026-alimentacion-de-precision-y-soluciones-nir-en-la-mezcladora-dinamica-generale\/\" data-type=\"link\" data-id=\"https:\/\/www.dinamicagenerale.com\/event\/agro-show-2026-precision-feeding-on-mixer-nir-solutions-dinamica-generale\/\" target=\"_blank\" rel=\"noreferrer noopener\">Descubre AGRO SHOW 2026<\/a><\/strong><\/p>\n\n<div class=\"wp-block-columns is-layout-flex wp-container-core-columns-is-layout-8f761849 wp-block-columns-is-layout-flex\">\n<div class=\"wp-block-column is-layout-flow wp-block-column-is-layout-flow\">\n<figure class=\"wp-block-image size-full\"><img loading=\"lazy\" decoding=\"async\" width=\"740\" height=\"380\" src=\"https:\/\/www.dinamicagenerale.com\/wp-content\/uploads\/2026\/03\/space-2026-precision-feeding-reliable-weighing-systems-dinamica-generale.png\" alt=\"\" class=\"wp-image-43017\" srcset=\"https:\/\/www.dinamicagenerale.com\/wp-content\/uploads\/2026\/03\/space-2026-precision-feeding-reliable-weighing-systems-dinamica-generale.png 740w, https:\/\/www.dinamicagenerale.com\/wp-content\/uploads\/2026\/03\/space-2026-precision-feeding-reliable-weighing-systems-dinamica-generale-300x154.png 300w\" sizes=\"auto, (max-width: 740px) 100vw, 740px\" \/><\/figure>\n<\/div>\n\n\n\n<div class=\"wp-block-column is-layout-flow wp-block-column-is-layout-flow\">\n<figure class=\"wp-block-image size-full\"><img loading=\"lazy\" decoding=\"async\" width=\"740\" height=\"380\" src=\"https:\/\/www.dinamicagenerale.com\/wp-content\/uploads\/2026\/03\/space-2026-precision-feeding-nir-on-tank-dinamica-generale.png\" alt=\"\" class=\"wp-image-42996\" srcset=\"https:\/\/www.dinamicagenerale.com\/wp-content\/uploads\/2026\/03\/space-2026-precision-feeding-nir-on-tank-dinamica-generale.png 740w, https:\/\/www.dinamicagenerale.com\/wp-content\/uploads\/2026\/03\/space-2026-precision-feeding-nir-on-tank-dinamica-generale-300x154.png 300w\" sizes=\"auto, (max-width: 740px) 100vw, 740px\" \/><\/figure>\n<\/div>\n<\/div>\n\n<h2 class=\"wp-block-heading\">World Dairy Expo 2026 &#8211; Madison, Wisconsin, EE. UU.<\/h2>\n\n<p class=\"wp-block-paragraph\">Por fin, en septiembre, \u00abDinamica Generale\u00bb cruzar\u00e1 el Atl\u00e1ntico.<\/p>\n\n<p class=\"wp-block-paragraph\">Nuestro equipo estar\u00e1 en Madison, Wisconsin, para la World Dairy Expo 2026. Este evento es uno de los puntos de encuentro internacionales m\u00e1s importantes del sector l\u00e1cteo. <\/p>\n\n<p class=\"wp-block-paragraph\">Re\u00fane a ganaderos, nutricionistas, distribuidores, fabricantes de equipos originales y profesionales del sector l\u00e1cteo de todo el mundo.<\/p>\n\n<p class=\"wp-block-paragraph\">En la World Dairy Expo, Dinamica GENERAL presentar\u00e1 sus soluciones para la alimentaci\u00f3n de precisi\u00f3n y la gesti\u00f3n de explotaciones lecheras.<\/p>\n\n<p class=\"wp-block-paragraph\">Nuestras tecnolog\u00edas combinan sistemas de pesaje, an\u00e1lisis NIR y herramientas digitales. De esta forma, las explotaciones agr\u00edcolas pueden mejorar la uniformidad de la alimentaci\u00f3n, hacer un seguimiento del rendimiento y sacar m\u00e1s partido a sus datos. <\/p>\n\n<p class=\"wp-block-paragraph\"><strong>Fechas:<\/strong> del 29 de septiembre al 2 de octubre de 2026<br\/><strong>Lugar:<\/strong> Madison, Wisconsin, EE. UU.<br\/><strong>Stand:<\/strong> n.\u00ba 2009<br\/><strong>Horario:<\/strong> de 9:00 a 19:00<br\/><strong>P\u00e1gina web:<\/strong> <a href=\"https:\/\/worlddairyexpo.com\/\" target=\"_blank\" rel=\"noreferrer noopener\">World Dairy Expo<\/a><\/p>\n\n<p class=\"wp-block-paragraph\"><strong><a href=\"https:\/\/www.dinamicagenerale.com\/es\/evento\/world-dairy-expo-2026-alimentacion-de-precision-para-lecherias-de-alto-rendimiento-dinamica-generale\/\" data-type=\"link\" data-id=\"https:\/\/www.dinamicagenerale.com\/event\/world-dairy-expo-2026-precision-feeding-for-high-performance-dairies-dinamica-generale\/\" target=\"_blank\" rel=\"noreferrer noopener\">Ven a vernos a la World Dairy Expo<\/a><\/strong><\/p>\n\n<h3 class=\"wp-block-heading\">Cuatro eventos. Un mes. Un objetivo: hacer que la agricultura sea m\u00e1s precisa.  <\/h3>\n\n<p class=\"wp-block-paragraph\">En septiembre, \u00abDinamica Generale\u00bb se ir\u00e1 de Espa\u00f1a a Francia, Polonia y Estados Unidos.<\/p>\n\n<p class=\"wp-block-paragraph\">Cada evento se centrar\u00e1 en un aspecto diferente de la agricultura moderna. Sin embargo, el objetivo sigue siendo el mismo: usar la tecnolog\u00eda y los datos para mejorar la eficiencia y el control. <\/p>\n\n<p class=\"wp-block-paragraph\"><strong>\u00bfVas a asistir a alguno de estos eventos?<\/strong><\/p>\n\n<p class=\"wp-block-paragraph\">Conoce al equipo de Dinamica GENERAL y descubre c\u00f3mo nuestras tecnolog\u00edas pueden ayudarte en tu pr\u00f3ximo proyecto. \u00a1Rellena el formulario de abajo! <\/p>\n","protected":false},"excerpt":{"rendered":"<p>Los eventos de Dinamica GENERAL en septiembre de 2026 llevar\u00e1n a nuestro equipo de Europa a Norteam\u00e9rica, con cuatro citas [&hellip;]<\/p>\n","protected":false},"author":5,"featured_media":54583,"comment_status":"closed","ping_status":"closed","sticky":false,"template":"","format":"standard","meta":{"footnotes":""},"categories":[1190],"tags":[],"class_list":["post-54599","post","type-post","status-publish","format-standard","has-post-thumbnail","hentry","category-empresa"],"yoast_head":"<!-- This site is optimized with the Yoast SEO plugin v28.0 - https:\/\/yoast.com\/product\/yoast-seo-wordpress\/ -->\n<title>\u00bfD\u00f3nde puedes ver a Dinamica GENERAL en septiembre de 2026?<\/title>\n<meta name=\"description\" content=\"Descubre d\u00f3nde podr\u00e1s encontrar a Dinamica GENERAL en septiembre de 2026: en la ECPLF en Espa\u00f1a, en la SPACE en Francia, en la AGRO SHOW en Polonia y en la World Dairy Expo en EE. UU.\" \/>\n<meta name=\"robots\" content=\"index, follow, max-snippet:-1, max-image-preview:large, max-video-preview:-1\" \/>\n<link rel=\"canonical\" href=\"https:\/\/www.dinamicagenerale.com\/es\/donde-puedes-encontrarte-con-dinamica-general-en-septiembre-de-2026\/\" \/>\n<meta property=\"og:locale\" content=\"es_ES\" \/>\n<meta property=\"og:type\" content=\"article\" \/>\n<meta property=\"og:title\" content=\"\u00bfD\u00f3nde puedes ver a Dinamica GENERAL en septiembre de 2026?\" \/>\n<meta property=\"og:description\" content=\"Descubre d\u00f3nde podr\u00e1s encontrar a Dinamica GENERAL en septiembre de 2026: en la ECPLF en Espa\u00f1a, en la SPACE en Francia, en la AGRO SHOW en Polonia y en la World Dairy Expo en EE. UU.\" \/>\n<meta property=\"og:url\" content=\"https:\/\/www.dinamicagenerale.com\/es\/donde-puedes-encontrarte-con-dinamica-general-en-septiembre-de-2026\/\" \/>\n<meta property=\"og:site_name\" content=\"Dinamica Generale\" \/>\n<meta property=\"article:published_time\" content=\"2026-09-02T07:25:00+00:00\" \/>\n<meta property=\"og:image\" content=\"https:\/\/www.dinamicagenerale.com\/wp-content\/uploads\/2026\/08\/Where-to-meet-Dinamica-Generale-in-September-2026-1024x528.png\" \/>\n\t<meta property=\"og:image:width\" content=\"1024\" \/>\n\t<meta property=\"og:image:height\" content=\"528\" \/>\n\t<meta property=\"og:image:type\" content=\"image\/png\" \/>\n<meta name=\"author\" content=\"leonardoparmeggiani\" \/>\n<meta name=\"twitter:card\" content=\"summary_large_image\" \/>\n<meta name=\"twitter:label1\" content=\"Escrito por\" \/>\n\t<meta name=\"twitter:data1\" content=\"leonardoparmeggiani\" \/>\n\t<meta name=\"twitter:label2\" content=\"Tiempo de lectura\" \/>\n\t<meta name=\"twitter:data2\" content=\"4 minutos\" \/>\n<script type=\"application\/ld+json\" class=\"yoast-schema-graph\">{\"@context\":\"https:\\\/\\\/schema.org\",\"@graph\":[{\"@type\":\"Article\",\"@id\":\"https:\\\/\\\/www.dinamicagenerale.com\\\/es\\\/donde-puedes-encontrarte-con-dinamica-general-en-septiembre-de-2026\\\/#article\",\"isPartOf\":{\"@id\":\"https:\\\/\\\/www.dinamicagenerale.com\\\/es\\\/donde-puedes-encontrarte-con-dinamica-general-en-septiembre-de-2026\\\/\"},\"author\":{\"name\":\"leonardoparmeggiani\",\"@id\":\"https:\\\/\\\/www.dinamicagenerale.com\\\/es\\\/#\\\/schema\\\/person\\\/a5c006ed54fc259d80e205e87334fd4e\"},\"headline\":\"\u00bfD\u00f3nde puedes encontrarte con Dinamica GENERAL en septiembre de 2026?\",\"datePublished\":\"2026-09-02T07:25:00+00:00\",\"mainEntityOfPage\":{\"@id\":\"https:\\\/\\\/www.dinamicagenerale.com\\\/es\\\/donde-puedes-encontrarte-con-dinamica-general-en-septiembre-de-2026\\\/\"},\"wordCount\":766,\"image\":{\"@id\":\"https:\\\/\\\/www.dinamicagenerale.com\\\/es\\\/donde-puedes-encontrarte-con-dinamica-general-en-septiembre-de-2026\\\/#primaryimage\"},\"thumbnailUrl\":\"https:\\\/\\\/www.dinamicagenerale.com\\\/wp-content\\\/uploads\\\/2026\\\/08\\\/Where-to-meet-Dinamica-Generale-in-September-2026.png\",\"articleSection\":[\"Empresa\"],\"inLanguage\":\"es\"},{\"@type\":\"WebPage\",\"@id\":\"https:\\\/\\\/www.dinamicagenerale.com\\\/es\\\/donde-puedes-encontrarte-con-dinamica-general-en-septiembre-de-2026\\\/\",\"url\":\"https:\\\/\\\/www.dinamicagenerale.com\\\/es\\\/donde-puedes-encontrarte-con-dinamica-general-en-septiembre-de-2026\\\/\",\"name\":\"\u00bfD\u00f3nde puedes ver a Dinamica GENERAL en septiembre de 2026?\",\"isPartOf\":{\"@id\":\"https:\\\/\\\/www.dinamicagenerale.com\\\/es\\\/#website\"},\"primaryImageOfPage\":{\"@id\":\"https:\\\/\\\/www.dinamicagenerale.com\\\/es\\\/donde-puedes-encontrarte-con-dinamica-general-en-septiembre-de-2026\\\/#primaryimage\"},\"image\":{\"@id\":\"https:\\\/\\\/www.dinamicagenerale.com\\\/es\\\/donde-puedes-encontrarte-con-dinamica-general-en-septiembre-de-2026\\\/#primaryimage\"},\"thumbnailUrl\":\"https:\\\/\\\/www.dinamicagenerale.com\\\/wp-content\\\/uploads\\\/2026\\\/08\\\/Where-to-meet-Dinamica-Generale-in-September-2026.png\",\"datePublished\":\"2026-09-02T07:25:00+00:00\",\"author\":{\"@id\":\"https:\\\/\\\/www.dinamicagenerale.com\\\/es\\\/#\\\/schema\\\/person\\\/a5c006ed54fc259d80e205e87334fd4e\"},\"description\":\"Descubre d\u00f3nde podr\u00e1s encontrar a Dinamica GENERAL en septiembre de 2026: en la ECPLF en Espa\u00f1a, en la SPACE en Francia, en la AGRO SHOW en Polonia y en la World Dairy Expo en EE. UU.\",\"breadcrumb\":{\"@id\":\"https:\\\/\\\/www.dinamicagenerale.com\\\/es\\\/donde-puedes-encontrarte-con-dinamica-general-en-septiembre-de-2026\\\/#breadcrumb\"},\"inLanguage\":\"es\",\"potentialAction\":[{\"@type\":\"ReadAction\",\"target\":[\"https:\\\/\\\/www.dinamicagenerale.com\\\/es\\\/donde-puedes-encontrarte-con-dinamica-general-en-septiembre-de-2026\\\/\"]}]},{\"@type\":\"ImageObject\",\"inLanguage\":\"es\",\"@id\":\"https:\\\/\\\/www.dinamicagenerale.com\\\/es\\\/donde-puedes-encontrarte-con-dinamica-general-en-septiembre-de-2026\\\/#primaryimage\",\"url\":\"https:\\\/\\\/www.dinamicagenerale.com\\\/wp-content\\\/uploads\\\/2026\\\/08\\\/Where-to-meet-Dinamica-Generale-in-September-2026.png\",\"contentUrl\":\"https:\\\/\\\/www.dinamicagenerale.com\\\/wp-content\\\/uploads\\\/2026\\\/08\\\/Where-to-meet-Dinamica-Generale-in-September-2026.png\",\"width\":2362,\"height\":1217},{\"@type\":\"BreadcrumbList\",\"@id\":\"https:\\\/\\\/www.dinamicagenerale.com\\\/es\\\/donde-puedes-encontrarte-con-dinamica-general-en-septiembre-de-2026\\\/#breadcrumb\",\"itemListElement\":[{\"@type\":\"ListItem\",\"position\":1,\"name\":\"Home\",\"item\":\"https:\\\/\\\/www.dinamicagenerale.com\\\/es\\\/divisiones\\\/\"},{\"@type\":\"ListItem\",\"position\":2,\"name\":\"\u00bfD\u00f3nde puedes encontrarte con Dinamica GENERAL en septiembre de 2026?\"}]},{\"@type\":\"WebSite\",\"@id\":\"https:\\\/\\\/www.dinamicagenerale.com\\\/es\\\/#website\",\"url\":\"https:\\\/\\\/www.dinamicagenerale.com\\\/es\\\/\",\"name\":\"Dinamica Generale\",\"description\":\"\",\"potentialAction\":[{\"@type\":\"SearchAction\",\"target\":{\"@type\":\"EntryPoint\",\"urlTemplate\":\"https:\\\/\\\/www.dinamicagenerale.com\\\/es\\\/?s={search_term_string}\"},\"query-input\":{\"@type\":\"PropertyValueSpecification\",\"valueRequired\":true,\"valueName\":\"search_term_string\"}}],\"inLanguage\":\"es\"},{\"@type\":\"Person\",\"@id\":\"https:\\\/\\\/www.dinamicagenerale.com\\\/es\\\/#\\\/schema\\\/person\\\/a5c006ed54fc259d80e205e87334fd4e\",\"name\":\"leonardoparmeggiani\",\"image\":{\"@type\":\"ImageObject\",\"inLanguage\":\"es\",\"@id\":\"https:\\\/\\\/secure.gravatar.com\\\/avatar\\\/35c1e41d17eff04f4dc47409276969d2f6a1822502e0fd6396ed7c623180ec0f?s=96&d=mm&r=g\",\"url\":\"https:\\\/\\\/secure.gravatar.com\\\/avatar\\\/35c1e41d17eff04f4dc47409276969d2f6a1822502e0fd6396ed7c623180ec0f?s=96&d=mm&r=g\",\"contentUrl\":\"https:\\\/\\\/secure.gravatar.com\\\/avatar\\\/35c1e41d17eff04f4dc47409276969d2f6a1822502e0fd6396ed7c623180ec0f?s=96&d=mm&r=g\",\"caption\":\"leonardoparmeggiani\"}}]}<\/script>\n<!-- \/ Yoast SEO plugin. -->","yoast_head_json":{"title":"\u00bfD\u00f3nde puedes ver a Dinamica GENERAL en septiembre de 2026?","description":"Descubre d\u00f3nde podr\u00e1s encontrar a Dinamica GENERAL en septiembre de 2026: en la ECPLF en Espa\u00f1a, en la SPACE en Francia, en la AGRO SHOW en Polonia y en la World Dairy Expo en EE. UU.","robots":{"index":"index","follow":"follow","max-snippet":"max-snippet:-1","max-image-preview":"max-image-preview:large","max-video-preview":"max-video-preview:-1"},"canonical":"https:\/\/www.dinamicagenerale.com\/es\/donde-puedes-encontrarte-con-dinamica-general-en-septiembre-de-2026\/","og_locale":"es_ES","og_type":"article","og_title":"\u00bfD\u00f3nde puedes ver a Dinamica GENERAL en septiembre de 2026?","og_description":"Descubre d\u00f3nde podr\u00e1s encontrar a Dinamica GENERAL en septiembre de 2026: en la ECPLF en Espa\u00f1a, en la SPACE en Francia, en la AGRO SHOW en Polonia y en la World Dairy Expo en EE. UU.","og_url":"https:\/\/www.dinamicagenerale.com\/es\/donde-puedes-encontrarte-con-dinamica-general-en-septiembre-de-2026\/","og_site_name":"Dinamica Generale","article_published_time":"2026-09-02T07:25:00+00:00","og_image":[{"width":1024,"height":528,"url":"https:\/\/www.dinamicagenerale.com\/wp-content\/uploads\/2026\/08\/Where-to-meet-Dinamica-Generale-in-September-2026-1024x528.png","type":"image\/png"}],"author":"leonardoparmeggiani","twitter_card":"summary_large_image","twitter_misc":{"Escrito por":"leonardoparmeggiani","Tiempo de lectura":"4 minutos"},"schema":{"@context":"https:\/\/schema.org","@graph":[{"@type":"Article","@id":"https:\/\/www.dinamicagenerale.com\/es\/donde-puedes-encontrarte-con-dinamica-general-en-septiembre-de-2026\/#article","isPartOf":{"@id":"https:\/\/www.dinamicagenerale.com\/es\/donde-puedes-encontrarte-con-dinamica-general-en-septiembre-de-2026\/"},"author":{"name":"leonardoparmeggiani","@id":"https:\/\/www.dinamicagenerale.com\/es\/#\/schema\/person\/a5c006ed54fc259d80e205e87334fd4e"},"headline":"\u00bfD\u00f3nde puedes encontrarte con Dinamica GENERAL en septiembre de 2026?","datePublished":"2026-09-02T07:25:00+00:00","mainEntityOfPage":{"@id":"https:\/\/www.dinamicagenerale.com\/es\/donde-puedes-encontrarte-con-dinamica-general-en-septiembre-de-2026\/"},"wordCount":766,"image":{"@id":"https:\/\/www.dinamicagenerale.com\/es\/donde-puedes-encontrarte-con-dinamica-general-en-septiembre-de-2026\/#primaryimage"},"thumbnailUrl":"https:\/\/www.dinamicagenerale.com\/wp-content\/uploads\/2026\/08\/Where-to-meet-Dinamica-Generale-in-September-2026.png","articleSection":["Empresa"],"inLanguage":"es"},{"@type":"WebPage","@id":"https:\/\/www.dinamicagenerale.com\/es\/donde-puedes-encontrarte-con-dinamica-general-en-septiembre-de-2026\/","url":"https:\/\/www.dinamicagenerale.com\/es\/donde-puedes-encontrarte-con-dinamica-general-en-septiembre-de-2026\/","name":"\u00bfD\u00f3nde puedes ver a Dinamica GENERAL en septiembre de 2026?","isPartOf":{"@id":"https:\/\/www.dinamicagenerale.com\/es\/#website"},"primaryImageOfPage":{"@id":"https:\/\/www.dinamicagenerale.com\/es\/donde-puedes-encontrarte-con-dinamica-general-en-septiembre-de-2026\/#primaryimage"},"image":{"@id":"https:\/\/www.dinamicagenerale.com\/es\/donde-puedes-encontrarte-con-dinamica-general-en-septiembre-de-2026\/#primaryimage"},"thumbnailUrl":"https:\/\/www.dinamicagenerale.com\/wp-content\/uploads\/2026\/08\/Where-to-meet-Dinamica-Generale-in-September-2026.png","datePublished":"2026-09-02T07:25:00+00:00","author":{"@id":"https:\/\/www.dinamicagenerale.com\/es\/#\/schema\/person\/a5c006ed54fc259d80e205e87334fd4e"},"description":"Descubre d\u00f3nde podr\u00e1s encontrar a Dinamica GENERAL en septiembre de 2026: en la ECPLF en Espa\u00f1a, en la SPACE en Francia, en la AGRO SHOW en Polonia y en la World Dairy Expo en EE. UU.","breadcrumb":{"@id":"https:\/\/www.dinamicagenerale.com\/es\/donde-puedes-encontrarte-con-dinamica-general-en-septiembre-de-2026\/#breadcrumb"},"inLanguage":"es","potentialAction":[{"@type":"ReadAction","target":["https:\/\/www.dinamicagenerale.com\/es\/donde-puedes-encontrarte-con-dinamica-general-en-septiembre-de-2026\/"]}]},{"@type":"ImageObject","inLanguage":"es","@id":"https:\/\/www.dinamicagenerale.com\/es\/donde-puedes-encontrarte-con-dinamica-general-en-septiembre-de-2026\/#primaryimage","url":"https:\/\/www.dinamicagenerale.com\/wp-content\/uploads\/2026\/08\/Where-to-meet-Dinamica-Generale-in-September-2026.png","contentUrl":"https:\/\/www.dinamicagenerale.com\/wp-content\/uploads\/2026\/08\/Where-to-meet-Dinamica-Generale-in-September-2026.png","width":2362,"height":1217},{"@type":"BreadcrumbList","@id":"https:\/\/www.dinamicagenerale.com\/es\/donde-puedes-encontrarte-con-dinamica-general-en-septiembre-de-2026\/#breadcrumb","itemListElement":[{"@type":"ListItem","position":1,"name":"Home","item":"https:\/\/www.dinamicagenerale.com\/es\/divisiones\/"},{"@type":"ListItem","position":2,"name":"\u00bfD\u00f3nde puedes encontrarte con Dinamica GENERAL en septiembre de 2026?"}]},{"@type":"WebSite","@id":"https:\/\/www.dinamicagenerale.com\/es\/#website","url":"https:\/\/www.dinamicagenerale.com\/es\/","name":"Dinamica Generale","description":"","potentialAction":[{"@type":"SearchAction","target":{"@type":"EntryPoint","urlTemplate":"https:\/\/www.dinamicagenerale.com\/es\/?s={search_term_string}"},"query-input":{"@type":"PropertyValueSpecification","valueRequired":true,"valueName":"search_term_string"}}],"inLanguage":"es"},{"@type":"Person","@id":"https:\/\/www.dinamicagenerale.com\/es\/#\/schema\/person\/a5c006ed54fc259d80e205e87334fd4e","name":"leonardoparmeggiani","image":{"@type":"ImageObject","inLanguage":"es","@id":"https:\/\/secure.gravatar.com\/avatar\/35c1e41d17eff04f4dc47409276969d2f6a1822502e0fd6396ed7c623180ec0f?s=96&d=mm&r=g","url":"https:\/\/secure.gravatar.com\/avatar\/35c1e41d17eff04f4dc47409276969d2f6a1822502e0fd6396ed7c623180ec0f?s=96&d=mm&r=g","contentUrl":"https:\/\/secure.gravatar.com\/avatar\/35c1e41d17eff04f4dc47409276969d2f6a1822502e0fd6396ed7c623180ec0f?s=96&d=mm&r=g","caption":"leonardoparmeggiani"}}]}},"_links":{"self":[{"href":"https:\/\/www.dinamicagenerale.com\/es\/wp-json\/wp\/v2\/posts\/54599","targetHints":{"allow":["GET"]}}],"collection":[{"href":"https:\/\/www.dinamicagenerale.com\/es\/wp-json\/wp\/v2\/posts"}],"about":[{"href":"https:\/\/www.dinamicagenerale.com\/es\/wp-json\/wp\/v2\/types\/post"}],"author":[{"embeddable":true,"href":"https:\/\/www.dinamicagenerale.com\/es\/wp-json\/wp\/v2\/users\/5"}],"replies":[{"embeddable":true,"href":"https:\/\/www.dinamicagenerale.com\/es\/wp-json\/wp\/v2\/comments?post=54599"}],"version-history":[{"count":2,"href":"https:\/\/www.dinamicagenerale.com\/es\/wp-json\/wp\/v2\/posts\/54599\/revisions"}],"predecessor-version":[{"id":54615,"href":"https:\/\/www.dinamicagenerale.com\/es\/wp-json\/wp\/v2\/posts\/54599\/revisions\/54615"}],"wp:featuredmedia":[{"embeddable":true,"href":"https:\/\/www.dinamicagenerale.com\/es\/wp-json\/wp\/v2\/media\/54583"}],"wp:attachment":[{"href":"https:\/\/www.dinamicagenerale.com\/es\/wp-json\/wp\/v2\/media?parent=54599"}],"wp:term":[{"taxonomy":"category","embeddable":true,"href":"https:\/\/www.dinamicagenerale.com\/es\/wp-json\/wp\/v2\/categories?post=54599"},{"taxonomy":"post_tag","embeddable":true,"href":"https:\/\/www.dinamicagenerale.com\/es\/wp-json\/wp\/v2\/tags?post=54599"}],"curies":[{"name":"wp","href":"https:\/\/api.w.org\/{rel}","templated":true}]}}