{"id":53315,"date":"2026-07-07T13:01:45","date_gmt":"2026-07-07T11:01:45","guid":{"rendered":"https:\/\/www.dinamicagenerale.com\/dinamica-generale-en-la-gira-cultura-de-empresa-2026-la-seguridad-empresarial-en-la-era-de-la-ia\/"},"modified":"2026-07-07T14:16:04","modified_gmt":"2026-07-07T12:16:04","slug":"dinamica-generale-en-la-gira-cultura-de-empresa-2026-la-seguridad-empresarial-en-la-era-de-la-ia","status":"publish","type":"post","link":"https:\/\/www.dinamicagenerale.com\/es\/dinamica-generale-en-la-gira-cultura-de-empresa-2026-la-seguridad-empresarial-en-la-era-de-la-ia\/","title":{"rendered":"Dinamica Generale en la gira \u00abCultura de Empresa 2026\u00bb: la seguridad empresarial en la era de la IA"},"content":{"rendered":"\n<p class=\"wp-block-paragraph\">El 8 de julio de 2026, Dinamica Generale participar\u00e1 en Tur\u00edn en la gira <strong>\u00abCultura de empresa 2026: valores que crean valor\u00bb<\/strong>, organizada por 4.Manager junto con Il Sole 24 Ore.<\/p>\n\n<p class=\"wp-block-paragraph\">El evento, dedicado al tema <em>\u00abLa seguridad empresarial en la era de la IA\u00bb<\/em>, ser\u00e1 una oportunidad para que empresas, directivos y expertos compartan opiniones sobre los nuevos retos que acompa\u00f1an a la evoluci\u00f3n de los modelos productivos y organizativos.<\/p>\n\n<div class=\"wp-block-columns is-layout-flex wp-container-core-columns-is-layout-8f761849 wp-block-columns-is-layout-flex\">\n<div class=\"wp-block-column is-layout-flow wp-block-column-is-layout-flow\"><div class=\"wp-block-image\">\n<figure class=\"aligncenter size-full\"><img loading=\"lazy\" decoding=\"async\" width=\"800\" height=\"1000\" src=\"https:\/\/www.dinamicagenerale.com\/wp-content\/uploads\/2026\/07\/Cultura-di-Impresa-2026-Valori-che-creano-valore.png\" alt=\"\" class=\"wp-image-53279\" srcset=\"https:\/\/www.dinamicagenerale.com\/wp-content\/uploads\/2026\/07\/Cultura-di-Impresa-2026-Valori-che-creano-valore.png 800w, https:\/\/www.dinamicagenerale.com\/wp-content\/uploads\/2026\/07\/Cultura-di-Impresa-2026-Valori-che-creano-valore-240x300.png 240w, https:\/\/www.dinamicagenerale.com\/wp-content\/uploads\/2026\/07\/Cultura-di-Impresa-2026-Valori-che-creano-valore-768x960.png 768w\" sizes=\"auto, (max-width: 800px) 100vw, 800px\" \/><\/figure>\n<\/div><\/div>\n\n\n\n<div class=\"wp-block-column is-layout-flow wp-block-column-is-layout-flow\">\n<p class=\"wp-block-paragraph\">La transformaci\u00f3n digital est\u00e1 ampliando de forma significativa las oportunidades de prevenci\u00f3n, seguimiento y protecci\u00f3n de las personas en entornos industriales. Tecnolog\u00edas como la inteligencia artificial, los sistemas conectados y las herramientas de an\u00e1lisis de datos pueden ayudar a que los procesos y los entornos de trabajo sean m\u00e1s eficientes, m\u00e1s informados y m\u00e1s seguros. <\/p>\n\n\n\n<p class=\"wp-block-paragraph\">Al mismo tiempo, la innovaci\u00f3n trae consigo nuevas responsabilidades. La seguridad de los datos, la ciberseguridad, la gobernanza de la informaci\u00f3n y la continuidad operativa son hoy en d\u00eda <strong>aspectos cada vez m\u00e1s relacionados con la seguridad en el trabajo y la protecci\u00f3n de las personas<\/strong>. <\/p>\n\n\n\n<p class=\"wp-block-paragraph\">En este contexto, la seguridad ya no se puede abordar de forma aislada. Requiere una visi\u00f3n integrada, capaz de conectar las competencias en materia de HSE, las tecnolog\u00edas, los procesos, la organizaci\u00f3n y las responsabilidades de la empresa. <\/p>\n\n\n\n<p class=\"wp-block-paragraph\">Dinamica Generale participar\u00e1 en el encuentro con <strong>Andrea Boni, responsable de prevenci\u00f3n de riesgos laborales y director de HSE<\/strong>, que intervendr\u00e1 en la sesi\u00f3n dedicada a <strong>la relaci\u00f3n entre la seguridad en el trabajo y la innovaci\u00f3n tecnol\u00f3gica<\/strong>.<\/p>\n\n\n\n<p class=\"wp-block-paragraph\">Participar en la gira supone una oportunidad importante para compartir experiencias reales y contribuir a un di\u00e1logo abierto sobre c\u00f3mo las empresas pueden abordar la digitalizaci\u00f3n de forma responsable, reforzando al mismo tiempo la prevenci\u00f3n, la resiliencia y la cultura de la seguridad.<\/p>\n<\/div>\n<\/div>\n\n<p class=\"wp-block-paragraph\">El evento forma parte del programa nacional \u00abCultura de Empresa 2026\u00bb, dedicado a los valores, las competencias y los modelos organizativos que impulsan un crecimiento competitivo y sostenible de las empresas italianas.<\/p>\n\n<p class=\"wp-block-paragraph\"><a href=\"https:\/\/24oreventi.ilsole24ore.com\/sicurezza-impresa-ai\/\" type=\"link\" id=\"https:\/\/24oreventi.ilsole24ore.com\/sicurezza-impresa-ai\/\" target=\"_blank\" rel=\"noreferrer noopener\">M\u00e1s informaci\u00f3n<\/a><\/p>\n\n<p class=\"wp-block-paragraph\"><strong>Evento<\/strong> \u00ab<br\/>\u00bb Cultura empresarial 2026: \u00abValores que crean valor\u00bb<br\/>La seguridad empresarial en la era de la IA<br\/>8 de julio de 2026<br\/>Centro de Congresos de la Uni\u00f3n de Industriales de Tur\u00edn<br\/>Via Vincenzo Vela 17, Tur\u00edn<\/p>\n","protected":false},"excerpt":{"rendered":"<p>El 8 de julio de 2026, Dinamica Generale participar\u00e1 en Tur\u00edn en la gira \u00abCultura de empresa 2026: valores que [&hellip;]<\/p>\n","protected":false},"author":5,"featured_media":53298,"comment_status":"closed","ping_status":"closed","sticky":false,"template":"","format":"standard","meta":{"footnotes":""},"categories":[1190],"tags":[],"class_list":["post-53315","post","type-post","status-publish","format-standard","has-post-thumbnail","hentry","category-empresa"],"yoast_head":"<!-- This site is optimized with the Yoast SEO plugin v28.0 - https:\/\/yoast.com\/product\/yoast-seo-wordpress\/ -->\n<title>Seguridad empresarial e IA: Dinamica Generale en Tur\u00edn<\/title>\n<meta name=\"description\" content=\"Dinamica Generale participa en Tur\u00edn en la gira dedicada a la seguridad empresarial y la IA, entre innovaci\u00f3n, ciberseguridad y protecci\u00f3n de las personas.\" \/>\n<meta name=\"robots\" content=\"index, follow, max-snippet:-1, max-image-preview:large, max-video-preview:-1\" \/>\n<link rel=\"canonical\" href=\"https:\/\/www.dinamicagenerale.com\/es\/dinamica-generale-en-la-gira-cultura-de-empresa-2026-la-seguridad-empresarial-en-la-era-de-la-ia\/\" \/>\n<meta property=\"og:locale\" content=\"es_ES\" \/>\n<meta property=\"og:type\" content=\"article\" \/>\n<meta property=\"og:title\" content=\"Seguridad empresarial e IA: Dinamica Generale en Tur\u00edn\" \/>\n<meta property=\"og:description\" content=\"Dinamica Generale participa en Tur\u00edn en la gira dedicada a la seguridad empresarial y la IA, entre innovaci\u00f3n, ciberseguridad y protecci\u00f3n de las personas.\" \/>\n<meta property=\"og:url\" content=\"https:\/\/www.dinamicagenerale.com\/es\/dinamica-generale-en-la-gira-cultura-de-empresa-2026-la-seguridad-empresarial-en-la-era-de-la-ia\/\" \/>\n<meta property=\"og:site_name\" content=\"Dinamica Generale\" \/>\n<meta property=\"article:published_time\" content=\"2026-07-07T11:01:45+00:00\" \/>\n<meta property=\"article:modified_time\" content=\"2026-07-07T12:16:04+00:00\" \/>\n<meta property=\"og:image\" content=\"https:\/\/www.dinamicagenerale.com\/wp-content\/uploads\/2026\/07\/Sicurezza-dimpresa-e-AI-Dinamica-Generale-a-Torino.png\" \/>\n\t<meta property=\"og:image:width\" content=\"2362\" \/>\n\t<meta property=\"og:image:height\" content=\"1217\" \/>\n\t<meta property=\"og:image:type\" content=\"image\/png\" \/>\n<meta name=\"author\" content=\"leonardoparmeggiani\" \/>\n<meta name=\"twitter:card\" content=\"summary_large_image\" \/>\n<meta name=\"twitter:label1\" content=\"Escrito por\" \/>\n\t<meta name=\"twitter:data1\" content=\"leonardoparmeggiani\" \/>\n\t<meta name=\"twitter:label2\" content=\"Tiempo de lectura\" \/>\n\t<meta name=\"twitter:data2\" content=\"2 minutos\" \/>\n<script type=\"application\/ld+json\" class=\"yoast-schema-graph\">{\"@context\":\"https:\\\/\\\/schema.org\",\"@graph\":[{\"@type\":\"Article\",\"@id\":\"https:\\\/\\\/www.dinamicagenerale.com\\\/es\\\/dinamica-generale-en-la-gira-cultura-de-empresa-2026-la-seguridad-empresarial-en-la-era-de-la-ia\\\/#article\",\"isPartOf\":{\"@id\":\"https:\\\/\\\/www.dinamicagenerale.com\\\/es\\\/dinamica-generale-en-la-gira-cultura-de-empresa-2026-la-seguridad-empresarial-en-la-era-de-la-ia\\\/\"},\"author\":{\"name\":\"leonardoparmeggiani\",\"@id\":\"https:\\\/\\\/www.dinamicagenerale.com\\\/es\\\/#\\\/schema\\\/person\\\/a5c006ed54fc259d80e205e87334fd4e\"},\"headline\":\"Dinamica Generale en la gira \u00abCultura de Empresa 2026\u00bb: la seguridad empresarial en la era de la IA\",\"datePublished\":\"2026-07-07T11:01:45+00:00\",\"dateModified\":\"2026-07-07T12:16:04+00:00\",\"mainEntityOfPage\":{\"@id\":\"https:\\\/\\\/www.dinamicagenerale.com\\\/es\\\/dinamica-generale-en-la-gira-cultura-de-empresa-2026-la-seguridad-empresarial-en-la-era-de-la-ia\\\/\"},\"wordCount\":402,\"image\":{\"@id\":\"https:\\\/\\\/www.dinamicagenerale.com\\\/es\\\/dinamica-generale-en-la-gira-cultura-de-empresa-2026-la-seguridad-empresarial-en-la-era-de-la-ia\\\/#primaryimage\"},\"thumbnailUrl\":\"https:\\\/\\\/www.dinamicagenerale.com\\\/wp-content\\\/uploads\\\/2026\\\/07\\\/Sicurezza-dimpresa-e-AI-Dinamica-Generale-a-Torino.png\",\"articleSection\":[\"Empresa\"],\"inLanguage\":\"es\"},{\"@type\":\"WebPage\",\"@id\":\"https:\\\/\\\/www.dinamicagenerale.com\\\/es\\\/dinamica-generale-en-la-gira-cultura-de-empresa-2026-la-seguridad-empresarial-en-la-era-de-la-ia\\\/\",\"url\":\"https:\\\/\\\/www.dinamicagenerale.com\\\/es\\\/dinamica-generale-en-la-gira-cultura-de-empresa-2026-la-seguridad-empresarial-en-la-era-de-la-ia\\\/\",\"name\":\"Seguridad empresarial e IA: Dinamica Generale en Tur\u00edn\",\"isPartOf\":{\"@id\":\"https:\\\/\\\/www.dinamicagenerale.com\\\/es\\\/#website\"},\"primaryImageOfPage\":{\"@id\":\"https:\\\/\\\/www.dinamicagenerale.com\\\/es\\\/dinamica-generale-en-la-gira-cultura-de-empresa-2026-la-seguridad-empresarial-en-la-era-de-la-ia\\\/#primaryimage\"},\"image\":{\"@id\":\"https:\\\/\\\/www.dinamicagenerale.com\\\/es\\\/dinamica-generale-en-la-gira-cultura-de-empresa-2026-la-seguridad-empresarial-en-la-era-de-la-ia\\\/#primaryimage\"},\"thumbnailUrl\":\"https:\\\/\\\/www.dinamicagenerale.com\\\/wp-content\\\/uploads\\\/2026\\\/07\\\/Sicurezza-dimpresa-e-AI-Dinamica-Generale-a-Torino.png\",\"datePublished\":\"2026-07-07T11:01:45+00:00\",\"dateModified\":\"2026-07-07T12:16:04+00:00\",\"author\":{\"@id\":\"https:\\\/\\\/www.dinamicagenerale.com\\\/es\\\/#\\\/schema\\\/person\\\/a5c006ed54fc259d80e205e87334fd4e\"},\"description\":\"Dinamica Generale participa en Tur\u00edn en la gira dedicada a la seguridad empresarial y la IA, entre innovaci\u00f3n, ciberseguridad y protecci\u00f3n de las personas.\",\"breadcrumb\":{\"@id\":\"https:\\\/\\\/www.dinamicagenerale.com\\\/es\\\/dinamica-generale-en-la-gira-cultura-de-empresa-2026-la-seguridad-empresarial-en-la-era-de-la-ia\\\/#breadcrumb\"},\"inLanguage\":\"es\",\"potentialAction\":[{\"@type\":\"ReadAction\",\"target\":[\"https:\\\/\\\/www.dinamicagenerale.com\\\/es\\\/dinamica-generale-en-la-gira-cultura-de-empresa-2026-la-seguridad-empresarial-en-la-era-de-la-ia\\\/\"]}]},{\"@type\":\"ImageObject\",\"inLanguage\":\"es\",\"@id\":\"https:\\\/\\\/www.dinamicagenerale.com\\\/es\\\/dinamica-generale-en-la-gira-cultura-de-empresa-2026-la-seguridad-empresarial-en-la-era-de-la-ia\\\/#primaryimage\",\"url\":\"https:\\\/\\\/www.dinamicagenerale.com\\\/wp-content\\\/uploads\\\/2026\\\/07\\\/Sicurezza-dimpresa-e-AI-Dinamica-Generale-a-Torino.png\",\"contentUrl\":\"https:\\\/\\\/www.dinamicagenerale.com\\\/wp-content\\\/uploads\\\/2026\\\/07\\\/Sicurezza-dimpresa-e-AI-Dinamica-Generale-a-Torino.png\",\"width\":2362,\"height\":1217},{\"@type\":\"BreadcrumbList\",\"@id\":\"https:\\\/\\\/www.dinamicagenerale.com\\\/es\\\/dinamica-generale-en-la-gira-cultura-de-empresa-2026-la-seguridad-empresarial-en-la-era-de-la-ia\\\/#breadcrumb\",\"itemListElement\":[{\"@type\":\"ListItem\",\"position\":1,\"name\":\"Home\",\"item\":\"https:\\\/\\\/www.dinamicagenerale.com\\\/es\\\/divisiones\\\/\"},{\"@type\":\"ListItem\",\"position\":2,\"name\":\"Dinamica Generale en la gira \u00abCultura de Empresa 2026\u00bb: la seguridad empresarial en la era de la IA\"}]},{\"@type\":\"WebSite\",\"@id\":\"https:\\\/\\\/www.dinamicagenerale.com\\\/es\\\/#website\",\"url\":\"https:\\\/\\\/www.dinamicagenerale.com\\\/es\\\/\",\"name\":\"Dinamica Generale\",\"description\":\"\",\"potentialAction\":[{\"@type\":\"SearchAction\",\"target\":{\"@type\":\"EntryPoint\",\"urlTemplate\":\"https:\\\/\\\/www.dinamicagenerale.com\\\/es\\\/?s={search_term_string}\"},\"query-input\":{\"@type\":\"PropertyValueSpecification\",\"valueRequired\":true,\"valueName\":\"search_term_string\"}}],\"inLanguage\":\"es\"},{\"@type\":\"Person\",\"@id\":\"https:\\\/\\\/www.dinamicagenerale.com\\\/es\\\/#\\\/schema\\\/person\\\/a5c006ed54fc259d80e205e87334fd4e\",\"name\":\"leonardoparmeggiani\",\"image\":{\"@type\":\"ImageObject\",\"inLanguage\":\"es\",\"@id\":\"https:\\\/\\\/secure.gravatar.com\\\/avatar\\\/35c1e41d17eff04f4dc47409276969d2f6a1822502e0fd6396ed7c623180ec0f?s=96&d=mm&r=g\",\"url\":\"https:\\\/\\\/secure.gravatar.com\\\/avatar\\\/35c1e41d17eff04f4dc47409276969d2f6a1822502e0fd6396ed7c623180ec0f?s=96&d=mm&r=g\",\"contentUrl\":\"https:\\\/\\\/secure.gravatar.com\\\/avatar\\\/35c1e41d17eff04f4dc47409276969d2f6a1822502e0fd6396ed7c623180ec0f?s=96&d=mm&r=g\",\"caption\":\"leonardoparmeggiani\"}}]}<\/script>\n<!-- \/ Yoast SEO plugin. -->","yoast_head_json":{"title":"Seguridad empresarial e IA: Dinamica Generale en Tur\u00edn","description":"Dinamica Generale participa en Tur\u00edn en la gira dedicada a la seguridad empresarial y la IA, entre innovaci\u00f3n, ciberseguridad y protecci\u00f3n de las personas.","robots":{"index":"index","follow":"follow","max-snippet":"max-snippet:-1","max-image-preview":"max-image-preview:large","max-video-preview":"max-video-preview:-1"},"canonical":"https:\/\/www.dinamicagenerale.com\/es\/dinamica-generale-en-la-gira-cultura-de-empresa-2026-la-seguridad-empresarial-en-la-era-de-la-ia\/","og_locale":"es_ES","og_type":"article","og_title":"Seguridad empresarial e IA: Dinamica Generale en Tur\u00edn","og_description":"Dinamica Generale participa en Tur\u00edn en la gira dedicada a la seguridad empresarial y la IA, entre innovaci\u00f3n, ciberseguridad y protecci\u00f3n de las personas.","og_url":"https:\/\/www.dinamicagenerale.com\/es\/dinamica-generale-en-la-gira-cultura-de-empresa-2026-la-seguridad-empresarial-en-la-era-de-la-ia\/","og_site_name":"Dinamica Generale","article_published_time":"2026-07-07T11:01:45+00:00","article_modified_time":"2026-07-07T12:16:04+00:00","og_image":[{"width":2362,"height":1217,"url":"https:\/\/www.dinamicagenerale.com\/wp-content\/uploads\/2026\/07\/Sicurezza-dimpresa-e-AI-Dinamica-Generale-a-Torino.png","type":"image\/png"}],"author":"leonardoparmeggiani","twitter_card":"summary_large_image","twitter_misc":{"Escrito por":"leonardoparmeggiani","Tiempo de lectura":"2 minutos"},"schema":{"@context":"https:\/\/schema.org","@graph":[{"@type":"Article","@id":"https:\/\/www.dinamicagenerale.com\/es\/dinamica-generale-en-la-gira-cultura-de-empresa-2026-la-seguridad-empresarial-en-la-era-de-la-ia\/#article","isPartOf":{"@id":"https:\/\/www.dinamicagenerale.com\/es\/dinamica-generale-en-la-gira-cultura-de-empresa-2026-la-seguridad-empresarial-en-la-era-de-la-ia\/"},"author":{"name":"leonardoparmeggiani","@id":"https:\/\/www.dinamicagenerale.com\/es\/#\/schema\/person\/a5c006ed54fc259d80e205e87334fd4e"},"headline":"Dinamica Generale en la gira \u00abCultura de Empresa 2026\u00bb: la seguridad empresarial en la era de la IA","datePublished":"2026-07-07T11:01:45+00:00","dateModified":"2026-07-07T12:16:04+00:00","mainEntityOfPage":{"@id":"https:\/\/www.dinamicagenerale.com\/es\/dinamica-generale-en-la-gira-cultura-de-empresa-2026-la-seguridad-empresarial-en-la-era-de-la-ia\/"},"wordCount":402,"image":{"@id":"https:\/\/www.dinamicagenerale.com\/es\/dinamica-generale-en-la-gira-cultura-de-empresa-2026-la-seguridad-empresarial-en-la-era-de-la-ia\/#primaryimage"},"thumbnailUrl":"https:\/\/www.dinamicagenerale.com\/wp-content\/uploads\/2026\/07\/Sicurezza-dimpresa-e-AI-Dinamica-Generale-a-Torino.png","articleSection":["Empresa"],"inLanguage":"es"},{"@type":"WebPage","@id":"https:\/\/www.dinamicagenerale.com\/es\/dinamica-generale-en-la-gira-cultura-de-empresa-2026-la-seguridad-empresarial-en-la-era-de-la-ia\/","url":"https:\/\/www.dinamicagenerale.com\/es\/dinamica-generale-en-la-gira-cultura-de-empresa-2026-la-seguridad-empresarial-en-la-era-de-la-ia\/","name":"Seguridad empresarial e IA: Dinamica Generale en Tur\u00edn","isPartOf":{"@id":"https:\/\/www.dinamicagenerale.com\/es\/#website"},"primaryImageOfPage":{"@id":"https:\/\/www.dinamicagenerale.com\/es\/dinamica-generale-en-la-gira-cultura-de-empresa-2026-la-seguridad-empresarial-en-la-era-de-la-ia\/#primaryimage"},"image":{"@id":"https:\/\/www.dinamicagenerale.com\/es\/dinamica-generale-en-la-gira-cultura-de-empresa-2026-la-seguridad-empresarial-en-la-era-de-la-ia\/#primaryimage"},"thumbnailUrl":"https:\/\/www.dinamicagenerale.com\/wp-content\/uploads\/2026\/07\/Sicurezza-dimpresa-e-AI-Dinamica-Generale-a-Torino.png","datePublished":"2026-07-07T11:01:45+00:00","dateModified":"2026-07-07T12:16:04+00:00","author":{"@id":"https:\/\/www.dinamicagenerale.com\/es\/#\/schema\/person\/a5c006ed54fc259d80e205e87334fd4e"},"description":"Dinamica Generale participa en Tur\u00edn en la gira dedicada a la seguridad empresarial y la IA, entre innovaci\u00f3n, ciberseguridad y protecci\u00f3n de las personas.","breadcrumb":{"@id":"https:\/\/www.dinamicagenerale.com\/es\/dinamica-generale-en-la-gira-cultura-de-empresa-2026-la-seguridad-empresarial-en-la-era-de-la-ia\/#breadcrumb"},"inLanguage":"es","potentialAction":[{"@type":"ReadAction","target":["https:\/\/www.dinamicagenerale.com\/es\/dinamica-generale-en-la-gira-cultura-de-empresa-2026-la-seguridad-empresarial-en-la-era-de-la-ia\/"]}]},{"@type":"ImageObject","inLanguage":"es","@id":"https:\/\/www.dinamicagenerale.com\/es\/dinamica-generale-en-la-gira-cultura-de-empresa-2026-la-seguridad-empresarial-en-la-era-de-la-ia\/#primaryimage","url":"https:\/\/www.dinamicagenerale.com\/wp-content\/uploads\/2026\/07\/Sicurezza-dimpresa-e-AI-Dinamica-Generale-a-Torino.png","contentUrl":"https:\/\/www.dinamicagenerale.com\/wp-content\/uploads\/2026\/07\/Sicurezza-dimpresa-e-AI-Dinamica-Generale-a-Torino.png","width":2362,"height":1217},{"@type":"BreadcrumbList","@id":"https:\/\/www.dinamicagenerale.com\/es\/dinamica-generale-en-la-gira-cultura-de-empresa-2026-la-seguridad-empresarial-en-la-era-de-la-ia\/#breadcrumb","itemListElement":[{"@type":"ListItem","position":1,"name":"Home","item":"https:\/\/www.dinamicagenerale.com\/es\/divisiones\/"},{"@type":"ListItem","position":2,"name":"Dinamica Generale en la gira \u00abCultura de Empresa 2026\u00bb: la seguridad empresarial en la era de la IA"}]},{"@type":"WebSite","@id":"https:\/\/www.dinamicagenerale.com\/es\/#website","url":"https:\/\/www.dinamicagenerale.com\/es\/","name":"Dinamica Generale","description":"","potentialAction":[{"@type":"SearchAction","target":{"@type":"EntryPoint","urlTemplate":"https:\/\/www.dinamicagenerale.com\/es\/?s={search_term_string}"},"query-input":{"@type":"PropertyValueSpecification","valueRequired":true,"valueName":"search_term_string"}}],"inLanguage":"es"},{"@type":"Person","@id":"https:\/\/www.dinamicagenerale.com\/es\/#\/schema\/person\/a5c006ed54fc259d80e205e87334fd4e","name":"leonardoparmeggiani","image":{"@type":"ImageObject","inLanguage":"es","@id":"https:\/\/secure.gravatar.com\/avatar\/35c1e41d17eff04f4dc47409276969d2f6a1822502e0fd6396ed7c623180ec0f?s=96&d=mm&r=g","url":"https:\/\/secure.gravatar.com\/avatar\/35c1e41d17eff04f4dc47409276969d2f6a1822502e0fd6396ed7c623180ec0f?s=96&d=mm&r=g","contentUrl":"https:\/\/secure.gravatar.com\/avatar\/35c1e41d17eff04f4dc47409276969d2f6a1822502e0fd6396ed7c623180ec0f?s=96&d=mm&r=g","caption":"leonardoparmeggiani"}}]}},"_links":{"self":[{"href":"https:\/\/www.dinamicagenerale.com\/es\/wp-json\/wp\/v2\/posts\/53315","targetHints":{"allow":["GET"]}}],"collection":[{"href":"https:\/\/www.dinamicagenerale.com\/es\/wp-json\/wp\/v2\/posts"}],"about":[{"href":"https:\/\/www.dinamicagenerale.com\/es\/wp-json\/wp\/v2\/types\/post"}],"author":[{"embeddable":true,"href":"https:\/\/www.dinamicagenerale.com\/es\/wp-json\/wp\/v2\/users\/5"}],"replies":[{"embeddable":true,"href":"https:\/\/www.dinamicagenerale.com\/es\/wp-json\/wp\/v2\/comments?post=53315"}],"version-history":[{"count":1,"href":"https:\/\/www.dinamicagenerale.com\/es\/wp-json\/wp\/v2\/posts\/53315\/revisions"}],"predecessor-version":[{"id":53316,"href":"https:\/\/www.dinamicagenerale.com\/es\/wp-json\/wp\/v2\/posts\/53315\/revisions\/53316"}],"wp:featuredmedia":[{"embeddable":true,"href":"https:\/\/www.dinamicagenerale.com\/es\/wp-json\/wp\/v2\/media\/53298"}],"wp:attachment":[{"href":"https:\/\/www.dinamicagenerale.com\/es\/wp-json\/wp\/v2\/media?parent=53315"}],"wp:term":[{"taxonomy":"category","embeddable":true,"href":"https:\/\/www.dinamicagenerale.com\/es\/wp-json\/wp\/v2\/categories?post=53315"},{"taxonomy":"post_tag","embeddable":true,"href":"https:\/\/www.dinamicagenerale.com\/es\/wp-json\/wp\/v2\/tags?post=53315"}],"curies":[{"name":"wp","href":"https:\/\/api.w.org\/{rel}","templated":true}]}}