{"id":54591,"date":"2026-09-02T09:25:00","date_gmt":"2026-09-02T07:25:00","guid":{"rendered":"https:\/\/www.dinamicagenerale.com\/?p=54591"},"modified":"2026-08-27T09:46:18","modified_gmt":"2026-08-27T07:46:18","slug":"wo-sie-dinamica-generale-im-september-2026-antreffen-koennen","status":"publish","type":"post","link":"https:\/\/www.dinamicagenerale.com\/de\/wo-sie-dinamica-generale-im-september-2026-antreffen-koennen\/","title":{"rendered":"Wo Sie \u201eDinamica Generale\u201c im September 2026 antreffen k\u00f6nnen"},"content":{"rendered":"\n<p class=\"wp-block-paragraph\">Die Veranstaltungen von \u201eDinamica Generale\u201c im September 2026 f\u00fchren unser Team von Europa nach Nordamerika, wo vier wichtige Termine in den Bereichen Landwirtschaft und Viehzucht auf dem Programm stehen.  <\/p>\n\n<p class=\"wp-block-paragraph\">Im Mittelpunkt dieser Veranstaltungen stehen die Viehhaltung, Landmaschinen und die Pr\u00e4zisionslandwirtschaft. Dar\u00fcber hinaus bieten sie eine hervorragende Gelegenheit, unser Team kennenzulernen und unsere neuesten Technologien zu entdecken. <\/p>\n\n<p class=\"wp-block-paragraph\">Von Valencia bis Rennes, von Bednary bis Madison \u2013 hier k\u00f6nnen Sie Dinamica Generale im September dieses Jahres erleben.<\/p>\n\n<h2 class=\"wp-block-heading\">ECPLF 2026 \u2013 Valencia, Spanien<\/h2>\n\n<p class=\"wp-block-paragraph\">Unsere Reise im September beginnt in Valencia auf der Europ\u00e4ischen Konferenz f\u00fcr pr\u00e4zise Tierhaltung \u2013 ECPLF 2026.<\/p>\n\n<p class=\"wp-block-paragraph\">Die Veranstaltung bringt Forscher, Technologieanbieter und Fachleute aus der Tierhaltung zusammen. Gemeinsam werden sie die neuesten Entwicklungen im Bereich der pr\u00e4zisen Tierhaltung er\u00f6rtern. <\/p>\n\n<p class=\"wp-block-paragraph\">Dinamica Generale wird seine Erfahrungen in den Bereichen Pr\u00e4zisionsf\u00fctterung, NIR-Analyse und digitales F\u00fctterungsmanagement vorstellen.<\/p>\n\n<p class=\"wp-block-paragraph\">Dar\u00fcber hinaus wird unser Team am 14. September an der nationalen Veranstaltung der ECPLF teilnehmen. Wir werden an der Podiumsdiskussion teilnehmen, die sich mit den Fortschritten und Herausforderungen der technologischen Innovation in der Tierhaltung befasst. <\/p>\n\n<p class=\"wp-block-paragraph\"><strong>Termine:<\/strong> September 14-17, 2026<br\/><strong>Standort:<\/strong> Universitat Polit\u00e8cnica de Val\u00e8ncia. Auditorium &#8211; Nexus-Geb\u00e4ude (UPV) <br\/><strong>Website der Veranstaltung:<\/strong> <a type=\"link\" href=\"https:\/\/www.ecplf2026.com\/\" id=\"https:\/\/www.ecplf2026.com\/\" target=\"_blank\" rel=\"noreferrer noopener\">ECPLF 2026<\/a><br\/><strong>Unser Stand:<\/strong> 2<\/p>\n\n<p class=\"wp-block-paragraph\"><strong><a href=\"https:\/\/www.dinamicagenerale.com\/de\/event\/ecplf-2026-entdecken-sie-unsere-loesungen-fuer-die-praezisionsviehhaltung-dinamica-generale\/\" data-type=\"link\" data-id=\"https:\/\/www.dinamicagenerale.com\/event\/ecplf-2026-discover-our-precision-livestock-farming-solutions-dinamica-generale\/\" target=\"_blank\" rel=\"noreferrer noopener\">Entdecken Sie die ECPLF 2026<\/a><\/strong><\/p>\n\n<div class=\"wp-block-columns is-layout-flex wp-container-core-columns-is-layout-8f761849 wp-block-columns-is-layout-flex\">\n<div class=\"wp-block-column is-layout-flow wp-block-column-is-layout-flow\">\n<figure class=\"wp-block-image size-full\"><img loading=\"lazy\" decoding=\"async\" width=\"740\" height=\"380\" src=\"https:\/\/www.dinamicagenerale.com\/wp-content\/uploads\/2026\/03\/BATA-AGRO-2026-portable-nir-analyzer-dinamica-generale.png\" alt=\"\" class=\"wp-image-44097\" srcset=\"https:\/\/www.dinamicagenerale.com\/wp-content\/uploads\/2026\/03\/BATA-AGRO-2026-portable-nir-analyzer-dinamica-generale.png 740w, https:\/\/www.dinamicagenerale.com\/wp-content\/uploads\/2026\/03\/BATA-AGRO-2026-portable-nir-analyzer-dinamica-generale-300x154.png 300w\" sizes=\"auto, (max-width: 740px) 100vw, 740px\" \/><\/figure>\n<\/div>\n\n\n\n<div class=\"wp-block-column is-layout-flow wp-block-column-is-layout-flow\">\n<figure class=\"wp-block-image size-full\"><img decoding=\"async\" src=\"https:\/\/www.dinamicagenerale.com\/wp-content\/uploads\/2026\/03\/BATA-AGRO-2026-DTM-&#x2013;-Digital-Feeding-Management-dinamica-generale.png\" alt=\"\" class=\"wp-image-44107\"\/><\/figure>\n<\/div>\n<\/div>\n\n<h2 class=\"wp-block-heading\">SPACE 2026 \u2013 Rennes, Frankreich<\/h2>\n\n<p class=\"wp-block-paragraph\">In der Zwischenzeit wird unser Team ebenfalls in Rennes auf der SPACE 2026 vertreten sein.<\/p>\n\n<p class=\"wp-block-paragraph\">Die Veranstaltung ist einer der wichtigsten internationalen Treffpunkte f\u00fcr die Viehwirtschaft. Daher bietet sie eine wichtige Gelegenheit, Landwirte, Fachleute und Technologieanbieter aus verschiedenen M\u00e4rkten kennenzulernen. <\/p>\n\n<p class=\"wp-block-paragraph\">Auf der SPACE wird Dinamica Generale L\u00f6sungen vorstellen, die darauf ausgelegt sind, F\u00fctterungsvorg\u00e4nge pr\u00e4ziser, messbarer und mit Konnektivit\u00e4t ausgestattet zu gestalten.<\/p>\n\n<p class=\"wp-block-paragraph\">Besucher k\u00f6nnen unsere Technologien f\u00fcr die Pr\u00e4zisionsf\u00fctterung, die mobile NIR-Analyse und das digitale F\u00fctterungsmanagement mit DTM kennenlernen.<\/p>\n\n<p class=\"wp-block-paragraph\"><strong>Termine:<\/strong> 15. \u2013 17. September 2026<br\/><strong>Veranstaltungsort:<\/strong> Rennes, Frankreich<br\/><strong>Messestand:<\/strong> Halle 2\/3 \u2013 Stand C42<br\/><strong>\u00d6ffnungszeiten:<\/strong> 9:00 \u2013 19:00 Uhr<br\/><strong>Website:<\/strong> <a href=\"https:\/\/www.space.fr\/en\">SPACE 2026<\/a><\/p>\n\n<p class=\"wp-block-paragraph\"><strong><a href=\"https:\/\/www.dinamicagenerale.com\/de\/event\/space-2026-praezisionsfuetterung-nir-technologien-dinamica-generale\/\" data-type=\"link\" data-id=\"https:\/\/www.dinamicagenerale.com\/event\/space-2026-precision-feeding-nir-technologies-dinamica-generale\/\" target=\"_blank\" rel=\"noreferrer noopener\">Besuchen Sie uns auf der SPACE 2026<\/a><\/strong><\/p>\n\n<h2 class=\"wp-block-heading\">AGRO SHOW 2026 \u2013 Bednary, Polen<\/h2>\n\n<p class=\"wp-block-paragraph\">Als N\u00e4chstes wird Dinamica Generale nach Polen reisen, um an der AGRO SHOW 2026 in Bednary teilzunehmen.<\/p>\n\n<p class=\"wp-block-paragraph\">Die Veranstaltung ist ein wichtiger Treffpunkt f\u00fcr Landmaschinen in Mittel- und Osteuropa. Hier liegt unser Schwerpunkt auf Technologien, die direkt in die Landmaschinen mehr Pr\u00e4zision bringen. <\/p>\n\n<p class=\"wp-block-paragraph\">Insbesondere k\u00f6nnen Besucher unsere L\u00f6sungen in den Bereichen W\u00e4getechnik, NIR-Analyse, Pr\u00e4zisionslandwirtschaft und digitale Datenverwaltung kennenlernen.<\/p>\n\n<p class=\"wp-block-paragraph\">Diese Technologien helfen den Betreibern, direkt w\u00e4hrend des Einsatzes vor Ort n\u00fctzliche Informationen zu erfassen. Dadurch k\u00f6nnen sie die Steuerung, die Effizienz und die R\u00fcckverfolgbarkeit verbessern. <\/p>\n\n<p class=\"wp-block-paragraph\"><strong>Termine:<\/strong> 18. \u2013 20. September 2026<br\/><strong>Veranstaltungsort:<\/strong> Bednary, Polen<br\/><strong>Stand:<\/strong> BIOMIX-Stand \u2013 Nr. 36, Sektor B<br\/><strong>\u00d6ffnungszeiten:<\/strong> 9:00 \u2013 19:00 Uhr<br\/><strong>Website:<\/strong> <a href=\"https:\/\/agroshow.pl\/agroshow\/en\" target=\"_blank\" rel=\"noreferrer noopener\">AGRO SHOW<\/a><\/p>\n\n<p class=\"wp-block-paragraph\"><strong><a href=\"https:\/\/www.dinamicagenerale.com\/de\/event\/agro-show-2026-praezisionsfuetterung-und-on-mixer-nir-loesungen-dinamica-generale\/\" data-type=\"link\" data-id=\"https:\/\/www.dinamicagenerale.com\/event\/agro-show-2026-precision-feeding-on-mixer-nir-solutions-dinamica-generale\/\" target=\"_blank\" rel=\"noreferrer noopener\">Entdecken Sie die AGRO SHOW 2026<\/a><\/strong><\/p>\n\n<div class=\"wp-block-columns is-layout-flex wp-container-core-columns-is-layout-8f761849 wp-block-columns-is-layout-flex\">\n<div class=\"wp-block-column is-layout-flow wp-block-column-is-layout-flow\">\n<figure class=\"wp-block-image size-full\"><img loading=\"lazy\" decoding=\"async\" width=\"740\" height=\"380\" src=\"https:\/\/www.dinamicagenerale.com\/wp-content\/uploads\/2026\/03\/space-2026-precision-feeding-reliable-weighing-systems-dinamica-generale.png\" alt=\"\" class=\"wp-image-43017\" srcset=\"https:\/\/www.dinamicagenerale.com\/wp-content\/uploads\/2026\/03\/space-2026-precision-feeding-reliable-weighing-systems-dinamica-generale.png 740w, https:\/\/www.dinamicagenerale.com\/wp-content\/uploads\/2026\/03\/space-2026-precision-feeding-reliable-weighing-systems-dinamica-generale-300x154.png 300w\" sizes=\"auto, (max-width: 740px) 100vw, 740px\" \/><\/figure>\n<\/div>\n\n\n\n<div class=\"wp-block-column is-layout-flow wp-block-column-is-layout-flow\">\n<figure class=\"wp-block-image size-full\"><img loading=\"lazy\" decoding=\"async\" width=\"740\" height=\"380\" src=\"https:\/\/www.dinamicagenerale.com\/wp-content\/uploads\/2026\/03\/space-2026-precision-feeding-nir-on-tank-dinamica-generale.png\" alt=\"\" class=\"wp-image-42996\" srcset=\"https:\/\/www.dinamicagenerale.com\/wp-content\/uploads\/2026\/03\/space-2026-precision-feeding-nir-on-tank-dinamica-generale.png 740w, https:\/\/www.dinamicagenerale.com\/wp-content\/uploads\/2026\/03\/space-2026-precision-feeding-nir-on-tank-dinamica-generale-300x154.png 300w\" sizes=\"auto, (max-width: 740px) 100vw, 740px\" \/><\/figure>\n<\/div>\n<\/div>\n\n<h2 class=\"wp-block-heading\">World Dairy Expo 2026 \u2013 Madison, Wisconsin, USA<\/h2>\n\n<p class=\"wp-block-paragraph\">Schlie\u00dflich wird \u201eDinamica Generale\u201c im September den Atlantik \u00fcberqueren.<\/p>\n\n<p class=\"wp-block-paragraph\">Unser Team wird anl\u00e4sslich der World Dairy Expo 2026 in Madison, Wisconsin, zu Gast sein. Die Veranstaltung ist einer der wichtigsten internationalen Treffpunkte f\u00fcr die Milchindustrie. <\/p>\n\n<p class=\"wp-block-paragraph\">Die Veranstaltung bringt Landwirte, Berater, H\u00e4ndler, Erstausr\u00fcster und Fachleute aus der Milchwirtschaft aus aller Welt zusammen.<\/p>\n\n<p class=\"wp-block-paragraph\">Auf der World Dairy Expo wird Dinamica Generale seine L\u00f6sungen f\u00fcr die Pr\u00e4zisionsf\u00fctterung und das Management von Milchviehbetrieben vorstellen.<\/p>\n\n<p class=\"wp-block-paragraph\">Unsere Technologien vereinen Wiegesysteme, NIR-Analyse und digitale Tools. Auf diese Weise k\u00f6nnen landwirtschaftliche Betriebe die Gleichm\u00e4\u00dfigkeit der F\u00fctterung verbessern, die Leistung \u00fcberwachen und ihre Daten besser nutzen. <\/p>\n\n<p class=\"wp-block-paragraph\"><strong>Termine:<\/strong> 29. September \u2013 2. Oktober 2026<br\/><strong>Veranstaltungsort:<\/strong> Madison, Wisconsin, USA<br\/><strong>Stand:<\/strong> Nr. 2009<br\/><strong>\u00d6ffnungszeiten:<\/strong> 9.00 \u2013 19.00 Uhr<br\/><strong>Website:<\/strong> <a href=\"https:\/\/worlddairyexpo.com\/\" target=\"_blank\" rel=\"noreferrer noopener\">World Dairy Expo<\/a><\/p>\n\n<p class=\"wp-block-paragraph\"><strong><a href=\"https:\/\/www.dinamicagenerale.com\/de\/event\/world-dairy-expo-2026-praezisionsfuetterung-fuer-hochleistungsmolkereien-dinamica-generale\/\" data-type=\"link\" data-id=\"https:\/\/www.dinamicagenerale.com\/event\/world-dairy-expo-2026-precision-feeding-for-high-performance-dairies-dinamica-generale\/\" target=\"_blank\" rel=\"noreferrer noopener\">Besuchen Sie uns auf der World Dairy Expo<\/a><\/strong><\/p>\n\n<h3 class=\"wp-block-heading\">Vier Veranstaltungen. Ein Monat. Ein Ziel: die Landwirtschaft pr\u00e4ziser zu gestalten.  <\/h3>\n\n<p class=\"wp-block-paragraph\">Im September wird \u201eDinamica Generale\u201c von Spanien nach Frankreich, Polen und in die Vereinigten Staaten f\u00fchren.<\/p>\n\n<p class=\"wp-block-paragraph\">Jede Veranstaltung wird sich auf einen anderen Bereich der modernen Landwirtschaft konzentrieren. Das Ziel bleibt jedoch dasselbe: den Einsatz von Technologie und Daten zur Steigerung der Effizienz und zur Verbesserung der Steuerung. <\/p>\n\n<p class=\"wp-block-paragraph\"><strong>Nehmen Sie an einer dieser Veranstaltungen teil?<\/strong><\/p>\n\n<p class=\"wp-block-paragraph\">Lernen Sie das Team von Dinamica Generale kennen und erfahren Sie, wie unsere Technologien Ihr n\u00e4chstes Projekt unterst\u00fctzen k\u00f6nnen. F\u00fcllen Sie das untenstehende Formular aus! <\/p>\n","protected":false},"excerpt":{"rendered":"<p>Die Veranstaltungen von \u201eDinamica Generale\u201c im September 2026 f\u00fchren unser Team von Europa nach Nordamerika, wo vier wichtige Termine in [&hellip;]<\/p>\n","protected":false},"author":5,"featured_media":54579,"comment_status":"closed","ping_status":"closed","sticky":false,"template":"","format":"standard","meta":{"footnotes":""},"categories":[3],"tags":[],"class_list":["post-54591","post","type-post","status-publish","format-standard","has-post-thumbnail","hentry","category-unternehmen"],"yoast_head":"<!-- This site is optimized with the Yoast SEO plugin v28.0 - https:\/\/yoast.com\/product\/yoast-seo-wordpress\/ -->\n<title>Wo findet die \u201eDinamica Generale\u201c im September 2026 statt?<\/title>\n<meta name=\"description\" content=\"Erfahren Sie, wo Sie Dinamica Generale im September 2026 antreffen k\u00f6nnen: auf der ECPLF in Spanien, der SPACE in Frankreich, der AGRO SHOW in Polen und der World Dairy Expo in den USA.\" \/>\n<meta name=\"robots\" content=\"index, follow, max-snippet:-1, max-image-preview:large, max-video-preview:-1\" \/>\n<link rel=\"canonical\" href=\"https:\/\/www.dinamicagenerale.com\/de\/wo-sie-dinamica-generale-im-september-2026-antreffen-koennen\/\" \/>\n<meta property=\"og:locale\" content=\"de_DE\" \/>\n<meta property=\"og:type\" content=\"article\" \/>\n<meta property=\"og:title\" content=\"Wo findet die \u201eDinamica Generale\u201c im September 2026 statt?\" \/>\n<meta property=\"og:description\" content=\"Erfahren Sie, wo Sie Dinamica Generale im September 2026 antreffen k\u00f6nnen: auf der ECPLF in Spanien, der SPACE in Frankreich, der AGRO SHOW in Polen und der World Dairy Expo in den USA.\" \/>\n<meta property=\"og:url\" content=\"https:\/\/www.dinamicagenerale.com\/de\/wo-sie-dinamica-generale-im-september-2026-antreffen-koennen\/\" \/>\n<meta property=\"og:site_name\" content=\"Dinamica Generale\" \/>\n<meta property=\"article:published_time\" content=\"2026-09-02T07:25:00+00:00\" \/>\n<meta property=\"og:image\" content=\"https:\/\/www.dinamicagenerale.com\/wp-content\/uploads\/2026\/08\/Where-to-meet-Dinamica-Generale-in-September-2026-1024x528.png\" \/>\n\t<meta property=\"og:image:width\" content=\"1024\" \/>\n\t<meta property=\"og:image:height\" content=\"528\" \/>\n\t<meta property=\"og:image:type\" content=\"image\/png\" \/>\n<meta name=\"author\" content=\"leonardoparmeggiani\" \/>\n<meta name=\"twitter:card\" content=\"summary_large_image\" \/>\n<meta name=\"twitter:label1\" content=\"Verfasst von\" \/>\n\t<meta name=\"twitter:data1\" content=\"leonardoparmeggiani\" \/>\n\t<meta name=\"twitter:label2\" content=\"Gesch\u00e4tzte Lesezeit\" \/>\n\t<meta name=\"twitter:data2\" content=\"3\u00a0Minuten\" \/>\n<script type=\"application\/ld+json\" class=\"yoast-schema-graph\">{\"@context\":\"https:\\\/\\\/schema.org\",\"@graph\":[{\"@type\":\"Article\",\"@id\":\"https:\\\/\\\/www.dinamicagenerale.com\\\/de\\\/wo-sie-dinamica-generale-im-september-2026-antreffen-koennen\\\/#article\",\"isPartOf\":{\"@id\":\"https:\\\/\\\/www.dinamicagenerale.com\\\/de\\\/wo-sie-dinamica-generale-im-september-2026-antreffen-koennen\\\/\"},\"author\":{\"name\":\"leonardoparmeggiani\",\"@id\":\"https:\\\/\\\/www.dinamicagenerale.com\\\/de\\\/#\\\/schema\\\/person\\\/a5c006ed54fc259d80e205e87334fd4e\"},\"headline\":\"Wo Sie \u201eDinamica Generale\u201c im September 2026 antreffen k\u00f6nnen\",\"datePublished\":\"2026-09-02T07:25:00+00:00\",\"mainEntityOfPage\":{\"@id\":\"https:\\\/\\\/www.dinamicagenerale.com\\\/de\\\/wo-sie-dinamica-generale-im-september-2026-antreffen-koennen\\\/\"},\"wordCount\":672,\"image\":{\"@id\":\"https:\\\/\\\/www.dinamicagenerale.com\\\/de\\\/wo-sie-dinamica-generale-im-september-2026-antreffen-koennen\\\/#primaryimage\"},\"thumbnailUrl\":\"https:\\\/\\\/www.dinamicagenerale.com\\\/wp-content\\\/uploads\\\/2026\\\/08\\\/Where-to-meet-Dinamica-Generale-in-September-2026.png\",\"articleSection\":[\"Unternehmen\"],\"inLanguage\":\"de\"},{\"@type\":\"WebPage\",\"@id\":\"https:\\\/\\\/www.dinamicagenerale.com\\\/de\\\/wo-sie-dinamica-generale-im-september-2026-antreffen-koennen\\\/\",\"url\":\"https:\\\/\\\/www.dinamicagenerale.com\\\/de\\\/wo-sie-dinamica-generale-im-september-2026-antreffen-koennen\\\/\",\"name\":\"Wo findet die \u201eDinamica Generale\u201c im September 2026 statt?\",\"isPartOf\":{\"@id\":\"https:\\\/\\\/www.dinamicagenerale.com\\\/de\\\/#website\"},\"primaryImageOfPage\":{\"@id\":\"https:\\\/\\\/www.dinamicagenerale.com\\\/de\\\/wo-sie-dinamica-generale-im-september-2026-antreffen-koennen\\\/#primaryimage\"},\"image\":{\"@id\":\"https:\\\/\\\/www.dinamicagenerale.com\\\/de\\\/wo-sie-dinamica-generale-im-september-2026-antreffen-koennen\\\/#primaryimage\"},\"thumbnailUrl\":\"https:\\\/\\\/www.dinamicagenerale.com\\\/wp-content\\\/uploads\\\/2026\\\/08\\\/Where-to-meet-Dinamica-Generale-in-September-2026.png\",\"datePublished\":\"2026-09-02T07:25:00+00:00\",\"author\":{\"@id\":\"https:\\\/\\\/www.dinamicagenerale.com\\\/de\\\/#\\\/schema\\\/person\\\/a5c006ed54fc259d80e205e87334fd4e\"},\"description\":\"Erfahren Sie, wo Sie Dinamica Generale im September 2026 antreffen k\u00f6nnen: auf der ECPLF in Spanien, der SPACE in Frankreich, der AGRO SHOW in Polen und der World Dairy Expo in den USA.\",\"breadcrumb\":{\"@id\":\"https:\\\/\\\/www.dinamicagenerale.com\\\/de\\\/wo-sie-dinamica-generale-im-september-2026-antreffen-koennen\\\/#breadcrumb\"},\"inLanguage\":\"de\",\"potentialAction\":[{\"@type\":\"ReadAction\",\"target\":[\"https:\\\/\\\/www.dinamicagenerale.com\\\/de\\\/wo-sie-dinamica-generale-im-september-2026-antreffen-koennen\\\/\"]}]},{\"@type\":\"ImageObject\",\"inLanguage\":\"de\",\"@id\":\"https:\\\/\\\/www.dinamicagenerale.com\\\/de\\\/wo-sie-dinamica-generale-im-september-2026-antreffen-koennen\\\/#primaryimage\",\"url\":\"https:\\\/\\\/www.dinamicagenerale.com\\\/wp-content\\\/uploads\\\/2026\\\/08\\\/Where-to-meet-Dinamica-Generale-in-September-2026.png\",\"contentUrl\":\"https:\\\/\\\/www.dinamicagenerale.com\\\/wp-content\\\/uploads\\\/2026\\\/08\\\/Where-to-meet-Dinamica-Generale-in-September-2026.png\",\"width\":2362,\"height\":1217},{\"@type\":\"BreadcrumbList\",\"@id\":\"https:\\\/\\\/www.dinamicagenerale.com\\\/de\\\/wo-sie-dinamica-generale-im-september-2026-antreffen-koennen\\\/#breadcrumb\",\"itemListElement\":[{\"@type\":\"ListItem\",\"position\":1,\"name\":\"Home\",\"item\":\"https:\\\/\\\/www.dinamicagenerale.com\\\/de\\\/abteilungen\\\/\"},{\"@type\":\"ListItem\",\"position\":2,\"name\":\"Wo Sie \u201eDinamica Generale\u201c im September 2026 antreffen k\u00f6nnen\"}]},{\"@type\":\"WebSite\",\"@id\":\"https:\\\/\\\/www.dinamicagenerale.com\\\/de\\\/#website\",\"url\":\"https:\\\/\\\/www.dinamicagenerale.com\\\/de\\\/\",\"name\":\"Dinamica Generale\",\"description\":\"\",\"potentialAction\":[{\"@type\":\"SearchAction\",\"target\":{\"@type\":\"EntryPoint\",\"urlTemplate\":\"https:\\\/\\\/www.dinamicagenerale.com\\\/de\\\/?s={search_term_string}\"},\"query-input\":{\"@type\":\"PropertyValueSpecification\",\"valueRequired\":true,\"valueName\":\"search_term_string\"}}],\"inLanguage\":\"de\"},{\"@type\":\"Person\",\"@id\":\"https:\\\/\\\/www.dinamicagenerale.com\\\/de\\\/#\\\/schema\\\/person\\\/a5c006ed54fc259d80e205e87334fd4e\",\"name\":\"leonardoparmeggiani\",\"image\":{\"@type\":\"ImageObject\",\"inLanguage\":\"de\",\"@id\":\"https:\\\/\\\/secure.gravatar.com\\\/avatar\\\/35c1e41d17eff04f4dc47409276969d2f6a1822502e0fd6396ed7c623180ec0f?s=96&d=mm&r=g\",\"url\":\"https:\\\/\\\/secure.gravatar.com\\\/avatar\\\/35c1e41d17eff04f4dc47409276969d2f6a1822502e0fd6396ed7c623180ec0f?s=96&d=mm&r=g\",\"contentUrl\":\"https:\\\/\\\/secure.gravatar.com\\\/avatar\\\/35c1e41d17eff04f4dc47409276969d2f6a1822502e0fd6396ed7c623180ec0f?s=96&d=mm&r=g\",\"caption\":\"leonardoparmeggiani\"}}]}<\/script>\n<!-- \/ Yoast SEO plugin. -->","yoast_head_json":{"title":"Wo findet die \u201eDinamica Generale\u201c im September 2026 statt?","description":"Erfahren Sie, wo Sie Dinamica Generale im September 2026 antreffen k\u00f6nnen: auf der ECPLF in Spanien, der SPACE in Frankreich, der AGRO SHOW in Polen und der World Dairy Expo in den USA.","robots":{"index":"index","follow":"follow","max-snippet":"max-snippet:-1","max-image-preview":"max-image-preview:large","max-video-preview":"max-video-preview:-1"},"canonical":"https:\/\/www.dinamicagenerale.com\/de\/wo-sie-dinamica-generale-im-september-2026-antreffen-koennen\/","og_locale":"de_DE","og_type":"article","og_title":"Wo findet die \u201eDinamica Generale\u201c im September 2026 statt?","og_description":"Erfahren Sie, wo Sie Dinamica Generale im September 2026 antreffen k\u00f6nnen: auf der ECPLF in Spanien, der SPACE in Frankreich, der AGRO SHOW in Polen und der World Dairy Expo in den USA.","og_url":"https:\/\/www.dinamicagenerale.com\/de\/wo-sie-dinamica-generale-im-september-2026-antreffen-koennen\/","og_site_name":"Dinamica Generale","article_published_time":"2026-09-02T07:25:00+00:00","og_image":[{"width":1024,"height":528,"url":"https:\/\/www.dinamicagenerale.com\/wp-content\/uploads\/2026\/08\/Where-to-meet-Dinamica-Generale-in-September-2026-1024x528.png","type":"image\/png"}],"author":"leonardoparmeggiani","twitter_card":"summary_large_image","twitter_misc":{"Verfasst von":"leonardoparmeggiani","Gesch\u00e4tzte Lesezeit":"3\u00a0Minuten"},"schema":{"@context":"https:\/\/schema.org","@graph":[{"@type":"Article","@id":"https:\/\/www.dinamicagenerale.com\/de\/wo-sie-dinamica-generale-im-september-2026-antreffen-koennen\/#article","isPartOf":{"@id":"https:\/\/www.dinamicagenerale.com\/de\/wo-sie-dinamica-generale-im-september-2026-antreffen-koennen\/"},"author":{"name":"leonardoparmeggiani","@id":"https:\/\/www.dinamicagenerale.com\/de\/#\/schema\/person\/a5c006ed54fc259d80e205e87334fd4e"},"headline":"Wo Sie \u201eDinamica Generale\u201c im September 2026 antreffen k\u00f6nnen","datePublished":"2026-09-02T07:25:00+00:00","mainEntityOfPage":{"@id":"https:\/\/www.dinamicagenerale.com\/de\/wo-sie-dinamica-generale-im-september-2026-antreffen-koennen\/"},"wordCount":672,"image":{"@id":"https:\/\/www.dinamicagenerale.com\/de\/wo-sie-dinamica-generale-im-september-2026-antreffen-koennen\/#primaryimage"},"thumbnailUrl":"https:\/\/www.dinamicagenerale.com\/wp-content\/uploads\/2026\/08\/Where-to-meet-Dinamica-Generale-in-September-2026.png","articleSection":["Unternehmen"],"inLanguage":"de"},{"@type":"WebPage","@id":"https:\/\/www.dinamicagenerale.com\/de\/wo-sie-dinamica-generale-im-september-2026-antreffen-koennen\/","url":"https:\/\/www.dinamicagenerale.com\/de\/wo-sie-dinamica-generale-im-september-2026-antreffen-koennen\/","name":"Wo findet die \u201eDinamica Generale\u201c im September 2026 statt?","isPartOf":{"@id":"https:\/\/www.dinamicagenerale.com\/de\/#website"},"primaryImageOfPage":{"@id":"https:\/\/www.dinamicagenerale.com\/de\/wo-sie-dinamica-generale-im-september-2026-antreffen-koennen\/#primaryimage"},"image":{"@id":"https:\/\/www.dinamicagenerale.com\/de\/wo-sie-dinamica-generale-im-september-2026-antreffen-koennen\/#primaryimage"},"thumbnailUrl":"https:\/\/www.dinamicagenerale.com\/wp-content\/uploads\/2026\/08\/Where-to-meet-Dinamica-Generale-in-September-2026.png","datePublished":"2026-09-02T07:25:00+00:00","author":{"@id":"https:\/\/www.dinamicagenerale.com\/de\/#\/schema\/person\/a5c006ed54fc259d80e205e87334fd4e"},"description":"Erfahren Sie, wo Sie Dinamica Generale im September 2026 antreffen k\u00f6nnen: auf der ECPLF in Spanien, der SPACE in Frankreich, der AGRO SHOW in Polen und der World Dairy Expo in den USA.","breadcrumb":{"@id":"https:\/\/www.dinamicagenerale.com\/de\/wo-sie-dinamica-generale-im-september-2026-antreffen-koennen\/#breadcrumb"},"inLanguage":"de","potentialAction":[{"@type":"ReadAction","target":["https:\/\/www.dinamicagenerale.com\/de\/wo-sie-dinamica-generale-im-september-2026-antreffen-koennen\/"]}]},{"@type":"ImageObject","inLanguage":"de","@id":"https:\/\/www.dinamicagenerale.com\/de\/wo-sie-dinamica-generale-im-september-2026-antreffen-koennen\/#primaryimage","url":"https:\/\/www.dinamicagenerale.com\/wp-content\/uploads\/2026\/08\/Where-to-meet-Dinamica-Generale-in-September-2026.png","contentUrl":"https:\/\/www.dinamicagenerale.com\/wp-content\/uploads\/2026\/08\/Where-to-meet-Dinamica-Generale-in-September-2026.png","width":2362,"height":1217},{"@type":"BreadcrumbList","@id":"https:\/\/www.dinamicagenerale.com\/de\/wo-sie-dinamica-generale-im-september-2026-antreffen-koennen\/#breadcrumb","itemListElement":[{"@type":"ListItem","position":1,"name":"Home","item":"https:\/\/www.dinamicagenerale.com\/de\/abteilungen\/"},{"@type":"ListItem","position":2,"name":"Wo Sie \u201eDinamica Generale\u201c im September 2026 antreffen k\u00f6nnen"}]},{"@type":"WebSite","@id":"https:\/\/www.dinamicagenerale.com\/de\/#website","url":"https:\/\/www.dinamicagenerale.com\/de\/","name":"Dinamica Generale","description":"","potentialAction":[{"@type":"SearchAction","target":{"@type":"EntryPoint","urlTemplate":"https:\/\/www.dinamicagenerale.com\/de\/?s={search_term_string}"},"query-input":{"@type":"PropertyValueSpecification","valueRequired":true,"valueName":"search_term_string"}}],"inLanguage":"de"},{"@type":"Person","@id":"https:\/\/www.dinamicagenerale.com\/de\/#\/schema\/person\/a5c006ed54fc259d80e205e87334fd4e","name":"leonardoparmeggiani","image":{"@type":"ImageObject","inLanguage":"de","@id":"https:\/\/secure.gravatar.com\/avatar\/35c1e41d17eff04f4dc47409276969d2f6a1822502e0fd6396ed7c623180ec0f?s=96&d=mm&r=g","url":"https:\/\/secure.gravatar.com\/avatar\/35c1e41d17eff04f4dc47409276969d2f6a1822502e0fd6396ed7c623180ec0f?s=96&d=mm&r=g","contentUrl":"https:\/\/secure.gravatar.com\/avatar\/35c1e41d17eff04f4dc47409276969d2f6a1822502e0fd6396ed7c623180ec0f?s=96&d=mm&r=g","caption":"leonardoparmeggiani"}}]}},"_links":{"self":[{"href":"https:\/\/www.dinamicagenerale.com\/de\/wp-json\/wp\/v2\/posts\/54591","targetHints":{"allow":["GET"]}}],"collection":[{"href":"https:\/\/www.dinamicagenerale.com\/de\/wp-json\/wp\/v2\/posts"}],"about":[{"href":"https:\/\/www.dinamicagenerale.com\/de\/wp-json\/wp\/v2\/types\/post"}],"author":[{"embeddable":true,"href":"https:\/\/www.dinamicagenerale.com\/de\/wp-json\/wp\/v2\/users\/5"}],"replies":[{"embeddable":true,"href":"https:\/\/www.dinamicagenerale.com\/de\/wp-json\/wp\/v2\/comments?post=54591"}],"version-history":[{"count":2,"href":"https:\/\/www.dinamicagenerale.com\/de\/wp-json\/wp\/v2\/posts\/54591\/revisions"}],"predecessor-version":[{"id":54611,"href":"https:\/\/www.dinamicagenerale.com\/de\/wp-json\/wp\/v2\/posts\/54591\/revisions\/54611"}],"wp:featuredmedia":[{"embeddable":true,"href":"https:\/\/www.dinamicagenerale.com\/de\/wp-json\/wp\/v2\/media\/54579"}],"wp:attachment":[{"href":"https:\/\/www.dinamicagenerale.com\/de\/wp-json\/wp\/v2\/media?parent=54591"}],"wp:term":[{"taxonomy":"category","embeddable":true,"href":"https:\/\/www.dinamicagenerale.com\/de\/wp-json\/wp\/v2\/categories?post=54591"},{"taxonomy":"post_tag","embeddable":true,"href":"https:\/\/www.dinamicagenerale.com\/de\/wp-json\/wp\/v2\/tags?post=54591"}],"curies":[{"name":"wp","href":"https:\/\/api.w.org\/{rel}","templated":true}]}}