{"id":54149,"date":"2026-08-03T09:00:00","date_gmt":"2026-08-03T07:00:00","guid":{"rendered":"https:\/\/www.dinamicagenerale.com\/?p=54149"},"modified":"2026-07-31T11:07:56","modified_gmt":"2026-07-31T09:07:56","slug":"nachhaltigkeitsbericht-2025-konkrete-massnahmen-fuer-ein-verantwortungsbewussteres-unternehmen","status":"publish","type":"post","link":"https:\/\/www.dinamicagenerale.com\/de\/nachhaltigkeitsbericht-2025-konkrete-massnahmen-fuer-ein-verantwortungsbewussteres-unternehmen\/","title":{"rendered":"Nachhaltigkeitsbericht 2025: Konkrete Ma\u00dfnahmen f\u00fcr ein verantwortungsbewussteres Unternehmen"},"content":{"rendered":"\n<p class=\"wp-block-paragraph\">Umwelt, Energie, Menschen, Unternehmensf\u00fchrung, Digitalisierung und Sicherheit: Im Laufe des Jahres 2025 hat Dinamica Generale auf seinem Weg zur Nachhaltigkeit neue Meilensteine erreicht.<\/p>\n\n<p class=\"wp-block-paragraph\">Ein Weg, der durch konkrete Ma\u00dfnahmen gepr\u00e4gt ist, die darauf abzielen, die R\u00e4umlichkeiten des Unternehmens zu verbessern, das Wohlbefinden der Mitarbeiter zu f\u00f6rdern und die Sicherheit zu st\u00e4rken \u2013 auch aus digitaler Perspektive.<\/p>\n\n<h2 class=\"wp-block-heading\">Neue Gr\u00fcnfl\u00e4chen an unserem Hauptsitz<\/h2>\n\n<p class=\"wp-block-paragraph\">Im Jahr 2025 wurde ein neuer Parkplatz f\u00fcr das Unternehmen fertiggestellt; gleichzeitig wurden 30 B\u00e4ume gepflanzt und 500 m\u00b2 neue Gr\u00fcnfl\u00e4che angelegt.<\/p>\n\n<p class=\"wp-block-paragraph\">Das Projekt trug zur Neugestaltung der Au\u00dfenanlagen rund um die Unternehmenszentrale bei, indem der Anteil an wasserdurchl\u00e4ssigen Fl\u00e4chen erh\u00f6ht und ein angenehmeres und einladenderes Umfeld f\u00fcr Mitarbeiter und Besucher geschaffen wurde.<\/p>\n\n<figure class=\"wp-block-gallery has-nested-images columns-default is-cropped wp-block-gallery-1 is-layout-flex wp-block-gallery-is-layout-flex\">\n<figure class=\"wp-block-image size-full\"><img loading=\"lazy\" decoding=\"async\" width=\"586\" height=\"600\" data-id=\"54068\" src=\"https:\/\/www.dinamicagenerale.com\/wp-content\/uploads\/2026\/07\/New-Green-Spaces-at-Our-Headquarters-dinamica-generale-1.png\" alt=\"\" class=\"wp-image-54068\" srcset=\"https:\/\/www.dinamicagenerale.com\/wp-content\/uploads\/2026\/07\/New-Green-Spaces-at-Our-Headquarters-dinamica-generale-1.png 586w, https:\/\/www.dinamicagenerale.com\/wp-content\/uploads\/2026\/07\/New-Green-Spaces-at-Our-Headquarters-dinamica-generale-1-293x300.png 293w\" sizes=\"auto, (max-width: 586px) 100vw, 586px\" \/><\/figure>\n\n\n\n<figure class=\"wp-block-image size-large\"><img loading=\"lazy\" decoding=\"async\" width=\"586\" height=\"600\" data-id=\"54070\" src=\"https:\/\/www.dinamicagenerale.com\/wp-content\/uploads\/2026\/07\/New-Green-Spaces-at-Our-Headquarters-dinamica-generale-2.png\" alt=\"\" class=\"wp-image-54070\" srcset=\"https:\/\/www.dinamicagenerale.com\/wp-content\/uploads\/2026\/07\/New-Green-Spaces-at-Our-Headquarters-dinamica-generale-2.png 586w, https:\/\/www.dinamicagenerale.com\/wp-content\/uploads\/2026\/07\/New-Green-Spaces-at-Our-Headquarters-dinamica-generale-2-293x300.png 293w\" sizes=\"auto, (max-width: 586px) 100vw, 586px\" \/><\/figure>\n\n\n\n<figure class=\"wp-block-image size-large\"><img loading=\"lazy\" decoding=\"async\" width=\"586\" height=\"600\" data-id=\"54069\" src=\"https:\/\/www.dinamicagenerale.com\/wp-content\/uploads\/2026\/07\/New-Green-Spaces-at-Our-Headquarters-dinamica-generale-3.png\" alt=\"\" class=\"wp-image-54069\" srcset=\"https:\/\/www.dinamicagenerale.com\/wp-content\/uploads\/2026\/07\/New-Green-Spaces-at-Our-Headquarters-dinamica-generale-3.png 586w, https:\/\/www.dinamicagenerale.com\/wp-content\/uploads\/2026\/07\/New-Green-Spaces-at-Our-Headquarters-dinamica-generale-3-293x300.png 293w\" sizes=\"auto, (max-width: 586px) 100vw, 586px\" \/><\/figure>\n<\/figure>\n\n<h2 class=\"wp-block-heading\">Eine neue Photovoltaikanlage mit einer Leistung von 60 kWp<\/h2>\n\n<p class=\"wp-block-paragraph\">Zu den bedeutendsten Initiativen im Energiebereich geh\u00f6rte die Installation einer neuen 60-kWp-Photovoltaikanlage, die im Rahmen des F\u00f6rderprogramms f\u00fcr \u201eGemeinden f\u00fcr erneuerbare Energien\u201c \u2013 in Italien als CER bekannt \u2013 realisiert wurde.<\/p>\n\n<p class=\"wp-block-paragraph\">Das neue System stellt einen weiteren Schritt in Richtung einer verantwortungsvolleren Energieverteilung und einer gesteigerten Erzeugung aus erneuerbaren Energiequellen dar und tr\u00e4gt dazu bei, die Umweltauswirkungen der Gesch\u00e4ftst\u00e4tigkeit des Unternehmens zu verringern.<\/p>\n<div class=\"wp-block-image\">\n<figure class=\"aligncenter size-large\"><img loading=\"lazy\" decoding=\"async\" width=\"1024\" height=\"528\" src=\"https:\/\/www.dinamicagenerale.com\/wp-content\/uploads\/2026\/07\/A-New-60-kWp-Photovoltaic-System-1024x528.png\" alt=\"\" class=\"wp-image-54089\" srcset=\"https:\/\/www.dinamicagenerale.com\/wp-content\/uploads\/2026\/07\/A-New-60-kWp-Photovoltaic-System-1024x528.png 1024w, https:\/\/www.dinamicagenerale.com\/wp-content\/uploads\/2026\/07\/A-New-60-kWp-Photovoltaic-System-300x155.png 300w, https:\/\/www.dinamicagenerale.com\/wp-content\/uploads\/2026\/07\/A-New-60-kWp-Photovoltaic-System-768x396.png 768w, https:\/\/www.dinamicagenerale.com\/wp-content\/uploads\/2026\/07\/A-New-60-kWp-Photovoltaic-System-1536x791.png 1536w, https:\/\/www.dinamicagenerale.com\/wp-content\/uploads\/2026\/07\/A-New-60-kWp-Photovoltaic-System-2048x1055.png 2048w\" sizes=\"auto, (max-width: 1024px) 100vw, 1024px\" \/><\/figure>\n<\/div>\n<h2 class=\"wp-block-heading\">Ein Sportbereich, der dem Wohlbefinden der Mitarbeiter gewidmet ist<\/h2>\n\n<p class=\"wp-block-paragraph\">Au\u00dferdem wurde auf der Gr\u00fcnfl\u00e4che des Unternehmens ein neuer Bereich f\u00fcr Calisthenics im Freien eingerichtet.<\/p>\n\n<p class=\"wp-block-paragraph\">Der Bereich wurde konzipiert, um k\u00f6rperliche Aktivit\u00e4t, das Wohlbefinden und den Austausch unter den Mitarbeitern zu f\u00f6rdern und so den Zusammenhang zwischen der Qualit\u00e4t des Arbeitsumfelds und der Achtsamkeit gegen\u00fcber der eigenen Gesundheit zu st\u00e4rken.<\/p>\n\n<figure class=\"wp-block-gallery has-nested-images columns-default is-cropped wp-block-gallery-2 is-layout-flex wp-block-gallery-is-layout-flex\">\n<figure class=\"wp-block-image size-large\"><img loading=\"lazy\" decoding=\"async\" width=\"586\" height=\"600\" data-id=\"54099\" src=\"https:\/\/www.dinamicagenerale.com\/wp-content\/uploads\/2026\/07\/A-Sports-Area-Dedicated-to-Employee-Wellbeing-DINAMICA-GENERALE-2.png\" alt=\"\" class=\"wp-image-54099\" srcset=\"https:\/\/www.dinamicagenerale.com\/wp-content\/uploads\/2026\/07\/A-Sports-Area-Dedicated-to-Employee-Wellbeing-DINAMICA-GENERALE-2.png 586w, https:\/\/www.dinamicagenerale.com\/wp-content\/uploads\/2026\/07\/A-Sports-Area-Dedicated-to-Employee-Wellbeing-DINAMICA-GENERALE-2-293x300.png 293w\" sizes=\"auto, (max-width: 586px) 100vw, 586px\" \/><\/figure>\n\n\n\n<figure class=\"wp-block-image size-large\"><img loading=\"lazy\" decoding=\"async\" width=\"586\" height=\"600\" data-id=\"54109\" src=\"https:\/\/www.dinamicagenerale.com\/wp-content\/uploads\/2026\/07\/A-Sports-Area-Dedicated-to-Employee-Wellbeing-DINAMICA-GENERALE-1.png\" alt=\"\" class=\"wp-image-54109\" srcset=\"https:\/\/www.dinamicagenerale.com\/wp-content\/uploads\/2026\/07\/A-Sports-Area-Dedicated-to-Employee-Wellbeing-DINAMICA-GENERALE-1.png 586w, https:\/\/www.dinamicagenerale.com\/wp-content\/uploads\/2026\/07\/A-Sports-Area-Dedicated-to-Employee-Wellbeing-DINAMICA-GENERALE-1-293x300.png 293w\" sizes=\"auto, (max-width: 586px) 100vw, 586px\" \/><\/figure>\n<\/figure>\n\n<h2 class=\"wp-block-heading\">Frauen in F\u00fchrungspositionen und im Vorstand<\/h2>\n\n<p class=\"wp-block-paragraph\">Im Jahr 2025 stellten Frauen 54 % der F\u00fchrungskr\u00e4fte der ersten Ebene bei Dinamica Generale, die direkt an die oberste F\u00fchrungsebene berichteten.<\/p>\n\n<p class=\"wp-block-paragraph\">Auch auf der F\u00fchrungsebene ist der Frauenanteil betr\u00e4chtlich: 66 % der Mitglieder des Verwaltungsrats des Unternehmens sind Frauen.<\/p>\n\n<p class=\"wp-block-paragraph\">Diese Zahlen spiegeln das Engagement des Unternehmens wider, Kompetenzen, Erfahrung und unterschiedliche Perspektiven in F\u00fchrungs- und Entscheidungsprozessen zu w\u00fcrdigen.<\/p>\n\n<h2 class=\"wp-block-heading\">Zertifizierung nach ISO\/IEC 27001:2022 f\u00fcr Informationssicherheit<\/h2>\n\n<div class=\"wp-block-columns is-layout-flex wp-container-core-columns-is-layout-8f761849 wp-block-columns-is-layout-flex\">\n<div class=\"wp-block-column is-layout-flow wp-block-column-is-layout-flow\"><div class=\"wp-block-image\">\n<figure class=\"aligncenter size-large\"><img loading=\"lazy\" decoding=\"async\" width=\"1024\" height=\"528\" src=\"https:\/\/www.dinamicagenerale.com\/wp-content\/uploads\/2025\/12\/ISO-IEC-27001-certification-1024x528.png\" alt=\"\" class=\"wp-image-34485\" srcset=\"https:\/\/www.dinamicagenerale.com\/wp-content\/uploads\/2025\/12\/ISO-IEC-27001-certification-1024x528.png 1024w, https:\/\/www.dinamicagenerale.com\/wp-content\/uploads\/2025\/12\/ISO-IEC-27001-certification-300x155.png 300w, https:\/\/www.dinamicagenerale.com\/wp-content\/uploads\/2025\/12\/ISO-IEC-27001-certification-768x396.png 768w, https:\/\/www.dinamicagenerale.com\/wp-content\/uploads\/2025\/12\/ISO-IEC-27001-certification-1536x791.png 1536w, https:\/\/www.dinamicagenerale.com\/wp-content\/uploads\/2025\/12\/ISO-IEC-27001-certification-2048x1055.png 2048w\" sizes=\"auto, (max-width: 1024px) 100vw, 1024px\" \/><\/figure>\n<\/div><\/div>\n\n\n\n<div class=\"wp-block-column is-vertically-aligned-center is-layout-flow wp-block-column-is-layout-flow\">\n<p class=\"wp-block-paragraph\">Die digitale Transformation er\u00f6ffnet neue M\u00f6glichkeiten, erh\u00f6ht jedoch zugleich die Notwendigkeit, Informationen, Systeme und Gesch\u00e4ftsprozesse zu sch\u00fctzen.<\/p>\n\n\n\n<p class=\"wp-block-paragraph\">Im Jahr 2025 erhielt Dinamica Generale die Zertifizierung nach ISO\/IEC 27001:2022, der internationalen Norm f\u00fcr Managementsysteme zur Informationssicherheit.<\/p>\n\n\n\n<p class=\"wp-block-paragraph\">Die Zertifizierung best\u00e4tigt das Engagement des Unternehmens f\u00fcr den Datenschutz, das Risikomanagement im Bereich der Cybersicherheit sowie die Einf\u00fchrung strukturierter Prozesse, die darauf ausgelegt sind, Sicherheit, Zuverl\u00e4ssigkeit und Gesch\u00e4ftskontinuit\u00e4t zu gew\u00e4hrleisten.<\/p>\n<\/div>\n<\/div>\n\n<h2 class=\"wp-block-heading\">Sicherheitstag: Lernen durch Mitmachen<\/h2>\n\n<p class=\"wp-block-paragraph\">Gesundheit und Sicherheit am Arbeitsplatz haben f\u00fcr Dinamica Generale weiterhin h\u00f6chste Priorit\u00e4t.<\/p>\n\n<p class=\"wp-block-paragraph\">Im Jahr 2025 veranstaltete das Unternehmen einen Sicherheitstag, der der Schulung und Sensibilisierung im Bereich Arbeitssicherheit gewidmet war.<\/p>\n\n<p class=\"wp-block-paragraph\">Im Rahmen dieser Initiative wurden die Mitarbeiter durch interaktive, ansprechende und innovative Aktivit\u00e4ten einbezogen, mit dem Ziel, die Fortbildung effektiver, praxisorientierter und enger an Situationen anzupassen, die im Arbeitsalltag auftreten k\u00f6nnen.<\/p>\n\n<h3 class=\"wp-block-heading\">Nachhaltigkeit als Teil unserer Gesch\u00e4ftst\u00e4tigkeit<\/h3>\n\n<p class=\"wp-block-paragraph\">F\u00fcr Dinamica Generale ist Nachhaltigkeit keine einzelne Ma\u00dfnahme, sondern ein fortlaufender Prozess, der die Art und Weise beeinflusst, wie das Unternehmen w\u00e4chst, investiert, arbeitet und Entscheidungen trifft.<\/p>\n\n<p class=\"wp-block-paragraph\">Umwelt, Energie, Wohlbefinden, Inklusion, Unternehmensf\u00fchrung und Sicherheit sind daher Teil desselben Engagements: der Schaffung von Mehrwert f\u00fcr die Menschen, die lokale Gemeinschaft und das gesamte \u00d6kosystem, in dem das Unternehmen t\u00e4tig ist.<\/p>\n\n<p class=\"wp-block-paragraph\"><strong>Entdecken Sie alle Erfolge und Verpflichtungen von Dinamica Generale im <a href=\"https:\/\/www.dinamicagenerale.com\/wp-content\/uploads\/2026\/07\/Dinamica-Generale-Report-2025_20260727.pdf\" data-type=\"link\" data-id=\"https:\/\/www.dinamicagenerale.com\/wp-content\/uploads\/2026\/07\/Dinamica-Generale-Report-2025_20260727.pdf\" target=\"_blank\" rel=\"noreferrer noopener\">Nachhaltigkeitsbericht 2025.<\/a><\/strong><\/p>\n","protected":false},"excerpt":{"rendered":"<p>Umwelt, Energie, Menschen, Unternehmensf\u00fchrung, Digitalisierung und Sicherheit: Im Laufe des Jahres 2025 hat Dinamica Generale auf seinem Weg zur Nachhaltigkeit [&hellip;]<\/p>\n","protected":false},"author":5,"featured_media":54136,"comment_status":"closed","ping_status":"closed","sticky":false,"template":"","format":"standard","meta":{"footnotes":""},"categories":[3],"tags":[],"class_list":["post-54149","post","type-post","status-publish","format-standard","has-post-thumbnail","hentry","category-unternehmen"],"yoast_head":"<!-- This site is optimized with the Yoast SEO plugin v28.0 - https:\/\/yoast.com\/product\/yoast-seo-wordpress\/ -->\n<title>Dinamica Generale Nachhaltigkeitsbericht 2025. Wichtigste Erfolge<\/title>\n<meta name=\"description\" content=\"Werfen Sie einen Blick in den Nachhaltigkeitsbericht 2025 von Dinamica Generale und erfahren Sie mehr \u00fcber unsere Erfolge in den Bereichen Energie, Umwelt, Mitarbeiter, Unternehmensf\u00fchrung, Cybersicherheit und Arbeitssicherheit.\" \/>\n<meta name=\"robots\" content=\"index, follow, max-snippet:-1, max-image-preview:large, max-video-preview:-1\" \/>\n<link rel=\"canonical\" href=\"https:\/\/www.dinamicagenerale.com\/de\/nachhaltigkeitsbericht-2025-konkrete-massnahmen-fuer-ein-verantwortungsbewussteres-unternehmen\/\" \/>\n<meta property=\"og:locale\" content=\"de_DE\" \/>\n<meta property=\"og:type\" content=\"article\" \/>\n<meta property=\"og:title\" content=\"Dinamica Generale Nachhaltigkeitsbericht 2025. Wichtigste Erfolge\" \/>\n<meta property=\"og:description\" content=\"Werfen Sie einen Blick in den Nachhaltigkeitsbericht 2025 von Dinamica Generale und erfahren Sie mehr \u00fcber unsere Erfolge in den Bereichen Energie, Umwelt, Mitarbeiter, Unternehmensf\u00fchrung, Cybersicherheit und Arbeitssicherheit.\" \/>\n<meta property=\"og:url\" content=\"https:\/\/www.dinamicagenerale.com\/de\/nachhaltigkeitsbericht-2025-konkrete-massnahmen-fuer-ein-verantwortungsbewussteres-unternehmen\/\" \/>\n<meta property=\"og:site_name\" content=\"Dinamica Generale\" \/>\n<meta property=\"article:published_time\" content=\"2026-08-03T07:00:00+00:00\" \/>\n<meta property=\"og:image\" content=\"https:\/\/www.dinamicagenerale.com\/wp-content\/uploads\/2026\/07\/Sustainability-Report-2025.-Dinamica-Generale-Achievements-1024x528.png\" \/>\n\t<meta property=\"og:image:width\" content=\"1024\" \/>\n\t<meta property=\"og:image:height\" content=\"528\" \/>\n\t<meta property=\"og:image:type\" content=\"image\/png\" \/>\n<meta name=\"author\" content=\"leonardoparmeggiani\" \/>\n<meta name=\"twitter:card\" content=\"summary_large_image\" \/>\n<meta name=\"twitter:label1\" content=\"Verfasst von\" \/>\n\t<meta name=\"twitter:data1\" content=\"leonardoparmeggiani\" \/>\n\t<meta name=\"twitter:label2\" content=\"Gesch\u00e4tzte Lesezeit\" \/>\n\t<meta name=\"twitter:data2\" content=\"3\u00a0Minuten\" \/>\n<script type=\"application\/ld+json\" class=\"yoast-schema-graph\">{\"@context\":\"https:\\\/\\\/schema.org\",\"@graph\":[{\"@type\":\"Article\",\"@id\":\"https:\\\/\\\/www.dinamicagenerale.com\\\/de\\\/nachhaltigkeitsbericht-2025-konkrete-massnahmen-fuer-ein-verantwortungsbewussteres-unternehmen\\\/#article\",\"isPartOf\":{\"@id\":\"https:\\\/\\\/www.dinamicagenerale.com\\\/de\\\/nachhaltigkeitsbericht-2025-konkrete-massnahmen-fuer-ein-verantwortungsbewussteres-unternehmen\\\/\"},\"author\":{\"name\":\"leonardoparmeggiani\",\"@id\":\"https:\\\/\\\/www.dinamicagenerale.com\\\/de\\\/#\\\/schema\\\/person\\\/a5c006ed54fc259d80e205e87334fd4e\"},\"headline\":\"Nachhaltigkeitsbericht 2025: Konkrete Ma\u00dfnahmen f\u00fcr ein verantwortungsbewussteres Unternehmen\",\"datePublished\":\"2026-08-03T07:00:00+00:00\",\"mainEntityOfPage\":{\"@id\":\"https:\\\/\\\/www.dinamicagenerale.com\\\/de\\\/nachhaltigkeitsbericht-2025-konkrete-massnahmen-fuer-ein-verantwortungsbewussteres-unternehmen\\\/\"},\"wordCount\":585,\"image\":{\"@id\":\"https:\\\/\\\/www.dinamicagenerale.com\\\/de\\\/nachhaltigkeitsbericht-2025-konkrete-massnahmen-fuer-ein-verantwortungsbewussteres-unternehmen\\\/#primaryimage\"},\"thumbnailUrl\":\"https:\\\/\\\/www.dinamicagenerale.com\\\/wp-content\\\/uploads\\\/2026\\\/07\\\/Sustainability-Report-2025.-Dinamica-Generale-Achievements.png\",\"articleSection\":[\"Unternehmen\"],\"inLanguage\":\"de\"},{\"@type\":\"WebPage\",\"@id\":\"https:\\\/\\\/www.dinamicagenerale.com\\\/de\\\/nachhaltigkeitsbericht-2025-konkrete-massnahmen-fuer-ein-verantwortungsbewussteres-unternehmen\\\/\",\"url\":\"https:\\\/\\\/www.dinamicagenerale.com\\\/de\\\/nachhaltigkeitsbericht-2025-konkrete-massnahmen-fuer-ein-verantwortungsbewussteres-unternehmen\\\/\",\"name\":\"Dinamica Generale Nachhaltigkeitsbericht 2025. Wichtigste Erfolge\",\"isPartOf\":{\"@id\":\"https:\\\/\\\/www.dinamicagenerale.com\\\/de\\\/#website\"},\"primaryImageOfPage\":{\"@id\":\"https:\\\/\\\/www.dinamicagenerale.com\\\/de\\\/nachhaltigkeitsbericht-2025-konkrete-massnahmen-fuer-ein-verantwortungsbewussteres-unternehmen\\\/#primaryimage\"},\"image\":{\"@id\":\"https:\\\/\\\/www.dinamicagenerale.com\\\/de\\\/nachhaltigkeitsbericht-2025-konkrete-massnahmen-fuer-ein-verantwortungsbewussteres-unternehmen\\\/#primaryimage\"},\"thumbnailUrl\":\"https:\\\/\\\/www.dinamicagenerale.com\\\/wp-content\\\/uploads\\\/2026\\\/07\\\/Sustainability-Report-2025.-Dinamica-Generale-Achievements.png\",\"datePublished\":\"2026-08-03T07:00:00+00:00\",\"author\":{\"@id\":\"https:\\\/\\\/www.dinamicagenerale.com\\\/de\\\/#\\\/schema\\\/person\\\/a5c006ed54fc259d80e205e87334fd4e\"},\"description\":\"Werfen Sie einen Blick in den Nachhaltigkeitsbericht 2025 von Dinamica Generale und erfahren Sie mehr \u00fcber unsere Erfolge in den Bereichen Energie, Umwelt, Mitarbeiter, Unternehmensf\u00fchrung, Cybersicherheit und Arbeitssicherheit.\",\"breadcrumb\":{\"@id\":\"https:\\\/\\\/www.dinamicagenerale.com\\\/de\\\/nachhaltigkeitsbericht-2025-konkrete-massnahmen-fuer-ein-verantwortungsbewussteres-unternehmen\\\/#breadcrumb\"},\"inLanguage\":\"de\",\"potentialAction\":[{\"@type\":\"ReadAction\",\"target\":[\"https:\\\/\\\/www.dinamicagenerale.com\\\/de\\\/nachhaltigkeitsbericht-2025-konkrete-massnahmen-fuer-ein-verantwortungsbewussteres-unternehmen\\\/\"]}]},{\"@type\":\"ImageObject\",\"inLanguage\":\"de\",\"@id\":\"https:\\\/\\\/www.dinamicagenerale.com\\\/de\\\/nachhaltigkeitsbericht-2025-konkrete-massnahmen-fuer-ein-verantwortungsbewussteres-unternehmen\\\/#primaryimage\",\"url\":\"https:\\\/\\\/www.dinamicagenerale.com\\\/wp-content\\\/uploads\\\/2026\\\/07\\\/Sustainability-Report-2025.-Dinamica-Generale-Achievements.png\",\"contentUrl\":\"https:\\\/\\\/www.dinamicagenerale.com\\\/wp-content\\\/uploads\\\/2026\\\/07\\\/Sustainability-Report-2025.-Dinamica-Generale-Achievements.png\",\"width\":2362,\"height\":1217},{\"@type\":\"BreadcrumbList\",\"@id\":\"https:\\\/\\\/www.dinamicagenerale.com\\\/de\\\/nachhaltigkeitsbericht-2025-konkrete-massnahmen-fuer-ein-verantwortungsbewussteres-unternehmen\\\/#breadcrumb\",\"itemListElement\":[{\"@type\":\"ListItem\",\"position\":1,\"name\":\"Home\",\"item\":\"https:\\\/\\\/www.dinamicagenerale.com\\\/de\\\/abteilungen\\\/\"},{\"@type\":\"ListItem\",\"position\":2,\"name\":\"Nachhaltigkeitsbericht 2025: Konkrete Ma\u00dfnahmen f\u00fcr ein verantwortungsbewussteres Unternehmen\"}]},{\"@type\":\"WebSite\",\"@id\":\"https:\\\/\\\/www.dinamicagenerale.com\\\/de\\\/#website\",\"url\":\"https:\\\/\\\/www.dinamicagenerale.com\\\/de\\\/\",\"name\":\"Dinamica Generale\",\"description\":\"\",\"potentialAction\":[{\"@type\":\"SearchAction\",\"target\":{\"@type\":\"EntryPoint\",\"urlTemplate\":\"https:\\\/\\\/www.dinamicagenerale.com\\\/de\\\/?s={search_term_string}\"},\"query-input\":{\"@type\":\"PropertyValueSpecification\",\"valueRequired\":true,\"valueName\":\"search_term_string\"}}],\"inLanguage\":\"de\"},{\"@type\":\"Person\",\"@id\":\"https:\\\/\\\/www.dinamicagenerale.com\\\/de\\\/#\\\/schema\\\/person\\\/a5c006ed54fc259d80e205e87334fd4e\",\"name\":\"leonardoparmeggiani\",\"image\":{\"@type\":\"ImageObject\",\"inLanguage\":\"de\",\"@id\":\"https:\\\/\\\/secure.gravatar.com\\\/avatar\\\/35c1e41d17eff04f4dc47409276969d2f6a1822502e0fd6396ed7c623180ec0f?s=96&d=mm&r=g\",\"url\":\"https:\\\/\\\/secure.gravatar.com\\\/avatar\\\/35c1e41d17eff04f4dc47409276969d2f6a1822502e0fd6396ed7c623180ec0f?s=96&d=mm&r=g\",\"contentUrl\":\"https:\\\/\\\/secure.gravatar.com\\\/avatar\\\/35c1e41d17eff04f4dc47409276969d2f6a1822502e0fd6396ed7c623180ec0f?s=96&d=mm&r=g\",\"caption\":\"leonardoparmeggiani\"}}]}<\/script>\n<!-- \/ Yoast SEO plugin. -->","yoast_head_json":{"title":"Dinamica Generale Nachhaltigkeitsbericht 2025. Wichtigste Erfolge","description":"Werfen Sie einen Blick in den Nachhaltigkeitsbericht 2025 von Dinamica Generale und erfahren Sie mehr \u00fcber unsere Erfolge in den Bereichen Energie, Umwelt, Mitarbeiter, Unternehmensf\u00fchrung, Cybersicherheit und Arbeitssicherheit.","robots":{"index":"index","follow":"follow","max-snippet":"max-snippet:-1","max-image-preview":"max-image-preview:large","max-video-preview":"max-video-preview:-1"},"canonical":"https:\/\/www.dinamicagenerale.com\/de\/nachhaltigkeitsbericht-2025-konkrete-massnahmen-fuer-ein-verantwortungsbewussteres-unternehmen\/","og_locale":"de_DE","og_type":"article","og_title":"Dinamica Generale Nachhaltigkeitsbericht 2025. Wichtigste Erfolge","og_description":"Werfen Sie einen Blick in den Nachhaltigkeitsbericht 2025 von Dinamica Generale und erfahren Sie mehr \u00fcber unsere Erfolge in den Bereichen Energie, Umwelt, Mitarbeiter, Unternehmensf\u00fchrung, Cybersicherheit und Arbeitssicherheit.","og_url":"https:\/\/www.dinamicagenerale.com\/de\/nachhaltigkeitsbericht-2025-konkrete-massnahmen-fuer-ein-verantwortungsbewussteres-unternehmen\/","og_site_name":"Dinamica Generale","article_published_time":"2026-08-03T07:00:00+00:00","og_image":[{"width":1024,"height":528,"url":"https:\/\/www.dinamicagenerale.com\/wp-content\/uploads\/2026\/07\/Sustainability-Report-2025.-Dinamica-Generale-Achievements-1024x528.png","type":"image\/png"}],"author":"leonardoparmeggiani","twitter_card":"summary_large_image","twitter_misc":{"Verfasst von":"leonardoparmeggiani","Gesch\u00e4tzte Lesezeit":"3\u00a0Minuten"},"schema":{"@context":"https:\/\/schema.org","@graph":[{"@type":"Article","@id":"https:\/\/www.dinamicagenerale.com\/de\/nachhaltigkeitsbericht-2025-konkrete-massnahmen-fuer-ein-verantwortungsbewussteres-unternehmen\/#article","isPartOf":{"@id":"https:\/\/www.dinamicagenerale.com\/de\/nachhaltigkeitsbericht-2025-konkrete-massnahmen-fuer-ein-verantwortungsbewussteres-unternehmen\/"},"author":{"name":"leonardoparmeggiani","@id":"https:\/\/www.dinamicagenerale.com\/de\/#\/schema\/person\/a5c006ed54fc259d80e205e87334fd4e"},"headline":"Nachhaltigkeitsbericht 2025: Konkrete Ma\u00dfnahmen f\u00fcr ein verantwortungsbewussteres Unternehmen","datePublished":"2026-08-03T07:00:00+00:00","mainEntityOfPage":{"@id":"https:\/\/www.dinamicagenerale.com\/de\/nachhaltigkeitsbericht-2025-konkrete-massnahmen-fuer-ein-verantwortungsbewussteres-unternehmen\/"},"wordCount":585,"image":{"@id":"https:\/\/www.dinamicagenerale.com\/de\/nachhaltigkeitsbericht-2025-konkrete-massnahmen-fuer-ein-verantwortungsbewussteres-unternehmen\/#primaryimage"},"thumbnailUrl":"https:\/\/www.dinamicagenerale.com\/wp-content\/uploads\/2026\/07\/Sustainability-Report-2025.-Dinamica-Generale-Achievements.png","articleSection":["Unternehmen"],"inLanguage":"de"},{"@type":"WebPage","@id":"https:\/\/www.dinamicagenerale.com\/de\/nachhaltigkeitsbericht-2025-konkrete-massnahmen-fuer-ein-verantwortungsbewussteres-unternehmen\/","url":"https:\/\/www.dinamicagenerale.com\/de\/nachhaltigkeitsbericht-2025-konkrete-massnahmen-fuer-ein-verantwortungsbewussteres-unternehmen\/","name":"Dinamica Generale Nachhaltigkeitsbericht 2025. Wichtigste Erfolge","isPartOf":{"@id":"https:\/\/www.dinamicagenerale.com\/de\/#website"},"primaryImageOfPage":{"@id":"https:\/\/www.dinamicagenerale.com\/de\/nachhaltigkeitsbericht-2025-konkrete-massnahmen-fuer-ein-verantwortungsbewussteres-unternehmen\/#primaryimage"},"image":{"@id":"https:\/\/www.dinamicagenerale.com\/de\/nachhaltigkeitsbericht-2025-konkrete-massnahmen-fuer-ein-verantwortungsbewussteres-unternehmen\/#primaryimage"},"thumbnailUrl":"https:\/\/www.dinamicagenerale.com\/wp-content\/uploads\/2026\/07\/Sustainability-Report-2025.-Dinamica-Generale-Achievements.png","datePublished":"2026-08-03T07:00:00+00:00","author":{"@id":"https:\/\/www.dinamicagenerale.com\/de\/#\/schema\/person\/a5c006ed54fc259d80e205e87334fd4e"},"description":"Werfen Sie einen Blick in den Nachhaltigkeitsbericht 2025 von Dinamica Generale und erfahren Sie mehr \u00fcber unsere Erfolge in den Bereichen Energie, Umwelt, Mitarbeiter, Unternehmensf\u00fchrung, Cybersicherheit und Arbeitssicherheit.","breadcrumb":{"@id":"https:\/\/www.dinamicagenerale.com\/de\/nachhaltigkeitsbericht-2025-konkrete-massnahmen-fuer-ein-verantwortungsbewussteres-unternehmen\/#breadcrumb"},"inLanguage":"de","potentialAction":[{"@type":"ReadAction","target":["https:\/\/www.dinamicagenerale.com\/de\/nachhaltigkeitsbericht-2025-konkrete-massnahmen-fuer-ein-verantwortungsbewussteres-unternehmen\/"]}]},{"@type":"ImageObject","inLanguage":"de","@id":"https:\/\/www.dinamicagenerale.com\/de\/nachhaltigkeitsbericht-2025-konkrete-massnahmen-fuer-ein-verantwortungsbewussteres-unternehmen\/#primaryimage","url":"https:\/\/www.dinamicagenerale.com\/wp-content\/uploads\/2026\/07\/Sustainability-Report-2025.-Dinamica-Generale-Achievements.png","contentUrl":"https:\/\/www.dinamicagenerale.com\/wp-content\/uploads\/2026\/07\/Sustainability-Report-2025.-Dinamica-Generale-Achievements.png","width":2362,"height":1217},{"@type":"BreadcrumbList","@id":"https:\/\/www.dinamicagenerale.com\/de\/nachhaltigkeitsbericht-2025-konkrete-massnahmen-fuer-ein-verantwortungsbewussteres-unternehmen\/#breadcrumb","itemListElement":[{"@type":"ListItem","position":1,"name":"Home","item":"https:\/\/www.dinamicagenerale.com\/de\/abteilungen\/"},{"@type":"ListItem","position":2,"name":"Nachhaltigkeitsbericht 2025: Konkrete Ma\u00dfnahmen f\u00fcr ein verantwortungsbewussteres Unternehmen"}]},{"@type":"WebSite","@id":"https:\/\/www.dinamicagenerale.com\/de\/#website","url":"https:\/\/www.dinamicagenerale.com\/de\/","name":"Dinamica Generale","description":"","potentialAction":[{"@type":"SearchAction","target":{"@type":"EntryPoint","urlTemplate":"https:\/\/www.dinamicagenerale.com\/de\/?s={search_term_string}"},"query-input":{"@type":"PropertyValueSpecification","valueRequired":true,"valueName":"search_term_string"}}],"inLanguage":"de"},{"@type":"Person","@id":"https:\/\/www.dinamicagenerale.com\/de\/#\/schema\/person\/a5c006ed54fc259d80e205e87334fd4e","name":"leonardoparmeggiani","image":{"@type":"ImageObject","inLanguage":"de","@id":"https:\/\/secure.gravatar.com\/avatar\/35c1e41d17eff04f4dc47409276969d2f6a1822502e0fd6396ed7c623180ec0f?s=96&d=mm&r=g","url":"https:\/\/secure.gravatar.com\/avatar\/35c1e41d17eff04f4dc47409276969d2f6a1822502e0fd6396ed7c623180ec0f?s=96&d=mm&r=g","contentUrl":"https:\/\/secure.gravatar.com\/avatar\/35c1e41d17eff04f4dc47409276969d2f6a1822502e0fd6396ed7c623180ec0f?s=96&d=mm&r=g","caption":"leonardoparmeggiani"}}]}},"_links":{"self":[{"href":"https:\/\/www.dinamicagenerale.com\/de\/wp-json\/wp\/v2\/posts\/54149","targetHints":{"allow":["GET"]}}],"collection":[{"href":"https:\/\/www.dinamicagenerale.com\/de\/wp-json\/wp\/v2\/posts"}],"about":[{"href":"https:\/\/www.dinamicagenerale.com\/de\/wp-json\/wp\/v2\/types\/post"}],"author":[{"embeddable":true,"href":"https:\/\/www.dinamicagenerale.com\/de\/wp-json\/wp\/v2\/users\/5"}],"replies":[{"embeddable":true,"href":"https:\/\/www.dinamicagenerale.com\/de\/wp-json\/wp\/v2\/comments?post=54149"}],"version-history":[{"count":1,"href":"https:\/\/www.dinamicagenerale.com\/de\/wp-json\/wp\/v2\/posts\/54149\/revisions"}],"predecessor-version":[{"id":54150,"href":"https:\/\/www.dinamicagenerale.com\/de\/wp-json\/wp\/v2\/posts\/54149\/revisions\/54150"}],"wp:featuredmedia":[{"embeddable":true,"href":"https:\/\/www.dinamicagenerale.com\/de\/wp-json\/wp\/v2\/media\/54136"}],"wp:attachment":[{"href":"https:\/\/www.dinamicagenerale.com\/de\/wp-json\/wp\/v2\/media?parent=54149"}],"wp:term":[{"taxonomy":"category","embeddable":true,"href":"https:\/\/www.dinamicagenerale.com\/de\/wp-json\/wp\/v2\/categories?post=54149"},{"taxonomy":"post_tag","embeddable":true,"href":"https:\/\/www.dinamicagenerale.com\/de\/wp-json\/wp\/v2\/tags?post=54149"}],"curies":[{"name":"wp","href":"https:\/\/api.w.org\/{rel}","templated":true}]}}