{"id":53095,"date":"2026-07-06T11:27:53","date_gmt":"2026-07-06T09:27:53","guid":{"rendered":"https:\/\/www.dinamicagenerale.com\/dinamica-generale-startet-feeding-forward-eine-neue-jaehrliche-veranstaltung-die-sich-der-zukunft-der-praezisionsfuetterung-widmet\/"},"modified":"2026-07-06T11:38:26","modified_gmt":"2026-07-06T09:38:26","slug":"dinamica-generale-startet-feeding-forward-eine-neue-jaehrliche-veranstaltung-die-sich-der-zukunft-der-praezisionsfuetterung-widmet","status":"publish","type":"post","link":"https:\/\/www.dinamicagenerale.com\/de\/dinamica-generale-startet-feeding-forward-eine-neue-jaehrliche-veranstaltung-die-sich-der-zukunft-der-praezisionsfuetterung-widmet\/","title":{"rendered":"Dinamica Generale startet \u201eFeeding Forward\u201c, eine neue j\u00e4hrliche Veranstaltung, die sich der Zukunft der Pr\u00e4zisionsf\u00fctterung widmet"},"content":{"rendered":"\n<p class=\"wp-block-paragraph\"><strong>Poggio Rusco, Italien \u2013 1. Juli 2026 \u2013<\/strong> Dinamica Generale war Gastgeber der <strong>ersten Ausgabe von \u201eFeeding Forward\u201c<\/strong>, einer neuen j\u00e4hrlichen Veranstaltung, die sich mit der Zukunft der Pr\u00e4zisionsf\u00fctterung und des modernen Milchviehmanagements befasst.<\/p>\n\n<p class=\"wp-block-paragraph\">An der Veranstaltung nahmen Milchviehhalter, Berater, Fachleute aus der Industrie und Forscher teil. Sie tauschten Erfahrungen, Managementstrategien und praktische Erkenntnisse aus Milchviehbetrieben auf der ganzen Welt aus. <\/p>\n\n<h2 class=\"wp-block-heading\">Ein neuer Raum f\u00fcr den Wissensaustausch<\/h2>\n\n<p class=\"wp-block-paragraph\">\u201eFeeding Forward\u201c ist mehr als eine herk\u00f6mmliche Konferenz; die Veranstaltung wurde als Plattform konzipiert, auf der praktische Erfahrungen, Managementstrategien und konkrete Erkenntnisse aus f\u00fchrenden Milchviehbetrieben weltweit ausgetauscht werden k\u00f6nnen. Die Initiative spiegelt das Engagement von Dinamica Generale wider, Innovationen nicht nur durch Technologie, sondern auch durch die F\u00f6rderung des Wissensaustauschs innerhalb der gesamten Milchindustrie zu unterst\u00fctzen. <\/p>\n\n<h2 class=\"wp-block-heading\">Einblicke von der High Plains Ponderosa Dairy<\/h2>\n\n<p class=\"wp-block-paragraph\">In der ersten Ausgabe war<strong> Greg Bethard<\/strong> zu Gast, CEO und gesch\u00e4ftsf\u00fchrender Gesellschafter von High Plains Ponderosa Dairy, einem der gr\u00f6\u00dften Milchviehbetriebe der Vereinigten Staaten mit mehr als <strong>40.000 Milchk\u00fchen<\/strong>. Auf der Grundlage jahrzehntelanger Erfahrung in der Leitung gro\u00dfer Milchviehbetriebe stellte Bethard seinen Ansatz zur Steigerung der Rentabilit\u00e4t vor, der auf datengest\u00fctzter Entscheidungsfindung, standardisierten Prozessen und einer starken Fokussierung auf die wirtschaftliche Leistung basiert. <\/p>\n\n<p class=\"wp-block-paragraph\">W\u00e4hrend der gesamten Veranstaltung befassten sich die Teilnehmer mit folgenden Schl\u00fcsselthemen:<\/p>\n\n<ul class=\"wp-block-list\">\n<li>Der Einfluss der Futterkosten auf die Rentabilit\u00e4t von Milchviehbetrieben<\/li>\n\n\n\n<li>Warum <strong>der Ertrag \u00fcber den Futterkosten ( <\/strong>IOFC) ein aussagekr\u00e4ftigerer Leistungsindikator ist als die Futterverwertung allein<\/li>\n\n\n\n<li>Der Wert von Daten f\u00fcr die Unterst\u00fctzung allt\u00e4glicher Managemententscheidungen<\/li>\n\n\n\n<li>Bew\u00e4hrte Verfahren f\u00fcr die Planung und Leitung gro\u00dfer Milchviehbetriebe<\/li>\n\n\n\n<li>Die Weiterentwicklung der Pr\u00e4zisionsd\u00fcngung hin zu einem umfassenderen Ansatz des Pr\u00e4zisionsmanagements<\/li>\n<\/ul>\n\n<div class=\"wp-block-columns is-layout-flex wp-container-core-columns-is-layout-8f761849 wp-block-columns-is-layout-flex\">\n<div class=\"wp-block-column is-layout-flow wp-block-column-is-layout-flow\">\n<figure class=\"wp-block-image size-large\"><img loading=\"lazy\" decoding=\"async\" width=\"1024\" height=\"689\" src=\"https:\/\/www.dinamicagenerale.com\/wp-content\/uploads\/2026\/07\/feeding-forward-1-luglio-dinamica-generale-1024x689.png\" alt=\"\" class=\"wp-image-53058\" srcset=\"https:\/\/www.dinamicagenerale.com\/wp-content\/uploads\/2026\/07\/feeding-forward-1-luglio-dinamica-generale-1024x689.png 1024w, https:\/\/www.dinamicagenerale.com\/wp-content\/uploads\/2026\/07\/feeding-forward-1-luglio-dinamica-generale-300x202.png 300w, https:\/\/www.dinamicagenerale.com\/wp-content\/uploads\/2026\/07\/feeding-forward-1-luglio-dinamica-generale-768x517.png 768w, https:\/\/www.dinamicagenerale.com\/wp-content\/uploads\/2026\/07\/feeding-forward-1-luglio-dinamica-generale-1536x1034.png 1536w, https:\/\/www.dinamicagenerale.com\/wp-content\/uploads\/2026\/07\/feeding-forward-1-luglio-dinamica-generale.png 1605w\" sizes=\"auto, (max-width: 1024px) 100vw, 1024px\" \/><\/figure>\n<\/div>\n\n\n\n<div class=\"wp-block-column is-layout-flow wp-block-column-is-layout-flow\">\n<figure class=\"wp-block-image size-large\"><img loading=\"lazy\" decoding=\"async\" width=\"1024\" height=\"689\" src=\"https:\/\/www.dinamicagenerale.com\/wp-content\/uploads\/2026\/07\/feeding-forward-1-luglio-dinamica-generale-greg-1024x689.png\" alt=\"\" class=\"wp-image-53068\" srcset=\"https:\/\/www.dinamicagenerale.com\/wp-content\/uploads\/2026\/07\/feeding-forward-1-luglio-dinamica-generale-greg-1024x689.png 1024w, https:\/\/www.dinamicagenerale.com\/wp-content\/uploads\/2026\/07\/feeding-forward-1-luglio-dinamica-generale-greg-300x202.png 300w, https:\/\/www.dinamicagenerale.com\/wp-content\/uploads\/2026\/07\/feeding-forward-1-luglio-dinamica-generale-greg-768x517.png 768w, https:\/\/www.dinamicagenerale.com\/wp-content\/uploads\/2026\/07\/feeding-forward-1-luglio-dinamica-generale-greg-1536x1034.png 1536w, https:\/\/www.dinamicagenerale.com\/wp-content\/uploads\/2026\/07\/feeding-forward-1-luglio-dinamica-generale-greg.png 1605w\" sizes=\"auto, (max-width: 1024px) 100vw, 1024px\" \/><\/figure>\n<\/div>\n<\/div>\n\n<p class=\"wp-block-paragraph\">\u00dcber die Vortr\u00e4ge hinaus bot \u201eFeeding Forward\u201c wertvolle Gelegenheiten zur Diskussion und zum Networking unter Fachleuten, die ein gemeinsames Ziel verfolgen: den Aufbau effizienterer, rentablerer und nachhaltigerer Milchviehbetriebe.<\/p>\n\n<h2 class=\"wp-block-heading\">Eine j\u00e4hrliche Veranstaltung f\u00fcr die Milchindustrie<\/h2>\n\n<p class=\"wp-block-paragraph\">Die erste Ausgabe von \u201eFeeding Forward\u201c bot zudem wertvolle Gelegenheiten zum Austausch und zur Vernetzung. Die Teilnehmer tauschten Ideen, Erfahrungen und Sichtweisen zur Zukunft der Milchwirtschaft aus. <\/p>\n\n<p class=\"wp-block-paragraph\">Dinamica Generale wird \u201eFeeding Forward\u201c zu einer j\u00e4hrlichen Veranstaltung machen. Bei jeder Ausgabe werden international anerkannte Experten zu Gast sein, die praxisnahes Wissen, Managementpraktiken und neue Perspektiven vermitteln k\u00f6nnen. <\/p>\n\n<p class=\"wp-block-paragraph\">Bei Dinamica Generale entsteht Innovation durch Technologie, Fachwissen und den Austausch von Ideen.<\/p>\n\n<p class=\"wp-block-paragraph\"><strong>Bei \u201eFeeding Forward\u201c bestimmt Wissen die Zukunft der Milchwirtschaft.<\/strong><\/p>\n\n<p class=\"wp-block-paragraph\"><a href=\"https:\/\/www.dinamicagenerale.com\/de\/maschine\/gezogener-futtermischwagen\/\" type=\"link\" id=\"https:\/\/www.dinamicagenerale.com\/machine\/trailed-feed-mixer\/\" target=\"_blank\" rel=\"noreferrer noopener\">Entdecken Sie unsere L\u00f6sungen f\u00fcr die Pr\u00e4zisionsf\u00fctterung<\/a><\/p>\n\n<p class=\"wp-block-paragraph\"><\/p>\n","protected":false},"excerpt":{"rendered":"<p>Dinamica Generale war Gastgeber der ersten Ausgabe von \u201eFeeding Forward\u201c, einer neuen j\u00e4hrlichen Veranstaltung, die sich den Themen Pr\u00e4zisionsf\u00fctterung, Rentabilit\u00e4t in der Milchviehhaltung und datengest\u00fctztes Betriebsmanagement widmet.<\/p>\n","protected":false},"author":5,"featured_media":53082,"comment_status":"closed","ping_status":"closed","sticky":false,"template":"","format":"standard","meta":{"footnotes":""},"categories":[3401,3],"tags":[],"class_list":["post-53095","post","type-post","status-publish","format-standard","has-post-thumbnail","hentry","category-on-farm-de","category-unternehmen"],"yoast_head":"<!-- This site is optimized with the Yoast SEO plugin v28.0 - https:\/\/yoast.com\/product\/yoast-seo-wordpress\/ -->\n<title>\u201eFeeding Forward\u201c: Die neue Fachveranstaltung von Dinamica Generale zum Thema Pr\u00e4zisionszuf\u00fchrung<\/title>\n<meta name=\"description\" content=\"Dinamica Generale startet \u201eFeeding Forward\u201c, eine neue j\u00e4hrliche Veranstaltung, bei der Fachleute aus der Milchwirtschaft sich mit Pr\u00e4zisionsf\u00fctterung, datengest\u00fctztem Management und der Rentabilit\u00e4t landwirtschaftlicher Betriebe auseinandersetzen.\" \/>\n<meta name=\"robots\" content=\"index, follow, max-snippet:-1, max-image-preview:large, max-video-preview:-1\" \/>\n<link rel=\"canonical\" href=\"https:\/\/www.dinamicagenerale.com\/de\/dinamica-generale-startet-feeding-forward-eine-neue-jaehrliche-veranstaltung-die-sich-der-zukunft-der-praezisionsfuetterung-widmet\/\" \/>\n<meta property=\"og:locale\" content=\"de_DE\" \/>\n<meta property=\"og:type\" content=\"article\" \/>\n<meta property=\"og:title\" content=\"\u201eFeeding Forward\u201c: Die neue Fachveranstaltung von Dinamica Generale zum Thema Pr\u00e4zisionszuf\u00fchrung\" \/>\n<meta property=\"og:description\" content=\"Dinamica Generale startet \u201eFeeding Forward\u201c, eine neue j\u00e4hrliche Veranstaltung, bei der Fachleute aus der Milchwirtschaft sich mit Pr\u00e4zisionsf\u00fctterung, datengest\u00fctztem Management und der Rentabilit\u00e4t landwirtschaftlicher Betriebe auseinandersetzen.\" \/>\n<meta property=\"og:url\" content=\"https:\/\/www.dinamicagenerale.com\/de\/dinamica-generale-startet-feeding-forward-eine-neue-jaehrliche-veranstaltung-die-sich-der-zukunft-der-praezisionsfuetterung-widmet\/\" \/>\n<meta property=\"og:site_name\" content=\"Dinamica Generale\" \/>\n<meta property=\"article:published_time\" content=\"2026-07-06T09:27:53+00:00\" \/>\n<meta property=\"article:modified_time\" content=\"2026-07-06T09:38:26+00:00\" \/>\n<meta property=\"og:image\" content=\"https:\/\/www.dinamicagenerale.com\/wp-content\/uploads\/2026\/07\/Feeding-Forward-Dinamica-Generales-New-Precision-Feeding-Event-1024x528.png\" \/>\n\t<meta property=\"og:image:width\" content=\"1024\" \/>\n\t<meta property=\"og:image:height\" content=\"528\" \/>\n\t<meta property=\"og:image:type\" content=\"image\/png\" \/>\n<meta name=\"author\" content=\"leonardoparmeggiani\" \/>\n<meta name=\"twitter:card\" content=\"summary_large_image\" \/>\n<meta name=\"twitter:label1\" content=\"Verfasst von\" \/>\n\t<meta name=\"twitter:data1\" content=\"leonardoparmeggiani\" \/>\n\t<meta name=\"twitter:label2\" content=\"Gesch\u00e4tzte Lesezeit\" \/>\n\t<meta name=\"twitter:data2\" content=\"2\u00a0Minuten\" \/>\n<script type=\"application\/ld+json\" class=\"yoast-schema-graph\">{\"@context\":\"https:\\\/\\\/schema.org\",\"@graph\":[{\"@type\":\"Article\",\"@id\":\"https:\\\/\\\/www.dinamicagenerale.com\\\/de\\\/dinamica-generale-startet-feeding-forward-eine-neue-jaehrliche-veranstaltung-die-sich-der-zukunft-der-praezisionsfuetterung-widmet\\\/#article\",\"isPartOf\":{\"@id\":\"https:\\\/\\\/www.dinamicagenerale.com\\\/de\\\/dinamica-generale-startet-feeding-forward-eine-neue-jaehrliche-veranstaltung-die-sich-der-zukunft-der-praezisionsfuetterung-widmet\\\/\"},\"author\":{\"name\":\"leonardoparmeggiani\",\"@id\":\"https:\\\/\\\/www.dinamicagenerale.com\\\/de\\\/#\\\/schema\\\/person\\\/a5c006ed54fc259d80e205e87334fd4e\"},\"headline\":\"Dinamica Generale startet \u201eFeeding Forward\u201c, eine neue j\u00e4hrliche Veranstaltung, die sich der Zukunft der Pr\u00e4zisionsf\u00fctterung widmet\",\"datePublished\":\"2026-07-06T09:27:53+00:00\",\"dateModified\":\"2026-07-06T09:38:26+00:00\",\"mainEntityOfPage\":{\"@id\":\"https:\\\/\\\/www.dinamicagenerale.com\\\/de\\\/dinamica-generale-startet-feeding-forward-eine-neue-jaehrliche-veranstaltung-die-sich-der-zukunft-der-praezisionsfuetterung-widmet\\\/\"},\"wordCount\":429,\"image\":{\"@id\":\"https:\\\/\\\/www.dinamicagenerale.com\\\/de\\\/dinamica-generale-startet-feeding-forward-eine-neue-jaehrliche-veranstaltung-die-sich-der-zukunft-der-praezisionsfuetterung-widmet\\\/#primaryimage\"},\"thumbnailUrl\":\"https:\\\/\\\/www.dinamicagenerale.com\\\/wp-content\\\/uploads\\\/2026\\\/07\\\/Feeding-Forward-Dinamica-Generales-New-Precision-Feeding-Event.png\",\"articleSection\":[\"On Farm\",\"Unternehmen\"],\"inLanguage\":\"de\"},{\"@type\":\"WebPage\",\"@id\":\"https:\\\/\\\/www.dinamicagenerale.com\\\/de\\\/dinamica-generale-startet-feeding-forward-eine-neue-jaehrliche-veranstaltung-die-sich-der-zukunft-der-praezisionsfuetterung-widmet\\\/\",\"url\":\"https:\\\/\\\/www.dinamicagenerale.com\\\/de\\\/dinamica-generale-startet-feeding-forward-eine-neue-jaehrliche-veranstaltung-die-sich-der-zukunft-der-praezisionsfuetterung-widmet\\\/\",\"name\":\"\u201eFeeding Forward\u201c: Die neue Fachveranstaltung von Dinamica Generale zum Thema Pr\u00e4zisionszuf\u00fchrung\",\"isPartOf\":{\"@id\":\"https:\\\/\\\/www.dinamicagenerale.com\\\/de\\\/#website\"},\"primaryImageOfPage\":{\"@id\":\"https:\\\/\\\/www.dinamicagenerale.com\\\/de\\\/dinamica-generale-startet-feeding-forward-eine-neue-jaehrliche-veranstaltung-die-sich-der-zukunft-der-praezisionsfuetterung-widmet\\\/#primaryimage\"},\"image\":{\"@id\":\"https:\\\/\\\/www.dinamicagenerale.com\\\/de\\\/dinamica-generale-startet-feeding-forward-eine-neue-jaehrliche-veranstaltung-die-sich-der-zukunft-der-praezisionsfuetterung-widmet\\\/#primaryimage\"},\"thumbnailUrl\":\"https:\\\/\\\/www.dinamicagenerale.com\\\/wp-content\\\/uploads\\\/2026\\\/07\\\/Feeding-Forward-Dinamica-Generales-New-Precision-Feeding-Event.png\",\"datePublished\":\"2026-07-06T09:27:53+00:00\",\"dateModified\":\"2026-07-06T09:38:26+00:00\",\"author\":{\"@id\":\"https:\\\/\\\/www.dinamicagenerale.com\\\/de\\\/#\\\/schema\\\/person\\\/a5c006ed54fc259d80e205e87334fd4e\"},\"description\":\"Dinamica Generale startet \u201eFeeding Forward\u201c, eine neue j\u00e4hrliche Veranstaltung, bei der Fachleute aus der Milchwirtschaft sich mit Pr\u00e4zisionsf\u00fctterung, datengest\u00fctztem Management und der Rentabilit\u00e4t landwirtschaftlicher Betriebe auseinandersetzen.\",\"breadcrumb\":{\"@id\":\"https:\\\/\\\/www.dinamicagenerale.com\\\/de\\\/dinamica-generale-startet-feeding-forward-eine-neue-jaehrliche-veranstaltung-die-sich-der-zukunft-der-praezisionsfuetterung-widmet\\\/#breadcrumb\"},\"inLanguage\":\"de\",\"potentialAction\":[{\"@type\":\"ReadAction\",\"target\":[\"https:\\\/\\\/www.dinamicagenerale.com\\\/de\\\/dinamica-generale-startet-feeding-forward-eine-neue-jaehrliche-veranstaltung-die-sich-der-zukunft-der-praezisionsfuetterung-widmet\\\/\"]}]},{\"@type\":\"ImageObject\",\"inLanguage\":\"de\",\"@id\":\"https:\\\/\\\/www.dinamicagenerale.com\\\/de\\\/dinamica-generale-startet-feeding-forward-eine-neue-jaehrliche-veranstaltung-die-sich-der-zukunft-der-praezisionsfuetterung-widmet\\\/#primaryimage\",\"url\":\"https:\\\/\\\/www.dinamicagenerale.com\\\/wp-content\\\/uploads\\\/2026\\\/07\\\/Feeding-Forward-Dinamica-Generales-New-Precision-Feeding-Event.png\",\"contentUrl\":\"https:\\\/\\\/www.dinamicagenerale.com\\\/wp-content\\\/uploads\\\/2026\\\/07\\\/Feeding-Forward-Dinamica-Generales-New-Precision-Feeding-Event.png\",\"width\":2362,\"height\":1217},{\"@type\":\"BreadcrumbList\",\"@id\":\"https:\\\/\\\/www.dinamicagenerale.com\\\/de\\\/dinamica-generale-startet-feeding-forward-eine-neue-jaehrliche-veranstaltung-die-sich-der-zukunft-der-praezisionsfuetterung-widmet\\\/#breadcrumb\",\"itemListElement\":[{\"@type\":\"ListItem\",\"position\":1,\"name\":\"Home\",\"item\":\"https:\\\/\\\/www.dinamicagenerale.com\\\/de\\\/abteilungen\\\/\"},{\"@type\":\"ListItem\",\"position\":2,\"name\":\"Dinamica Generale startet \u201eFeeding Forward\u201c, eine neue j\u00e4hrliche Veranstaltung, die sich der Zukunft der Pr\u00e4zisionsf\u00fctterung widmet\"}]},{\"@type\":\"WebSite\",\"@id\":\"https:\\\/\\\/www.dinamicagenerale.com\\\/de\\\/#website\",\"url\":\"https:\\\/\\\/www.dinamicagenerale.com\\\/de\\\/\",\"name\":\"Dinamica Generale\",\"description\":\"\",\"potentialAction\":[{\"@type\":\"SearchAction\",\"target\":{\"@type\":\"EntryPoint\",\"urlTemplate\":\"https:\\\/\\\/www.dinamicagenerale.com\\\/de\\\/?s={search_term_string}\"},\"query-input\":{\"@type\":\"PropertyValueSpecification\",\"valueRequired\":true,\"valueName\":\"search_term_string\"}}],\"inLanguage\":\"de\"},{\"@type\":\"Person\",\"@id\":\"https:\\\/\\\/www.dinamicagenerale.com\\\/de\\\/#\\\/schema\\\/person\\\/a5c006ed54fc259d80e205e87334fd4e\",\"name\":\"leonardoparmeggiani\",\"image\":{\"@type\":\"ImageObject\",\"inLanguage\":\"de\",\"@id\":\"https:\\\/\\\/secure.gravatar.com\\\/avatar\\\/35c1e41d17eff04f4dc47409276969d2f6a1822502e0fd6396ed7c623180ec0f?s=96&d=mm&r=g\",\"url\":\"https:\\\/\\\/secure.gravatar.com\\\/avatar\\\/35c1e41d17eff04f4dc47409276969d2f6a1822502e0fd6396ed7c623180ec0f?s=96&d=mm&r=g\",\"contentUrl\":\"https:\\\/\\\/secure.gravatar.com\\\/avatar\\\/35c1e41d17eff04f4dc47409276969d2f6a1822502e0fd6396ed7c623180ec0f?s=96&d=mm&r=g\",\"caption\":\"leonardoparmeggiani\"}}]}<\/script>\n<!-- \/ Yoast SEO plugin. -->","yoast_head_json":{"title":"\u201eFeeding Forward\u201c: Die neue Fachveranstaltung von Dinamica Generale zum Thema Pr\u00e4zisionszuf\u00fchrung","description":"Dinamica Generale startet \u201eFeeding Forward\u201c, eine neue j\u00e4hrliche Veranstaltung, bei der Fachleute aus der Milchwirtschaft sich mit Pr\u00e4zisionsf\u00fctterung, datengest\u00fctztem Management und der Rentabilit\u00e4t landwirtschaftlicher Betriebe auseinandersetzen.","robots":{"index":"index","follow":"follow","max-snippet":"max-snippet:-1","max-image-preview":"max-image-preview:large","max-video-preview":"max-video-preview:-1"},"canonical":"https:\/\/www.dinamicagenerale.com\/de\/dinamica-generale-startet-feeding-forward-eine-neue-jaehrliche-veranstaltung-die-sich-der-zukunft-der-praezisionsfuetterung-widmet\/","og_locale":"de_DE","og_type":"article","og_title":"\u201eFeeding Forward\u201c: Die neue Fachveranstaltung von Dinamica Generale zum Thema Pr\u00e4zisionszuf\u00fchrung","og_description":"Dinamica Generale startet \u201eFeeding Forward\u201c, eine neue j\u00e4hrliche Veranstaltung, bei der Fachleute aus der Milchwirtschaft sich mit Pr\u00e4zisionsf\u00fctterung, datengest\u00fctztem Management und der Rentabilit\u00e4t landwirtschaftlicher Betriebe auseinandersetzen.","og_url":"https:\/\/www.dinamicagenerale.com\/de\/dinamica-generale-startet-feeding-forward-eine-neue-jaehrliche-veranstaltung-die-sich-der-zukunft-der-praezisionsfuetterung-widmet\/","og_site_name":"Dinamica Generale","article_published_time":"2026-07-06T09:27:53+00:00","article_modified_time":"2026-07-06T09:38:26+00:00","og_image":[{"width":1024,"height":528,"url":"https:\/\/www.dinamicagenerale.com\/wp-content\/uploads\/2026\/07\/Feeding-Forward-Dinamica-Generales-New-Precision-Feeding-Event-1024x528.png","type":"image\/png"}],"author":"leonardoparmeggiani","twitter_card":"summary_large_image","twitter_misc":{"Verfasst von":"leonardoparmeggiani","Gesch\u00e4tzte Lesezeit":"2\u00a0Minuten"},"schema":{"@context":"https:\/\/schema.org","@graph":[{"@type":"Article","@id":"https:\/\/www.dinamicagenerale.com\/de\/dinamica-generale-startet-feeding-forward-eine-neue-jaehrliche-veranstaltung-die-sich-der-zukunft-der-praezisionsfuetterung-widmet\/#article","isPartOf":{"@id":"https:\/\/www.dinamicagenerale.com\/de\/dinamica-generale-startet-feeding-forward-eine-neue-jaehrliche-veranstaltung-die-sich-der-zukunft-der-praezisionsfuetterung-widmet\/"},"author":{"name":"leonardoparmeggiani","@id":"https:\/\/www.dinamicagenerale.com\/de\/#\/schema\/person\/a5c006ed54fc259d80e205e87334fd4e"},"headline":"Dinamica Generale startet \u201eFeeding Forward\u201c, eine neue j\u00e4hrliche Veranstaltung, die sich der Zukunft der Pr\u00e4zisionsf\u00fctterung widmet","datePublished":"2026-07-06T09:27:53+00:00","dateModified":"2026-07-06T09:38:26+00:00","mainEntityOfPage":{"@id":"https:\/\/www.dinamicagenerale.com\/de\/dinamica-generale-startet-feeding-forward-eine-neue-jaehrliche-veranstaltung-die-sich-der-zukunft-der-praezisionsfuetterung-widmet\/"},"wordCount":429,"image":{"@id":"https:\/\/www.dinamicagenerale.com\/de\/dinamica-generale-startet-feeding-forward-eine-neue-jaehrliche-veranstaltung-die-sich-der-zukunft-der-praezisionsfuetterung-widmet\/#primaryimage"},"thumbnailUrl":"https:\/\/www.dinamicagenerale.com\/wp-content\/uploads\/2026\/07\/Feeding-Forward-Dinamica-Generales-New-Precision-Feeding-Event.png","articleSection":["On Farm","Unternehmen"],"inLanguage":"de"},{"@type":"WebPage","@id":"https:\/\/www.dinamicagenerale.com\/de\/dinamica-generale-startet-feeding-forward-eine-neue-jaehrliche-veranstaltung-die-sich-der-zukunft-der-praezisionsfuetterung-widmet\/","url":"https:\/\/www.dinamicagenerale.com\/de\/dinamica-generale-startet-feeding-forward-eine-neue-jaehrliche-veranstaltung-die-sich-der-zukunft-der-praezisionsfuetterung-widmet\/","name":"\u201eFeeding Forward\u201c: Die neue Fachveranstaltung von Dinamica Generale zum Thema Pr\u00e4zisionszuf\u00fchrung","isPartOf":{"@id":"https:\/\/www.dinamicagenerale.com\/de\/#website"},"primaryImageOfPage":{"@id":"https:\/\/www.dinamicagenerale.com\/de\/dinamica-generale-startet-feeding-forward-eine-neue-jaehrliche-veranstaltung-die-sich-der-zukunft-der-praezisionsfuetterung-widmet\/#primaryimage"},"image":{"@id":"https:\/\/www.dinamicagenerale.com\/de\/dinamica-generale-startet-feeding-forward-eine-neue-jaehrliche-veranstaltung-die-sich-der-zukunft-der-praezisionsfuetterung-widmet\/#primaryimage"},"thumbnailUrl":"https:\/\/www.dinamicagenerale.com\/wp-content\/uploads\/2026\/07\/Feeding-Forward-Dinamica-Generales-New-Precision-Feeding-Event.png","datePublished":"2026-07-06T09:27:53+00:00","dateModified":"2026-07-06T09:38:26+00:00","author":{"@id":"https:\/\/www.dinamicagenerale.com\/de\/#\/schema\/person\/a5c006ed54fc259d80e205e87334fd4e"},"description":"Dinamica Generale startet \u201eFeeding Forward\u201c, eine neue j\u00e4hrliche Veranstaltung, bei der Fachleute aus der Milchwirtschaft sich mit Pr\u00e4zisionsf\u00fctterung, datengest\u00fctztem Management und der Rentabilit\u00e4t landwirtschaftlicher Betriebe auseinandersetzen.","breadcrumb":{"@id":"https:\/\/www.dinamicagenerale.com\/de\/dinamica-generale-startet-feeding-forward-eine-neue-jaehrliche-veranstaltung-die-sich-der-zukunft-der-praezisionsfuetterung-widmet\/#breadcrumb"},"inLanguage":"de","potentialAction":[{"@type":"ReadAction","target":["https:\/\/www.dinamicagenerale.com\/de\/dinamica-generale-startet-feeding-forward-eine-neue-jaehrliche-veranstaltung-die-sich-der-zukunft-der-praezisionsfuetterung-widmet\/"]}]},{"@type":"ImageObject","inLanguage":"de","@id":"https:\/\/www.dinamicagenerale.com\/de\/dinamica-generale-startet-feeding-forward-eine-neue-jaehrliche-veranstaltung-die-sich-der-zukunft-der-praezisionsfuetterung-widmet\/#primaryimage","url":"https:\/\/www.dinamicagenerale.com\/wp-content\/uploads\/2026\/07\/Feeding-Forward-Dinamica-Generales-New-Precision-Feeding-Event.png","contentUrl":"https:\/\/www.dinamicagenerale.com\/wp-content\/uploads\/2026\/07\/Feeding-Forward-Dinamica-Generales-New-Precision-Feeding-Event.png","width":2362,"height":1217},{"@type":"BreadcrumbList","@id":"https:\/\/www.dinamicagenerale.com\/de\/dinamica-generale-startet-feeding-forward-eine-neue-jaehrliche-veranstaltung-die-sich-der-zukunft-der-praezisionsfuetterung-widmet\/#breadcrumb","itemListElement":[{"@type":"ListItem","position":1,"name":"Home","item":"https:\/\/www.dinamicagenerale.com\/de\/abteilungen\/"},{"@type":"ListItem","position":2,"name":"Dinamica Generale startet \u201eFeeding Forward\u201c, eine neue j\u00e4hrliche Veranstaltung, die sich der Zukunft der Pr\u00e4zisionsf\u00fctterung widmet"}]},{"@type":"WebSite","@id":"https:\/\/www.dinamicagenerale.com\/de\/#website","url":"https:\/\/www.dinamicagenerale.com\/de\/","name":"Dinamica Generale","description":"","potentialAction":[{"@type":"SearchAction","target":{"@type":"EntryPoint","urlTemplate":"https:\/\/www.dinamicagenerale.com\/de\/?s={search_term_string}"},"query-input":{"@type":"PropertyValueSpecification","valueRequired":true,"valueName":"search_term_string"}}],"inLanguage":"de"},{"@type":"Person","@id":"https:\/\/www.dinamicagenerale.com\/de\/#\/schema\/person\/a5c006ed54fc259d80e205e87334fd4e","name":"leonardoparmeggiani","image":{"@type":"ImageObject","inLanguage":"de","@id":"https:\/\/secure.gravatar.com\/avatar\/35c1e41d17eff04f4dc47409276969d2f6a1822502e0fd6396ed7c623180ec0f?s=96&d=mm&r=g","url":"https:\/\/secure.gravatar.com\/avatar\/35c1e41d17eff04f4dc47409276969d2f6a1822502e0fd6396ed7c623180ec0f?s=96&d=mm&r=g","contentUrl":"https:\/\/secure.gravatar.com\/avatar\/35c1e41d17eff04f4dc47409276969d2f6a1822502e0fd6396ed7c623180ec0f?s=96&d=mm&r=g","caption":"leonardoparmeggiani"}}]}},"_links":{"self":[{"href":"https:\/\/www.dinamicagenerale.com\/de\/wp-json\/wp\/v2\/posts\/53095","targetHints":{"allow":["GET"]}}],"collection":[{"href":"https:\/\/www.dinamicagenerale.com\/de\/wp-json\/wp\/v2\/posts"}],"about":[{"href":"https:\/\/www.dinamicagenerale.com\/de\/wp-json\/wp\/v2\/types\/post"}],"author":[{"embeddable":true,"href":"https:\/\/www.dinamicagenerale.com\/de\/wp-json\/wp\/v2\/users\/5"}],"replies":[{"embeddable":true,"href":"https:\/\/www.dinamicagenerale.com\/de\/wp-json\/wp\/v2\/comments?post=53095"}],"version-history":[{"count":1,"href":"https:\/\/www.dinamicagenerale.com\/de\/wp-json\/wp\/v2\/posts\/53095\/revisions"}],"predecessor-version":[{"id":53096,"href":"https:\/\/www.dinamicagenerale.com\/de\/wp-json\/wp\/v2\/posts\/53095\/revisions\/53096"}],"wp:featuredmedia":[{"embeddable":true,"href":"https:\/\/www.dinamicagenerale.com\/de\/wp-json\/wp\/v2\/media\/53082"}],"wp:attachment":[{"href":"https:\/\/www.dinamicagenerale.com\/de\/wp-json\/wp\/v2\/media?parent=53095"}],"wp:term":[{"taxonomy":"category","embeddable":true,"href":"https:\/\/www.dinamicagenerale.com\/de\/wp-json\/wp\/v2\/categories?post=53095"},{"taxonomy":"post_tag","embeddable":true,"href":"https:\/\/www.dinamicagenerale.com\/de\/wp-json\/wp\/v2\/tags?post=53095"}],"curies":[{"name":"wp","href":"https:\/\/api.w.org\/{rel}","templated":true}]}}